{"id":1092809,"date":"2026-01-03T00:25:30","date_gmt":"2026-01-03T00:25:30","guid":{"rendered":"https:\/\/dimensionturistica.com\/es\/?p=1092809"},"modified":"2026-01-03T00:25:30","modified_gmt":"2026-01-03T00:25:30","slug":"aumento-del-brote-gripal-en-ee-uu-impulsado-por-las-vacaciones-en-familia","status":"publish","type":"post","link":"https:\/\/dimensionturistica.com\/es\/aumento-del-brote-gripal-en-ee-uu-impulsado-por-las-vacaciones-en-familia\/","title":{"rendered":"AUMENTO DEL BROTE GRIPAL EN EE.UU. IMPULSADO POR LAS VACACIONES EN FAMILIA"},"content":{"rendered":"<h3>La Temporada de Viajes y el Auge de la Gripe: \u00bfC\u00f3mo Protegerte?<\/h3>\n<p>La emoci\u00f3n de las vacaciones siempre trae consigo la promesa de nuevas aventuras y recuerdos memorables. Sin embargo, mientras planificas tu escapada, es crucial tener en cuenta que la temporada de viajes puede coincidir con un aumento de enfermedades respiratorias, especialmente la gripe. Este a\u00f1o, los expertos han observado un aumento significativo de los casos de gripe en Estados Unidos, un fen\u00f3meno que parece estar impulsado por el incremento de desplazamientos en temporada alta.<\/p>\n<h4>El Impacto del Viaje en la Salud P\u00fablica<\/h4>\n<p>Durante los per\u00edodos festivos, los aeropuertos, estaciones y hoteles se convierten en puntos de encuentro para viajeros de todas partes. Con el contacto cercano y la interacci\u00f3n entre cientos (y a veces miles) de personas de diferentes regiones, la propagaci\u00f3n de virus, particularmente el de la gripe, se convierte en una preocupaci\u00f3n real. Los expertos advierten que la combinaci\u00f3n de la aglomeraci\u00f3n de personas y el clima invernal propicia condiciones ideales para la propagaci\u00f3n del virus.<\/p>\n<h4>Medidas Preventivas en Tus Viajes<\/h4>\n<p>Afrontar el riesgo de contagio no significa que debas renunciar a tus planes de viaje. Aqu\u00ed te dejamos algunas recomendaciones que pueden ayudarte a disfrutar de tus vacaciones sin preocupaciones:<\/p>\n<ol>\n<li>\n<p><strong>Vacunaci\u00f3n Antiinfluenza<\/strong>: La vacunaci\u00f3n es la medida m\u00e1s efectiva para prevenir la gripe. Considera recibir la vacuna antes de tus viajes.<\/p>\n<\/li>\n<li>\n<p><strong>Higiene Personal<\/strong>: L\u00e1vate las manos con frecuencia con agua y jab\u00f3n. Si no tienes acceso, los geles desinfectantes son una buena alternativa.<\/p>\n<\/li>\n<li>\n<p><strong>Uso de Mascarillas<\/strong>: En lugares concurridos, el uso de mascarillas puede ayudar a reducir la transmisi\u00f3n del virus.<\/p>\n<\/li>\n<li>\n<p><strong>Evita el Contacto Cercano<\/strong>: Siempre que sea posible, mant\u00e9n una distancia prudente de personas que presenten s\u00edntomas de resfriado o gripe.<\/p>\n<\/li>\n<li>\n<p><strong>Consulta a un Profesional de la Salud<\/strong>: Si planeas viajar y tienes condiciones de salud preexistentes, consulta a tu m\u00e9dico antes de salir.<\/p>\n<\/li>\n<\/ol>\n<h4>Disfruta de Viajar Sin Estr\u00e9s<\/h4>\n<p>Hay muchas maneras de disfrutar de tus vacaciones mientras tomas precauciones. Opta por destinos que ofrezcan actividades al aire libre, donde el ambiente fresco ayude a minimizar el riesgo de contagio. Adem\u00e1s, muchos hoteles y aerol\u00edneas han implementado estrictas medidas de limpieza y desinfecci\u00f3n que pueden brindarte mayor tranquilidad.<\/p>\n<p>Finalmente, recuerda que los viajes son una forma de enriquecer tu vida, explorar nuevas culturas y crear recuerdos inolvidables. Con un poco de planificaci\u00f3n y precauci\u00f3n, puedes disfrutar de tus vacaciones y proteger tu salud al mismo tiempo. As\u00ed, podr\u00e1s volver a casa lleno de experiencias positivas, sin llevarte consigo una desagradable sorpresa. \u00a1Feliz viaje!<\/p>\n<p><em> &#8221; Fuentes www.elminnesotadehoy.com &#8221; <\/em><\/p>\n","protected":false},"excerpt":{"rendered":"<p>La Temporada de Viajes y el Auge de la Gripe: \u00bfC\u00f3mo Protegerte? La emoci\u00f3n de las vacaciones siempre trae consigo la promesa de nuevas aventuras y recuerdos memorables. Sin embargo, mientras planificas tu escapada, es crucial tener en cuenta que la temporada de viajes puede coincidir con un aumento de enfermedades respiratorias, especialmente la gripe. [&hellip;]<\/p>\n","protected":false},"author":4,"featured_media":1092810,"comment_status":"open","ping_status":"closed","sticky":false,"template":"","format":"standard","meta":{"om_disable_all_campaigns":false,"jnews-multi-image_gallery":[],"jnews_single_post":[],"jnews_primary_category":[],"jnews_social_meta":[],"footnotes":""},"categories":[39],"tags":[2899,51461,38709,1363,14522,262374,5713,1496,649,1861,545,1490],"class_list":["post-1092809","post","type-post","status-publish","format-standard","has-post-thumbnail","hentry","category-viajes","tag-contagio","tag-epidemia","tag-estacional","tag-estados-unidos","tag-gripe","tag-gripe-flu","tag-invierno","tag-prevencion","tag-salud","tag-vacaciones","tag-viajes","tag-virus"],"_links":{"self":[{"href":"https:\/\/dimensionturistica.com\/es\/wp-json\/wp\/v2\/posts\/1092809","targetHints":{"allow":["GET"]}}],"collection":[{"href":"https:\/\/dimensionturistica.com\/es\/wp-json\/wp\/v2\/posts"}],"about":[{"href":"https:\/\/dimensionturistica.com\/es\/wp-json\/wp\/v2\/types\/post"}],"author":[{"embeddable":true,"href":"https:\/\/dimensionturistica.com\/es\/wp-json\/wp\/v2\/users\/4"}],"replies":[{"embeddable":true,"href":"https:\/\/dimensionturistica.com\/es\/wp-json\/wp\/v2\/comments?post=1092809"}],"version-history":[{"count":1,"href":"https:\/\/dimensionturistica.com\/es\/wp-json\/wp\/v2\/posts\/1092809\/revisions"}],"predecessor-version":[{"id":1092811,"href":"https:\/\/dimensionturistica.com\/es\/wp-json\/wp\/v2\/posts\/1092809\/revisions\/1092811"}],"wp:featuredmedia":[{"embeddable":true,"href":"https:\/\/dimensionturistica.com\/es\/wp-json\/wp\/v2\/media\/1092810"}],"wp:attachment":[{"href":"https:\/\/dimensionturistica.com\/es\/wp-json\/wp\/v2\/media?parent=1092809"}],"wp:term":[{"taxonomy":"category","embeddable":true,"href":"https:\/\/dimensionturistica.com\/es\/wp-json\/wp\/v2\/categories?post=1092809"},{"taxonomy":"post_tag","embeddable":true,"href":"https:\/\/dimensionturistica.com\/es\/wp-json\/wp\/v2\/tags?post=1092809"}],"curies":[{"name":"wp","href":"https:\/\/api.w.org\/{rel}","templated":true}]}}