{"id":1092744,"date":"2026-01-02T21:48:43","date_gmt":"2026-01-02T21:48:43","guid":{"rendered":"https:\/\/dimensionturistica.com\/es\/?p=1092744"},"modified":"2026-01-02T21:48:43","modified_gmt":"2026-01-02T21:48:43","slug":"inicia-el-gobierno-de-morelos-la-capacitacion-a-taxistas-turisticos-para-mejorar-la-atencion-a-visitantes","status":"publish","type":"post","link":"https:\/\/dimensionturistica.com\/es\/inicia-el-gobierno-de-morelos-la-capacitacion-a-taxistas-turisticos-para-mejorar-la-atencion-a-visitantes\/","title":{"rendered":"Inicia el Gobierno de Morelos la capacitaci\u00f3n a taxistas tur\u00edsticos para mejorar la atenci\u00f3n a visitantes"},"content":{"rendered":"\n<figure class=\"wp-block-gallery has-nested-images columns-default is-cropped wp-block-gallery-1 is-layout-flex wp-block-gallery-is-layout-flex\">\n<figure class=\"wp-block-image size-large\"><img decoding=\"async\" width=\"500\" height=\"139\" data-id=\"1092745\" src=\"https:\/\/dimensionturistica.com\/es\/wp-content\/uploads\/2026\/01\/1MOR.jpg\" alt=\"\" class=\"wp-image-1092745\" srcset=\"https:\/\/dimensionturistica.com\/es\/wp-content\/uploads\/2026\/01\/1MOR.jpg 500w, https:\/\/dimensionturistica.com\/es\/wp-content\/uploads\/2026\/01\/1MOR-300x83.jpg 300w\" sizes=\"(max-width: 500px) 100vw, 500px\" \/><\/figure>\n<\/figure>\n\n\n\n<p>El Gobierno del Estado de Morelos, a trav\u00e9s de la Secretar\u00eda de Turismo y la Coordinaci\u00f3n General de Movilidad y Transporte, inicio la capacitaci\u00f3n de operadores de taxi, como parte de una estrategia para fortalecer la atenci\u00f3n al visitante y mejorar la experiencia tur\u00edstica en la entidad.<\/p>\n\n\n\n<p>El arranque de este curso fue encabezado por el secretario de Turismo, Daniel Altafi Valladares, y el coordinador general de Movilidad y Transporte, Jorge Alberto Barrera Toledo, en compa\u00f1\u00eda del Secretario Ejecutivo de la Comisi\u00f3n Estatal del Agua (Ceagua), Javier Bola\u00f1os Aguilar, en un evento que se realiz\u00f3 en la Universidad Aut\u00f3noma del Estado de Morelos (UAEM).<\/p>\n\n\n\n<figure class=\"wp-block-gallery has-nested-images columns-default is-cropped wp-block-gallery-2 is-layout-flex wp-block-gallery-is-layout-flex\">\n<figure class=\"wp-block-image size-large\"><img decoding=\"async\" width=\"500\" height=\"334\" data-id=\"1092746\" src=\"https:\/\/dimensionturistica.com\/es\/wp-content\/uploads\/2026\/01\/3MOR.jpg\" alt=\"\" class=\"wp-image-1092746\" srcset=\"https:\/\/dimensionturistica.com\/es\/wp-content\/uploads\/2026\/01\/3MOR.jpg 500w, https:\/\/dimensionturistica.com\/es\/wp-content\/uploads\/2026\/01\/3MOR-300x200.jpg 300w\" sizes=\"(max-width: 500px) 100vw, 500px\" \/><\/figure>\n<\/figure>\n\n\n\n<p>Esta primera fase contempla la participaci\u00f3n de m\u00e1s de 100 unidades de taxi de Cuernavaca, cuyos operadores reciben formaci\u00f3n en cultura tur\u00edstica, hospitalidad, orientaci\u00f3n b\u00e1sica y asistencia al visitante, con el objetivo de brindar informaci\u00f3n confiable y oportuna a quienes arriban al estado.<\/p>\n\n\n\n<p>Durante su mensaje, Altafi Valladares reconoci\u00f3 la importancia del sector transporte para el desarrollo de esta estrategia, y agradeci\u00f3 la disposici\u00f3n de las y los operadores de la capital por sumarse a este esfuerzo colectivo.<\/p>\n\n\n\n<p>Se\u00f1al\u00f3 que \u201clos taxistas son uno de los primeros puntos de contacto con quienes visitan Morelos, y su participaci\u00f3n es fundamental para proyectar una imagen de hospitalidad, confianza y orientaci\u00f3n para las y los visitantes. Este programa es posible gracias a su compromiso y a la suma de esfuerzos entre Gobierno y sector transporte\u201d.<\/p>\n\n\n\n<p>Por su parte, Jorge Alberto Barrera Toledo destac\u00f3 que mediante esta acci\u00f3n se fortalece la profesionalizaci\u00f3n del servicio de taxi y reconoce el papel de las y los conductores como actores clave en la movilidad del estado; subray\u00f3 que la coordinaci\u00f3n entre movilidad y turismo permite mejorar la atenci\u00f3n a visitantes y consolidar un servicio m\u00e1s ordenado y cercano.<\/p>\n\n\n\n<figure class=\"wp-block-gallery has-nested-images columns-default is-cropped wp-block-gallery-3 is-layout-flex wp-block-gallery-is-layout-flex\">\n<figure class=\"wp-block-image size-large\"><img decoding=\"async\" width=\"500\" height=\"334\" data-id=\"1092747\" src=\"https:\/\/dimensionturistica.com\/es\/wp-content\/uploads\/2026\/01\/6MOR.jpg\" alt=\"\" class=\"wp-image-1092747\" srcset=\"https:\/\/dimensionturistica.com\/es\/wp-content\/uploads\/2026\/01\/6MOR.jpg 500w, https:\/\/dimensionturistica.com\/es\/wp-content\/uploads\/2026\/01\/6MOR-300x200.jpg 300w\" sizes=\"(max-width: 500px) 100vw, 500px\" \/><\/figure>\n<\/figure>\n\n\n\n<p>\u201cLos taxis representan un eslab\u00f3n clave para la movilidad tur\u00edstica, al ser uno de los principales medios de traslado y de primer contacto con visitantes nacionales e internacionales. Su participaci\u00f3n resulta fundamental para orientar, informar y brindar apoyo inmediato, contribuyendo a una experiencia ordenada y cercana para quienes recorren el estado\u201d, afirm\u00f3.<\/p>\n\n\n\n<p>Como parte del evento, se llev\u00f3 a cabo el banderazo de salida a las unidades participantes, las cuales fueron identificadas con un distintivo oficial como Taxi Tur\u00edstico, lo que acredita su capacidad para otorgar informaci\u00f3n y apoyo al turista.<\/p>\n\n\n\n<figure class=\"wp-block-gallery has-nested-images columns-default is-cropped wp-block-gallery-4 is-layout-flex wp-block-gallery-is-layout-flex\">\n<figure class=\"wp-block-image size-large\"><img decoding=\"async\" width=\"500\" height=\"334\" data-id=\"1092748\" src=\"https:\/\/dimensionturistica.com\/es\/wp-content\/uploads\/2026\/01\/7MOR.jpg\" alt=\"\" class=\"wp-image-1092748\" srcset=\"https:\/\/dimensionturistica.com\/es\/wp-content\/uploads\/2026\/01\/7MOR.jpg 500w, https:\/\/dimensionturistica.com\/es\/wp-content\/uploads\/2026\/01\/7MOR-300x200.jpg 300w\" sizes=\"(max-width: 500px) 100vw, 500px\" \/><\/figure>\n<\/figure>\n\n\n\n<p>Las y los operadores mostraron su disposici\u00f3n y participaci\u00f3n activa en este programa, integr\u00e1ndose como embajadoras y embajadores del turismo en Morelos. El esquema de capacitaci\u00f3n se desarrollar\u00e1 de manera progresiva y continuar\u00e1 con m\u00e1s unidades de Cuernavaca y del municipio de Tepoztl\u00e1n, con la meta de ampliar esta estrategia a otros municipios hasta abarcar todo el estado, lo que fortalece una red de transporte capacitado y orientado al servicio tur\u00edstico.<\/p>\n\n\n\n<p>El Poder Ejecutivo reafirma que \u201cMorelos, la Primavera de M\u00e9xico\u201d, se construye con la participaci\u00f3n activa de sus comunidades y de quienes todos los d\u00edas recorren y conectan el estado.<\/p>\n","protected":false},"excerpt":{"rendered":"<p>El Gobierno del Estado de Morelos, a trav\u00e9s de la Secretar\u00eda de Turismo y la Coordinaci\u00f3n General de Movilidad y Transporte, inicio la capacitaci\u00f3n de operadores de taxi, como parte de una estrategia para fortalecer la atenci\u00f3n al visitante y mejorar la experiencia tur\u00edstica en la entidad. El arranque de este curso fue encabezado por [&hellip;]<\/p>\n","protected":false},"author":1,"featured_media":0,"comment_status":"open","ping_status":"closed","sticky":false,"template":"","format":"standard","meta":{"om_disable_all_campaigns":false,"jnews-multi-image_gallery":[],"jnews_single_post":[],"jnews_primary_category":[],"jnews_social_meta":[],"footnotes":""},"categories":[39],"tags":[],"class_list":["post-1092744","post","type-post","status-publish","format-standard","hentry","category-viajes"],"_links":{"self":[{"href":"https:\/\/dimensionturistica.com\/es\/wp-json\/wp\/v2\/posts\/1092744","targetHints":{"allow":["GET"]}}],"collection":[{"href":"https:\/\/dimensionturistica.com\/es\/wp-json\/wp\/v2\/posts"}],"about":[{"href":"https:\/\/dimensionturistica.com\/es\/wp-json\/wp\/v2\/types\/post"}],"author":[{"embeddable":true,"href":"https:\/\/dimensionturistica.com\/es\/wp-json\/wp\/v2\/users\/1"}],"replies":[{"embeddable":true,"href":"https:\/\/dimensionturistica.com\/es\/wp-json\/wp\/v2\/comments?post=1092744"}],"version-history":[{"count":1,"href":"https:\/\/dimensionturistica.com\/es\/wp-json\/wp\/v2\/posts\/1092744\/revisions"}],"predecessor-version":[{"id":1092749,"href":"https:\/\/dimensionturistica.com\/es\/wp-json\/wp\/v2\/posts\/1092744\/revisions\/1092749"}],"wp:attachment":[{"href":"https:\/\/dimensionturistica.com\/es\/wp-json\/wp\/v2\/media?parent=1092744"}],"wp:term":[{"taxonomy":"category","embeddable":true,"href":"https:\/\/dimensionturistica.com\/es\/wp-json\/wp\/v2\/categories?post=1092744"},{"taxonomy":"post_tag","embeddable":true,"href":"https:\/\/dimensionturistica.com\/es\/wp-json\/wp\/v2\/tags?post=1092744"}],"curies":[{"name":"wp","href":"https:\/\/api.w.org\/{rel}","templated":true}]}}