{"id":1092713,"date":"2026-01-02T21:07:23","date_gmt":"2026-01-02T21:07:23","guid":{"rendered":"https:\/\/dimensionturistica.com\/es\/?p=1092713"},"modified":"2026-01-02T21:07:23","modified_gmt":"2026-01-02T21:07:23","slug":"llega-el-primer-vuelo-de-la-ruta-queretaro-madrid","status":"publish","type":"post","link":"https:\/\/dimensionturistica.com\/es\/llega-el-primer-vuelo-de-la-ruta-queretaro-madrid\/","title":{"rendered":"Llega el primer vuelo de la ruta Quer\u00e9taro-Madrid"},"content":{"rendered":"\n<figure class=\"wp-block-gallery has-nested-images columns-default is-cropped wp-block-gallery-1 is-layout-flex wp-block-gallery-is-layout-flex\">\n<figure class=\"wp-block-image size-large\"><img decoding=\"async\" width=\"424\" height=\"123\" data-id=\"1092714\" src=\"https:\/\/dimensionturistica.com\/es\/wp-content\/uploads\/2026\/01\/1QUE.jpg\" alt=\"\" class=\"wp-image-1092714\" srcset=\"https:\/\/dimensionturistica.com\/es\/wp-content\/uploads\/2026\/01\/1QUE.jpg 424w, https:\/\/dimensionturistica.com\/es\/wp-content\/uploads\/2026\/01\/1QUE-300x87.jpg 300w\" sizes=\"(max-width: 424px) 100vw, 424px\" \/><\/figure>\n<\/figure>\n\n\n\n<p>El Gobernador Mauricio Kuri Gonz\u00e1lez, acompa\u00f1ado por el Embajador de Espa\u00f1a en M\u00e9xico, Juan Duarte Cuadrado, encabez\u00f3 en el Aeropuerto Intercontinental de Quer\u00e9taro (AIQ) la ceremonia para recibir el primer vuelo directo procedente de Madrid, Espa\u00f1a, operado por la aerol\u00ednea Iberojet, que marca el inicio de una nueva ruta a\u00e9rea internacional que fortalece la conectividad del estado con Europa.<\/p>\n\n\n\n<figure class=\"wp-block-gallery has-nested-images columns-default is-cropped wp-block-gallery-2 is-layout-flex wp-block-gallery-is-layout-flex\">\n<figure class=\"wp-block-image size-large\"><img decoding=\"async\" width=\"500\" height=\"333\" data-id=\"1092715\" src=\"https:\/\/dimensionturistica.com\/es\/wp-content\/uploads\/2026\/01\/11QUE.jpg\" alt=\"\" class=\"wp-image-1092715\" srcset=\"https:\/\/dimensionturistica.com\/es\/wp-content\/uploads\/2026\/01\/11QUE.jpg 500w, https:\/\/dimensionturistica.com\/es\/wp-content\/uploads\/2026\/01\/11QUE-300x200.jpg 300w\" sizes=\"(max-width: 500px) 100vw, 500px\" \/><\/figure>\n<\/figure>\n\n\n\n<p>Al hacer uso de la voz, el mandatario estatal refiri\u00f3 que la apertura de esta ruta a\u00e9rea representa un paso relevante para la consolidaci\u00f3n de Quer\u00e9taro como un destino con proyecci\u00f3n internacional, y en particular con Espa\u00f1a, pa\u00eds que record\u00f3 es el segundo socio comercial de la entidad.<\/p>\n\n\n\n<p>\u201cEn Quer\u00e9taro nunca nos ponemos un techo, en Quer\u00e9taro buscamos ser siempre los mejores; en Quer\u00e9taro no caminamos, en Quer\u00e9taro no corremos, en Quer\u00e9taro volamos, y hoy volamos hasta el otro lado del Atl\u00e1ntico\u201d, se\u00f1al\u00f3.<\/p>\n\n\n\n<figure class=\"wp-block-gallery has-nested-images columns-default is-cropped wp-block-gallery-3 is-layout-flex wp-block-gallery-is-layout-flex\">\n<figure class=\"wp-block-image size-large\"><img decoding=\"async\" width=\"500\" height=\"333\" data-id=\"1092716\" src=\"https:\/\/dimensionturistica.com\/es\/wp-content\/uploads\/2026\/01\/9QUE.jpg\" alt=\"\" class=\"wp-image-1092716\" srcset=\"https:\/\/dimensionturistica.com\/es\/wp-content\/uploads\/2026\/01\/9QUE.jpg 500w, https:\/\/dimensionturistica.com\/es\/wp-content\/uploads\/2026\/01\/9QUE-300x200.jpg 300w\" sizes=\"(max-width: 500px) 100vw, 500px\" \/><\/figure>\n<\/figure>\n\n\n\n<p>Explic\u00f3 que el vuelo Madrid\u2013Quer\u00e9taro tambi\u00e9n abre nuevas oportunidades para la regi\u00f3n del Baj\u00edo, al convertir al AIQ en una puerta de entrada internacional que conecta a distintos estados del centro del pa\u00eds con el mercado europeo, fortaleciendo la competitividad regional.<\/p>\n\n\n\n<p>Asimismo, agradeci\u00f3 la presencia del Embajador de Espa\u00f1a en M\u00e9xico y de los directivos de Iberojet, a quienes reconoci\u00f3 el apoyo e impulso para concretar este vuelo. De igual manera refiri\u00f3 que el pa\u00eds ib\u00e9rico es el segundo socio comercial de Quer\u00e9taro, adem\u00e1s de fortalecer su relaci\u00f3n a trav\u00e9s del idioma, la gastronom\u00eda y las tradiciones.<\/p>\n\n\n\n<p>Reconoci\u00f3 al exgobernador Ignacio Loyola Vera como un visionario que se atrevi\u00f3 a so\u00f1ar, al ser el promotor de la construcci\u00f3n del Aeropuerto Intercontinental de Quer\u00e9taro, puerto log\u00edstico que, gracias a su desarrollo, ha representado para la entidad un antes y un despu\u00e9s.<\/p>\n\n\n\n<figure class=\"wp-block-gallery has-nested-images columns-default is-cropped wp-block-gallery-4 is-layout-flex wp-block-gallery-is-layout-flex\">\n<figure class=\"wp-block-image size-large\"><img decoding=\"async\" width=\"500\" height=\"333\" data-id=\"1092717\" src=\"https:\/\/dimensionturistica.com\/es\/wp-content\/uploads\/2026\/01\/2QUE.jpg\" alt=\"\" class=\"wp-image-1092717\" srcset=\"https:\/\/dimensionturistica.com\/es\/wp-content\/uploads\/2026\/01\/2QUE.jpg 500w, https:\/\/dimensionturistica.com\/es\/wp-content\/uploads\/2026\/01\/2QUE-300x200.jpg 300w\" sizes=\"(max-width: 500px) 100vw, 500px\" \/><\/figure>\n<\/figure>\n\n\n\n<p>En su oportunidad, el Embajador de Espa\u00f1a en M\u00e9xico, Juan Duarte Cuadrado, resalt\u00f3 a Quer\u00e9taro como un protagonista, en un momento en el que el mundo estar\u00e1 pendiente del Mundial de Futbol que se llevar\u00e1 a cabo en M\u00e9xico, Estados Unidos y Canad\u00e1; adem\u00e1s de su participaci\u00f3n activa en la Feria Internacional de Turismo de Madrid a realizarse en el mes de enero pr\u00f3ximo, donde M\u00e9xico ser\u00e1 el pa\u00eds socio.<\/p>\n\n\n\n<figure class=\"wp-block-gallery has-nested-images columns-default is-cropped wp-block-gallery-5 is-layout-flex wp-block-gallery-is-layout-flex\">\n<figure class=\"wp-block-image size-large\"><img decoding=\"async\" width=\"500\" height=\"333\" data-id=\"1092718\" src=\"https:\/\/dimensionturistica.com\/es\/wp-content\/uploads\/2026\/01\/3QUE.jpg\" alt=\"\" class=\"wp-image-1092718\" srcset=\"https:\/\/dimensionturistica.com\/es\/wp-content\/uploads\/2026\/01\/3QUE.jpg 500w, https:\/\/dimensionturistica.com\/es\/wp-content\/uploads\/2026\/01\/3QUE-300x200.jpg 300w\" sizes=\"(max-width: 500px) 100vw, 500px\" \/><\/figure>\n<\/figure>\n\n\n\n<p>Asimismo, el Director Comercial de la aerol\u00ednea Iberojet, Mario Dom\u00ednguez V\u00e1zquez, subray\u00f3 que el inicio del vuelo Quer\u00e9taro-Madrid es el resultado coordinado de varios meses de trabajo, desde enero de este a\u00f1o, cuando comenzaron las negociaciones y acercamientos entre el Gobierno Estatal y la aerol\u00ednea.<\/p>\n\n\n\n<p>Con el inicio de operaciones de esta nueva ruta, Quer\u00e9taro ampl\u00eda su conectividad a\u00e9rea internacional y fortalece su posicionamiento como un destino estrat\u00e9gico para el turismo, los negocios y la inversi\u00f3n.<\/p>\n","protected":false},"excerpt":{"rendered":"<p>El Gobernador Mauricio Kuri Gonz\u00e1lez, acompa\u00f1ado por el Embajador de Espa\u00f1a en M\u00e9xico, Juan Duarte Cuadrado, encabez\u00f3 en el Aeropuerto Intercontinental de Quer\u00e9taro (AIQ) la ceremonia para recibir el primer vuelo directo procedente de Madrid, Espa\u00f1a, operado por la aerol\u00ednea Iberojet, que marca el inicio de una nueva ruta a\u00e9rea internacional que fortalece la conectividad [&hellip;]<\/p>\n","protected":false},"author":1,"featured_media":0,"comment_status":"open","ping_status":"closed","sticky":false,"template":"","format":"standard","meta":{"om_disable_all_campaigns":false,"jnews-multi-image_gallery":[],"jnews_single_post":[],"jnews_primary_category":[],"jnews_social_meta":[],"footnotes":""},"categories":[39],"tags":[],"class_list":["post-1092713","post","type-post","status-publish","format-standard","hentry","category-viajes"],"_links":{"self":[{"href":"https:\/\/dimensionturistica.com\/es\/wp-json\/wp\/v2\/posts\/1092713","targetHints":{"allow":["GET"]}}],"collection":[{"href":"https:\/\/dimensionturistica.com\/es\/wp-json\/wp\/v2\/posts"}],"about":[{"href":"https:\/\/dimensionturistica.com\/es\/wp-json\/wp\/v2\/types\/post"}],"author":[{"embeddable":true,"href":"https:\/\/dimensionturistica.com\/es\/wp-json\/wp\/v2\/users\/1"}],"replies":[{"embeddable":true,"href":"https:\/\/dimensionturistica.com\/es\/wp-json\/wp\/v2\/comments?post=1092713"}],"version-history":[{"count":1,"href":"https:\/\/dimensionturistica.com\/es\/wp-json\/wp\/v2\/posts\/1092713\/revisions"}],"predecessor-version":[{"id":1092720,"href":"https:\/\/dimensionturistica.com\/es\/wp-json\/wp\/v2\/posts\/1092713\/revisions\/1092720"}],"wp:attachment":[{"href":"https:\/\/dimensionturistica.com\/es\/wp-json\/wp\/v2\/media?parent=1092713"}],"wp:term":[{"taxonomy":"category","embeddable":true,"href":"https:\/\/dimensionturistica.com\/es\/wp-json\/wp\/v2\/categories?post=1092713"},{"taxonomy":"post_tag","embeddable":true,"href":"https:\/\/dimensionturistica.com\/es\/wp-json\/wp\/v2\/tags?post=1092713"}],"curies":[{"name":"wp","href":"https:\/\/api.w.org\/{rel}","templated":true}]}}