{"id":1092644,"date":"2026-01-02T19:34:51","date_gmt":"2026-01-02T19:34:51","guid":{"rendered":"https:\/\/dimensionturistica.com\/es\/?p=1092644"},"modified":"2026-01-02T19:34:51","modified_gmt":"2026-01-02T19:34:51","slug":"mexico-esta-de-moda-2026-marcara-un-ano-historico-para-el-turismo-en-el-pais","status":"publish","type":"post","link":"https:\/\/dimensionturistica.com\/es\/mexico-esta-de-moda-2026-marcara-un-ano-historico-para-el-turismo-en-el-pais\/","title":{"rendered":"M\u00e9xico est\u00e1 de moda: 2026 marcar\u00e1 un a\u00f1o hist\u00f3rico para el turismo en el pa\u00eds"},"content":{"rendered":"\n<figure class=\"wp-block-gallery has-nested-images columns-default is-cropped wp-block-gallery-1 is-layout-flex wp-block-gallery-is-layout-flex\">\n<figure class=\"wp-block-image size-large\"><img decoding=\"async\" width=\"500\" height=\"78\" data-id=\"1092495\" src=\"https:\/\/dimensionturistica.com\/es\/wp-content\/uploads\/2026\/01\/7SECTUR.jpg\" alt=\"\" class=\"wp-image-1092495\" srcset=\"https:\/\/dimensionturistica.com\/es\/wp-content\/uploads\/2026\/01\/7SECTUR.jpg 500w, https:\/\/dimensionturistica.com\/es\/wp-content\/uploads\/2026\/01\/7SECTUR-300x47.jpg 300w\" sizes=\"(max-width: 500px) 100vw, 500px\" \/><\/figure>\n<\/figure>\n\n\n\n<p>La secretaria de Turismo del Gobierno de M\u00e9xico, Josefina Rodr\u00edguez Zamora, resalt\u00f3 que, al cierre de este a\u00f1o, M\u00e9xico se prepara para vivir un 2026 sin precedentes para el turismo, con una agenda internacional robusta, eventos de alto impacto y una visi\u00f3n clara de que el turismo es un motor estrat\u00e9gico para el desarrollo, el bienestar y la Prosperidad Compartida en todo el pa\u00eds.<\/p>\n\n\n\n<figure class=\"wp-block-gallery has-nested-images columns-default is-cropped wp-block-gallery-2 is-layout-flex wp-block-gallery-is-layout-flex\">\n<figure class=\"wp-block-image size-large\"><img decoding=\"async\" width=\"500\" height=\"557\" data-id=\"1092646\" src=\"https:\/\/dimensionturistica.com\/es\/wp-content\/uploads\/2026\/01\/66MODA.jpg\" alt=\"\" class=\"wp-image-1092646\" srcset=\"https:\/\/dimensionturistica.com\/es\/wp-content\/uploads\/2026\/01\/66MODA.jpg 500w, https:\/\/dimensionturistica.com\/es\/wp-content\/uploads\/2026\/01\/66MODA-269x300.jpg 269w\" sizes=\"(max-width: 500px) 100vw, 500px\" \/><\/figure>\n<\/figure>\n\n\n\n<p>La titular de Sectur destac\u00f3 que 2026 ser\u00e1 un a\u00f1o clave para el sector, al reafirmar al turismo como uno de los principales generadores de desarrollo y bienestar para el pa\u00eds, \u30fcadem\u00e1s de consolidarse como el sector de las buenas noticias\u30fc, a trav\u00e9s de la creaci\u00f3n de empleo, el fortalecimiento de las econom\u00edas locales, la atracci\u00f3n de inversi\u00f3n y la proyecci\u00f3n internacional de la riqueza cultural, natural y creativa de M\u00e9xico.<\/p>\n\n\n\n<figure class=\"wp-block-gallery has-nested-images columns-default is-cropped wp-block-gallery-3 is-layout-flex wp-block-gallery-is-layout-flex\">\n<figure class=\"wp-block-image size-large\"><img decoding=\"async\" width=\"500\" height=\"375\" data-id=\"1092649\" src=\"https:\/\/dimensionturistica.com\/es\/wp-content\/uploads\/2026\/01\/1MODA.jpg\" alt=\"\" class=\"wp-image-1092649\" srcset=\"https:\/\/dimensionturistica.com\/es\/wp-content\/uploads\/2026\/01\/1MODA.jpg 500w, https:\/\/dimensionturistica.com\/es\/wp-content\/uploads\/2026\/01\/1MODA-300x225.jpg 300w\" sizes=\"(max-width: 500px) 100vw, 500px\" \/><\/figure>\n<\/figure>\n\n\n\n<p>\u201cSeguiremos trabajando de manera coordinada con el sector privado, los gobiernos estatales, municipales para que el turismo contin\u00fae siendo un generador de bienestar social, fortaleciendo a las comunidades, impulsando el empleo y proyectando a M\u00e9xico como uno de los destinos m\u00e1s importantes del mundo\u201d, afirm\u00f3.<\/p>\n\n\n\n<p>M\u00e9xico, Pa\u00eds Invitado en FITUR 2026<\/p>\n\n\n\n<figure class=\"wp-block-gallery has-nested-images columns-default is-cropped wp-block-gallery-4 is-layout-flex wp-block-gallery-is-layout-flex\">\n<figure class=\"wp-block-image size-large\"><img decoding=\"async\" width=\"500\" height=\"441\" data-id=\"1092650\" src=\"https:\/\/dimensionturistica.com\/es\/wp-content\/uploads\/2026\/01\/11MODA.jpg\" alt=\"\" class=\"wp-image-1092650\" srcset=\"https:\/\/dimensionturistica.com\/es\/wp-content\/uploads\/2026\/01\/11MODA.jpg 500w, https:\/\/dimensionturistica.com\/es\/wp-content\/uploads\/2026\/01\/11MODA-300x265.jpg 300w\" sizes=\"(max-width: 500px) 100vw, 500px\" \/><\/figure>\n<\/figure>\n\n\n\n<p>El a\u00f1o iniciar\u00e1 con la presencia hist\u00f3rica en la Feria Internacional de Turismo (FITUR) 2026, que celebrar\u00e1 su 46\u00aa edici\u00f3n en Madrid, Espa\u00f1a, del 21 al 25 de enero, en uno de los encuentros tur\u00edsticos m\u00e1s importantes a nivel global. En esta edici\u00f3n, M\u00e9xico participar\u00e1 como Pa\u00eds Invitado, lo que permitir\u00e1 mostrar de manera integral la grandeza cultural, gastron\u00f3mica y tur\u00edstica del pa\u00eds.<\/p>\n\n\n\n<figure class=\"wp-block-gallery has-nested-images columns-default is-cropped wp-block-gallery-5 is-layout-flex wp-block-gallery-is-layout-flex\">\n<figure class=\"wp-block-image size-large\"><img decoding=\"async\" width=\"500\" height=\"333\" data-id=\"1092651\" src=\"https:\/\/dimensionturistica.com\/es\/wp-content\/uploads\/2026\/01\/55MODA.jpg\" alt=\"\" class=\"wp-image-1092651\" srcset=\"https:\/\/dimensionturistica.com\/es\/wp-content\/uploads\/2026\/01\/55MODA.jpg 500w, https:\/\/dimensionturistica.com\/es\/wp-content\/uploads\/2026\/01\/55MODA-300x200.jpg 300w\" sizes=\"(max-width: 500px) 100vw, 500px\" \/><\/figure>\n<\/figure>\n\n\n\n<p>Por primera vez, los 32 estados de la Rep\u00fablica formar\u00e1n parte de la delegaci\u00f3n mexicana, integrada por m\u00e1s de 800 participantes, en un stand que ser\u00e1 el m\u00e1s grande de Latinoam\u00e9rica. A lo largo de la feria y durante todo el a\u00f1o, se desplegar\u00e1n activaciones culturales, art\u00edsticas y gastron\u00f3micas, resultado del trabajo coordinado entre el Gobierno de M\u00e9xico, los gobiernos estatales y la iniciativa privada.<\/p>\n\n\n\n<figure class=\"wp-block-gallery has-nested-images columns-default is-cropped wp-block-gallery-6 is-layout-flex wp-block-gallery-is-layout-flex\">\n<figure class=\"wp-block-image size-large\"><img decoding=\"async\" width=\"500\" height=\"391\" data-id=\"1092652\" src=\"https:\/\/dimensionturistica.com\/es\/wp-content\/uploads\/2026\/01\/33MODA.jpg\" alt=\"\" class=\"wp-image-1092652\" srcset=\"https:\/\/dimensionturistica.com\/es\/wp-content\/uploads\/2026\/01\/33MODA.jpg 500w, https:\/\/dimensionturistica.com\/es\/wp-content\/uploads\/2026\/01\/33MODA-300x235.jpg 300w\" sizes=\"(max-width: 500px) 100vw, 500px\" \/><\/figure>\n<\/figure>\n\n\n\n<p>La delegaci\u00f3n mexicana contar\u00e1 con la participaci\u00f3n de artistas, expresiones musicales como M\u00e9xico Canta, exhibiciones artesanales y desfiles de moda que integran textiles, joyer\u00eda y creaciones hechas en M\u00e9xico.<\/p>\n\n\n\n<p>La Copa del Mundo 2026, una oportunidad hist\u00f3rica<\/p>\n\n\n\n<figure class=\"wp-block-gallery has-nested-images columns-default is-cropped wp-block-gallery-7 is-layout-flex wp-block-gallery-is-layout-flex\">\n<figure class=\"wp-block-image size-large\"><img decoding=\"async\" width=\"500\" height=\"350\" data-id=\"1092653\" src=\"https:\/\/dimensionturistica.com\/es\/wp-content\/uploads\/2026\/01\/7MODA.jpg\" alt=\"\" class=\"wp-image-1092653\" srcset=\"https:\/\/dimensionturistica.com\/es\/wp-content\/uploads\/2026\/01\/7MODA.jpg 500w, https:\/\/dimensionturistica.com\/es\/wp-content\/uploads\/2026\/01\/7MODA-300x210.jpg 300w\" sizes=\"(max-width: 500px) 100vw, 500px\" \/><\/figure>\n<\/figure>\n\n\n\n<p>La Copa Mundial 2026 ser\u00e1 la edici\u00f3n m\u00e1s grande jam\u00e1s realizada, con 104 partidos y tres pa\u00edses anfitriones. M\u00e9xico ser\u00e1 sede de 13 encuentros, incluida la ceremonia inaugural en el Estadio Ciudad de M\u00e9xico, recinto \u00fanico en el mundo por albergar tres inauguraciones mundialistas.<\/p>\n\n\n\n<figure class=\"wp-block-gallery has-nested-images columns-default is-cropped wp-block-gallery-8 is-layout-flex wp-block-gallery-is-layout-flex\">\n<figure class=\"wp-block-image size-large\"><img decoding=\"async\" width=\"500\" height=\"281\" data-id=\"1092655\" src=\"https:\/\/dimensionturistica.com\/es\/wp-content\/uploads\/2026\/01\/2MODA.jpg\" alt=\"\" class=\"wp-image-1092655\" srcset=\"https:\/\/dimensionturistica.com\/es\/wp-content\/uploads\/2026\/01\/2MODA.jpg 500w, https:\/\/dimensionturistica.com\/es\/wp-content\/uploads\/2026\/01\/2MODA-300x169.jpg 300w\" sizes=\"(max-width: 500px) 100vw, 500px\" \/><\/figure>\n<\/figure>\n\n\n\n<p>Este evento representar\u00e1 una oportunidad hist\u00f3rica para mostrar al mundo la identidad, el talento y la riqueza tur\u00edstica de M\u00e9xico, con la llegada de m\u00e1s de 5.5 millones de visitantes adicionales, lo que permitir\u00e1 detonar nuevas inversiones, fortalecer el empleo tur\u00edstico y ampliar la proyecci\u00f3n internacional del pa\u00eds.<\/p>\n\n\n\n<p>Como parte de esta experiencia, se llevar\u00e1 a cabo el festival gastron\u00f3mico \u201cM\u00e9xico de mis Sabores\u201d, impulsado por la iniciativa privada, y se promover\u00e1n 267 rutas tur\u00edsticas, conocidas como Rutas del Aficionado \u30fca trav\u00e9s de la app oficial para vivir lo mejor de la fiesta deportiva en M\u00e9xico en 2026\u30fc, que conectan las ciudades sede con Pueblos M\u00e1gicos, zonas arqueol\u00f3gicas y experiencias tur\u00edsticas en todo el territorio nacional.<\/p>\n\n\n\n<figure class=\"wp-block-gallery has-nested-images columns-default is-cropped wp-block-gallery-9 is-layout-flex wp-block-gallery-is-layout-flex\">\n<figure class=\"wp-block-image size-large\"><img decoding=\"async\" width=\"500\" height=\"333\" data-id=\"1092656\" src=\"https:\/\/dimensionturistica.com\/es\/wp-content\/uploads\/2026\/01\/3MODA.jpg\" alt=\"\" class=\"wp-image-1092656\" srcset=\"https:\/\/dimensionturistica.com\/es\/wp-content\/uploads\/2026\/01\/3MODA.jpg 500w, https:\/\/dimensionturistica.com\/es\/wp-content\/uploads\/2026\/01\/3MODA-300x200.jpg 300w\" sizes=\"(max-width: 500px) 100vw, 500px\" \/><\/figure>\n<\/figure>\n\n\n\n<p>El Tianguis Tur\u00edstico celebra 50 a\u00f1os en Acapulco<\/p>\n\n\n\n<p>En abril de 2026, Acapulco ser\u00e1 nuevamente sede del Tianguis Tur\u00edstico, que celebrar\u00e1 su 50\u00aa edici\u00f3n del 27 al 30 de abril. El regreso del evento tur\u00edstico m\u00e1s importante de Am\u00e9rica al destino que lo vio nacer representa un hito para Acapulco y refleja el trabajo coordinado entre los distintos \u00f3rdenes de gobierno y el sector privado para impulsar su recuperaci\u00f3n econ\u00f3mica y tur\u00edstica.<\/p>\n\n\n\n<p>Esta edici\u00f3n conmemorativa reafirma la relevancia del Tianguis Tur\u00edstico como la principal plataforma de promoci\u00f3n y negocios del sector en M\u00e9xico, y una de las m\u00e1s importantes del continente.<\/p>\n\n\n\n<figure class=\"wp-block-gallery has-nested-images columns-default is-cropped wp-block-gallery-10 is-layout-flex wp-block-gallery-is-layout-flex\">\n<figure class=\"wp-block-image size-large\"><img decoding=\"async\" width=\"500\" height=\"339\" data-id=\"1092657\" src=\"https:\/\/dimensionturistica.com\/es\/wp-content\/uploads\/2026\/01\/5MODA.jpg\" alt=\"\" class=\"wp-image-1092657\" srcset=\"https:\/\/dimensionturistica.com\/es\/wp-content\/uploads\/2026\/01\/5MODA.jpg 500w, https:\/\/dimensionturistica.com\/es\/wp-content\/uploads\/2026\/01\/5MODA-300x203.jpg 300w\" sizes=\"(max-width: 500px) 100vw, 500px\" \/><\/figure>\n<\/figure>\n\n\n\n<p>M\u00e9xico, punto de encuentro del turismo de Am\u00e9rica<\/p>\n\n\n\n<p>El 2026 tambi\u00e9n marcar\u00e1 la primera edici\u00f3n de ITB Am\u00e9ricas, que se realizar\u00e1 del 10 al 12 de noviembre en Guadalajara, Jalisco. Esta feria, inspirada en el modelo de ITB Berl\u00edn y otras ediciones internacionales, adaptar\u00e1 su enfoque a los mercados m\u00e1s din\u00e1micos del continente.<\/p>\n\n\n\n<figure class=\"wp-block-gallery has-nested-images columns-default is-cropped wp-block-gallery-11 is-layout-flex wp-block-gallery-is-layout-flex\">\n<figure class=\"wp-block-image size-large\"><img decoding=\"async\" width=\"500\" height=\"333\" data-id=\"1092658\" src=\"https:\/\/dimensionturistica.com\/es\/wp-content\/uploads\/2026\/01\/6MODA.jpg\" alt=\"\" class=\"wp-image-1092658\" srcset=\"https:\/\/dimensionturistica.com\/es\/wp-content\/uploads\/2026\/01\/6MODA.jpg 500w, https:\/\/dimensionturistica.com\/es\/wp-content\/uploads\/2026\/01\/6MODA-300x200.jpg 300w\" sizes=\"(max-width: 500px) 100vw, 500px\" \/><\/figure>\n<\/figure>\n\n\n\n<p>Se prev\u00e9 la participaci\u00f3n de 35 pa\u00edses, con un 80 por ciento de expositores de la regi\u00f3n y un 20 por ciento de presencia internacional, consolidando a M\u00e9xico como un referente y punto de encuentro estrat\u00e9gico para la industria tur\u00edstica de Am\u00e9rica.Los Pueblos M\u00e1gicos, eje del turismo con bienestar<\/p>\n\n\n\n<p>El Tianguis Nacional de Pueblos M\u00e1gicos 2026 se llevar\u00e1 a cabo en Tampico, Tamaulipas, fortaleciendo la promoci\u00f3n de estos destinos que son s\u00edmbolo de identidad, historia y desarrollo local. Esta edici\u00f3n reafirma el compromiso de las comunidades con un turismo que genera bienestar y oportunidades, en l\u00ednea con la pol\u00edtica de Prosperidad Compartida.<\/p>\n\n\n\n<figure class=\"wp-block-gallery has-nested-images columns-default is-cropped wp-block-gallery-12 is-layout-flex wp-block-gallery-is-layout-flex\">\n<figure class=\"wp-block-image size-large\"><img decoding=\"async\" width=\"500\" height=\"350\" data-id=\"1092659\" src=\"https:\/\/dimensionturistica.com\/es\/wp-content\/uploads\/2026\/01\/7MODA-1.jpg\" alt=\"\" class=\"wp-image-1092659\" srcset=\"https:\/\/dimensionturistica.com\/es\/wp-content\/uploads\/2026\/01\/7MODA-1.jpg 500w, https:\/\/dimensionturistica.com\/es\/wp-content\/uploads\/2026\/01\/7MODA-1-300x210.jpg 300w\" sizes=\"(max-width: 500px) 100vw, 500px\" \/><\/figure>\n<\/figure>\n\n\n\n<p>Rodr\u00edguez Zamora reiter\u00f3 que el sector continuar\u00e1 siendo una prioridad para el desarrollo del pa\u00eds: \u201cCon esta agenda estrat\u00e9gica, M\u00e9xico cierra el a\u00f1o con rumbo claro y visi\u00f3n de futuro, confirmando que el turismo seguir\u00e1 siendo uno de los principales motores de desarrollo econ\u00f3mico y social del pa\u00eds\u201d, concluy\u00f3.<\/p>\n","protected":false},"excerpt":{"rendered":"<p>La secretaria de Turismo del Gobierno de M\u00e9xico, Josefina Rodr\u00edguez Zamora, resalt\u00f3 que, al cierre de este a\u00f1o, M\u00e9xico se prepara para vivir un 2026 sin precedentes para el turismo, con una agenda internacional robusta, eventos de alto impacto y una visi\u00f3n clara de que el turismo es un motor estrat\u00e9gico para el desarrollo, el [&hellip;]<\/p>\n","protected":false},"author":1,"featured_media":0,"comment_status":"open","ping_status":"closed","sticky":false,"template":"","format":"standard","meta":{"om_disable_all_campaigns":false,"jnews-multi-image_gallery":[],"jnews_single_post":[],"jnews_primary_category":[],"jnews_social_meta":[],"footnotes":""},"categories":[39],"tags":[],"class_list":["post-1092644","post","type-post","status-publish","format-standard","hentry","category-viajes"],"_links":{"self":[{"href":"https:\/\/dimensionturistica.com\/es\/wp-json\/wp\/v2\/posts\/1092644","targetHints":{"allow":["GET"]}}],"collection":[{"href":"https:\/\/dimensionturistica.com\/es\/wp-json\/wp\/v2\/posts"}],"about":[{"href":"https:\/\/dimensionturistica.com\/es\/wp-json\/wp\/v2\/types\/post"}],"author":[{"embeddable":true,"href":"https:\/\/dimensionturistica.com\/es\/wp-json\/wp\/v2\/users\/1"}],"replies":[{"embeddable":true,"href":"https:\/\/dimensionturistica.com\/es\/wp-json\/wp\/v2\/comments?post=1092644"}],"version-history":[{"count":1,"href":"https:\/\/dimensionturistica.com\/es\/wp-json\/wp\/v2\/posts\/1092644\/revisions"}],"predecessor-version":[{"id":1092660,"href":"https:\/\/dimensionturistica.com\/es\/wp-json\/wp\/v2\/posts\/1092644\/revisions\/1092660"}],"wp:attachment":[{"href":"https:\/\/dimensionturistica.com\/es\/wp-json\/wp\/v2\/media?parent=1092644"}],"wp:term":[{"taxonomy":"category","embeddable":true,"href":"https:\/\/dimensionturistica.com\/es\/wp-json\/wp\/v2\/categories?post=1092644"},{"taxonomy":"post_tag","embeddable":true,"href":"https:\/\/dimensionturistica.com\/es\/wp-json\/wp\/v2\/tags?post=1092644"}],"curies":[{"name":"wp","href":"https:\/\/api.w.org\/{rel}","templated":true}]}}