{"id":1092629,"date":"2026-01-02T19:01:04","date_gmt":"2026-01-02T19:01:04","guid":{"rendered":"https:\/\/dimensionturistica.com\/es\/?p=1092629"},"modified":"2026-01-02T19:01:04","modified_gmt":"2026-01-02T19:01:04","slug":"tizimin-yucatan-tradicion-cultura-y-devocion-en-la-feria-de-reyes-emblema-del-turismo-regional","status":"publish","type":"post","link":"https:\/\/dimensionturistica.com\/es\/tizimin-yucatan-tradicion-cultura-y-devocion-en-la-feria-de-reyes-emblema-del-turismo-regional\/","title":{"rendered":"Tizim\u00edn, Yucat\u00e1n: Tradici\u00f3n, cultura y devoci\u00f3n en la Feria de Reyes, emblema del turismo regional"},"content":{"rendered":"\n<figure class=\"wp-block-gallery has-nested-images columns-default is-cropped wp-block-gallery-1 is-layout-flex wp-block-gallery-is-layout-flex\">\n<figure class=\"wp-block-image size-large\"><img decoding=\"async\" width=\"474\" height=\"116\" data-id=\"1092630\" src=\"https:\/\/dimensionturistica.com\/es\/wp-content\/uploads\/2026\/01\/1TIZI.jpg\" alt=\"\" class=\"wp-image-1092630\" srcset=\"https:\/\/dimensionturistica.com\/es\/wp-content\/uploads\/2026\/01\/1TIZI.jpg 474w, https:\/\/dimensionturistica.com\/es\/wp-content\/uploads\/2026\/01\/1TIZI-300x73.jpg 300w\" sizes=\"(max-width: 474px) 100vw, 474px\" \/><\/figure>\n<\/figure>\n\n\n\n<p>&nbsp;La ciudad de Tizim\u00edn, conocida como La Ciudad de los Reyes, vuelve a ser epicentro de una de las celebraciones m\u00e1s emblem\u00e1ticas del sureste mexicano: la Feria de Reyes, una fiesta anual en honor a los Santos Reyes Melchor, Gaspar y Baltasar que combina fe, tradici\u00f3n, cultura, ganader\u00eda y entretenimiento para toda la familia.<\/p>\n\n\n\n<figure class=\"wp-block-gallery has-nested-images columns-default is-cropped wp-block-gallery-2 is-layout-flex wp-block-gallery-is-layout-flex\">\n<figure class=\"wp-block-image size-large\"><img decoding=\"async\" width=\"500\" height=\"333\" data-id=\"1092631\" src=\"https:\/\/dimensionturistica.com\/es\/wp-content\/uploads\/2026\/01\/2TIZI.jpg\" alt=\"\" class=\"wp-image-1092631\" srcset=\"https:\/\/dimensionturistica.com\/es\/wp-content\/uploads\/2026\/01\/2TIZI.jpg 500w, https:\/\/dimensionturistica.com\/es\/wp-content\/uploads\/2026\/01\/2TIZI-300x200.jpg 300w\" sizes=\"(max-width: 500px) 100vw, 500px\" \/><\/figure>\n<\/figure>\n\n\n\n<p>Fechas y celebraci\u00f3n<\/p>\n\n\n\n<p>La Feria de Reyes de Tizim\u00edn 2025\u20132026 se celebra de 28 de diciembre al 19 de enero, con su inauguraci\u00f3n oficial el 2 de enero y cierre de actividades con un concierto especial el 25 de enero.<\/p>\n\n\n\n<figure class=\"wp-block-gallery has-nested-images columns-default is-cropped wp-block-gallery-3 is-layout-flex wp-block-gallery-is-layout-flex\">\n<figure class=\"wp-block-image size-large\"><img decoding=\"async\" width=\"500\" height=\"281\" data-id=\"1092632\" src=\"https:\/\/dimensionturistica.com\/es\/wp-content\/uploads\/2026\/01\/5TIZI.jpg\" alt=\"\" class=\"wp-image-1092632\" srcset=\"https:\/\/dimensionturistica.com\/es\/wp-content\/uploads\/2026\/01\/5TIZI.jpg 500w, https:\/\/dimensionturistica.com\/es\/wp-content\/uploads\/2026\/01\/5TIZI-300x169.jpg 300w\" sizes=\"(max-width: 500px) 100vw, 500px\" \/><figcaption class=\"wp-element-caption\">default<\/figcaption><\/figure>\n<\/figure>\n\n\n\n<p>El 28 de diciembre inicia con la bajada de las im\u00e1genes de los Santos Reyes desde sus nichos para veneraci\u00f3n religiosa, seguida por misas y ceremonias diarias que atraen a fieles locales y visitantes.<\/p>\n\n\n\n<p>El punto m\u00e1s significativo es el 6 de enero, D\u00eda de Reyes o Epifan\u00eda, cuando familias y peregrinos llenan la parroquia de los Santos Reyes para rendir homenaje con fe y devoci\u00f3n.<\/p>\n\n\n\n<figure class=\"wp-block-gallery has-nested-images columns-default is-cropped wp-block-gallery-4 is-layout-flex wp-block-gallery-is-layout-flex\">\n<figure class=\"wp-block-image size-large\"><img decoding=\"async\" width=\"500\" height=\"281\" data-id=\"1092633\" src=\"https:\/\/dimensionturistica.com\/es\/wp-content\/uploads\/2026\/01\/7TIZI.jpg\" alt=\"\" class=\"wp-image-1092633\" srcset=\"https:\/\/dimensionturistica.com\/es\/wp-content\/uploads\/2026\/01\/7TIZI.jpg 500w, https:\/\/dimensionturistica.com\/es\/wp-content\/uploads\/2026\/01\/7TIZI-300x169.jpg 300w\" sizes=\"(max-width: 500px) 100vw, 500px\" \/><figcaption class=\"wp-element-caption\">default<\/figcaption><\/figure>\n<\/figure>\n\n\n\n<p>&nbsp;Expo Feria: un escaparate de identidad y entretenimiento<\/p>\n\n\n\n<p>La feria cruza fronteras entre lo religioso y lo social. Su programaci\u00f3n incluye:<\/p>\n\n\n\n<p>Eventos art\u00edsticos y culturales, con conciertos gratuitos y presentaciones de artistas regionales y nacionales.<\/p>\n\n\n\n<p>La tradicional vaquer\u00eda y coronaci\u00f3n de la reina de la feria, celebraciones populares llenas de m\u00fasica y bailes.<\/p>\n\n\n\n<p>Corridas de toros, charlotadas y espect\u00e1culos ecuestres en la plaza de toros.<\/p>\n\n\n\n<figure class=\"wp-block-gallery has-nested-images columns-default is-cropped wp-block-gallery-5 is-layout-flex wp-block-gallery-is-layout-flex\">\n<figure class=\"wp-block-image size-large\"><img decoding=\"async\" width=\"500\" height=\"281\" data-id=\"1092634\" src=\"https:\/\/dimensionturistica.com\/es\/wp-content\/uploads\/2026\/01\/8TIZI.jpg\" alt=\"\" class=\"wp-image-1092634\" srcset=\"https:\/\/dimensionturistica.com\/es\/wp-content\/uploads\/2026\/01\/8TIZI.jpg 500w, https:\/\/dimensionturistica.com\/es\/wp-content\/uploads\/2026\/01\/8TIZI-300x169.jpg 300w\" sizes=\"(max-width: 500px) 100vw, 500px\" \/><figcaption class=\"wp-element-caption\">default<\/figcaption><\/figure>\n<\/figure>\n\n\n\n<p>Exposiciones ganaderas, artesanales y comerciales, que reflejan el fuerte arraigo agropecuario de la regi\u00f3n.<\/p>\n\n\n\n<p>Tradici\u00f3n que va m\u00e1s all\u00e1 de lo festivo<\/p>\n\n\n\n<p>La Feria de Reyes de Tizim\u00edn no solo es una fiesta popular; es una celebraci\u00f3n con m\u00e1s de 400 a\u00f1os de historia, considerada la feria m\u00e1s antigua y una de la<\/p>\n\n\n\n<p>de mayor importancia en el sureste mexicano, as\u00ed como la segunda feria m\u00e1s relevante de Yucat\u00e1n, despu\u00e9s de la Feria Yucat\u00e1n en Xmatkuil, atrayendo a m\u00e1s de un mill\u00f3n de visitantes en ediciones recientes.<\/p>\n\n\n\n<p>Dato curioso y \u00fanico en el mundo<\/p>\n\n\n\n<figure class=\"wp-block-gallery has-nested-images columns-default is-cropped wp-block-gallery-6 is-layout-flex wp-block-gallery-is-layout-flex\">\n<figure class=\"wp-block-image size-large\"><img decoding=\"async\" width=\"500\" height=\"333\" data-id=\"1092635\" src=\"https:\/\/dimensionturistica.com\/es\/wp-content\/uploads\/2026\/01\/22TIZI.jpg\" alt=\"\" class=\"wp-image-1092635\" srcset=\"https:\/\/dimensionturistica.com\/es\/wp-content\/uploads\/2026\/01\/22TIZI.jpg 500w, https:\/\/dimensionturistica.com\/es\/wp-content\/uploads\/2026\/01\/22TIZI-300x200.jpg 300w\" sizes=\"(max-width: 500px) 100vw, 500px\" \/><\/figure>\n<\/figure>\n\n\n\n<p>Un dato fascinante: Tizim\u00edn alberga uno de los santuarios m\u00e1s importantes de los Santos Reyes en el mundo, motivo por el cual miles de peregrinos visitan el municipio cada 6 de enero para venerar a estas figuras tradicionales, lo que posiciona a Tizim\u00edn como un destino clave dentro del turismo religioso en M\u00e9xico.<\/p>\n\n\n\n<p>&nbsp;Hospitalidad, cultura y comunidad<\/p>\n\n\n\n<figure class=\"wp-block-gallery has-nested-images columns-default is-cropped wp-block-gallery-7 is-layout-flex wp-block-gallery-is-layout-flex\">\n<figure class=\"wp-block-image size-large\"><img decoding=\"async\" width=\"500\" height=\"333\" data-id=\"1092636\" src=\"https:\/\/dimensionturistica.com\/es\/wp-content\/uploads\/2026\/01\/33TIZI.jpg\" alt=\"\" class=\"wp-image-1092636\" srcset=\"https:\/\/dimensionturistica.com\/es\/wp-content\/uploads\/2026\/01\/33TIZI.jpg 500w, https:\/\/dimensionturistica.com\/es\/wp-content\/uploads\/2026\/01\/33TIZI-300x200.jpg 300w\" sizes=\"(max-width: 500px) 100vw, 500px\" \/><\/figure>\n<\/figure>\n\n\n\n<p>La ciudad se engalana durante la feria con jaranas, danzas folcl\u00f3ricas, gastronom\u00eda local y la participaci\u00f3n de comunidades rurales, que muestran con orgullo sus trajes tradicionales, m\u00fasica, sabores y expresiones art\u00edsticas. Tizim\u00edn se consolida, as\u00ed como un destino integral para visitantes nacionales e internacionales, ofreciendo una experiencia cargada de significado hist\u00f3rico, tradici\u00f3n religiosa, cultura viva y entretenimiento familiar.<\/p>\n","protected":false},"excerpt":{"rendered":"<p>&nbsp;La ciudad de Tizim\u00edn, conocida como La Ciudad de los Reyes, vuelve a ser epicentro de una de las celebraciones m\u00e1s emblem\u00e1ticas del sureste mexicano: la Feria de Reyes, una fiesta anual en honor a los Santos Reyes Melchor, Gaspar y Baltasar que combina fe, tradici\u00f3n, cultura, ganader\u00eda y entretenimiento para toda la familia. Fechas [&hellip;]<\/p>\n","protected":false},"author":1,"featured_media":0,"comment_status":"open","ping_status":"closed","sticky":false,"template":"","format":"standard","meta":{"om_disable_all_campaigns":false,"jnews-multi-image_gallery":[],"jnews_single_post":[],"jnews_primary_category":[],"jnews_social_meta":[],"footnotes":""},"categories":[39],"tags":[],"class_list":["post-1092629","post","type-post","status-publish","format-standard","hentry","category-viajes"],"_links":{"self":[{"href":"https:\/\/dimensionturistica.com\/es\/wp-json\/wp\/v2\/posts\/1092629","targetHints":{"allow":["GET"]}}],"collection":[{"href":"https:\/\/dimensionturistica.com\/es\/wp-json\/wp\/v2\/posts"}],"about":[{"href":"https:\/\/dimensionturistica.com\/es\/wp-json\/wp\/v2\/types\/post"}],"author":[{"embeddable":true,"href":"https:\/\/dimensionturistica.com\/es\/wp-json\/wp\/v2\/users\/1"}],"replies":[{"embeddable":true,"href":"https:\/\/dimensionturistica.com\/es\/wp-json\/wp\/v2\/comments?post=1092629"}],"version-history":[{"count":1,"href":"https:\/\/dimensionturistica.com\/es\/wp-json\/wp\/v2\/posts\/1092629\/revisions"}],"predecessor-version":[{"id":1092637,"href":"https:\/\/dimensionturistica.com\/es\/wp-json\/wp\/v2\/posts\/1092629\/revisions\/1092637"}],"wp:attachment":[{"href":"https:\/\/dimensionturistica.com\/es\/wp-json\/wp\/v2\/media?parent=1092629"}],"wp:term":[{"taxonomy":"category","embeddable":true,"href":"https:\/\/dimensionturistica.com\/es\/wp-json\/wp\/v2\/categories?post=1092629"},{"taxonomy":"post_tag","embeddable":true,"href":"https:\/\/dimensionturistica.com\/es\/wp-json\/wp\/v2\/tags?post=1092629"}],"curies":[{"name":"wp","href":"https:\/\/api.w.org\/{rel}","templated":true}]}}