{"id":1092561,"date":"2026-01-02T17:33:22","date_gmt":"2026-01-02T17:33:22","guid":{"rendered":"https:\/\/dimensionturistica.com\/es\/?p=1092561"},"modified":"2026-01-02T17:33:22","modified_gmt":"2026-01-02T17:33:22","slug":"sectur-avanza-en-la-organizacion-del-tianguis-turistico-mexico-2026","status":"publish","type":"post","link":"https:\/\/dimensionturistica.com\/es\/sectur-avanza-en-la-organizacion-del-tianguis-turistico-mexico-2026\/","title":{"rendered":"Sectur avanza en la organizaci\u00f3n del Tianguis Tur\u00edstico M\u00e9xico 2026"},"content":{"rendered":"\n<p><\/p>\n\n\n\n<figure class=\"wp-block-gallery has-nested-images columns-default is-cropped wp-block-gallery-1 is-layout-flex wp-block-gallery-is-layout-flex\">\n<figure class=\"wp-block-image size-large\"><img decoding=\"async\" width=\"500\" height=\"78\" data-id=\"1092495\" src=\"https:\/\/dimensionturistica.com\/es\/wp-content\/uploads\/2026\/01\/7SECTUR.jpg\" alt=\"\" class=\"wp-image-1092495\" srcset=\"https:\/\/dimensionturistica.com\/es\/wp-content\/uploads\/2026\/01\/7SECTUR.jpg 500w, https:\/\/dimensionturistica.com\/es\/wp-content\/uploads\/2026\/01\/7SECTUR-300x47.jpg 300w\" sizes=\"(max-width: 500px) 100vw, 500px\" \/><\/figure>\n<\/figure>\n\n\n\n<p>La secretaria de Turismo del Gobierno de M\u00e9xico, Josefina Rodr\u00edguez Zamora, realiz\u00f3 una gira de trabajo en Acapulco para dar seguimiento a los preparativos del Tianguis Tur\u00edstico M\u00e9xico 2026, que se llevar\u00e1 a cabo del 27 al 30 de abril de 2026 para celebrar los 50 a\u00f1os del evento m\u00e1s relevante del sector tur\u00edstico del pa\u00eds.<\/p>\n\n\n\n<figure class=\"wp-block-gallery has-nested-images columns-default is-cropped wp-block-gallery-2 is-layout-flex wp-block-gallery-is-layout-flex\">\n<figure class=\"wp-block-image size-large\"><img decoding=\"async\" width=\"500\" height=\"628\" data-id=\"1092562\" src=\"https:\/\/dimensionturistica.com\/es\/wp-content\/uploads\/2026\/01\/9TT.jpg\" alt=\"\" class=\"wp-image-1092562\" srcset=\"https:\/\/dimensionturistica.com\/es\/wp-content\/uploads\/2026\/01\/9TT.jpg 500w, https:\/\/dimensionturistica.com\/es\/wp-content\/uploads\/2026\/01\/9TT-239x300.jpg 239w\" sizes=\"(max-width: 500px) 100vw, 500px\" \/><\/figure>\n<\/figure>\n\n\n\n<p>Como parte de esta gira de trabajo sostuvo una reuni\u00f3n de planeaci\u00f3n y seguimiento con su hom\u00f3logo en el estado, Sim\u00f3n Qui\u00f1ones Orozco, donde la titular de la Secretar\u00eda de Turismo (Sectur) destac\u00f3 que los trabajos avanzan de manera positiva y coordinada.<\/p>\n\n\n\n<p>\u201cHoy confirmamos que el Tianguis Tur\u00edstico M\u00e9xico 2026 avanza bien, con una agenda s\u00f3lida y con una coordinaci\u00f3n cada vez m\u00e1s afinada entre los estados, el sector privado y los equipos de trabajo\u201d, subray\u00f3.<\/p>\n\n\n\n<figure class=\"wp-block-gallery has-nested-images columns-default is-cropped wp-block-gallery-3 is-layout-flex wp-block-gallery-is-layout-flex\">\n<figure class=\"wp-block-image size-large\"><img decoding=\"async\" width=\"500\" height=\"333\" data-id=\"1092563\" src=\"https:\/\/dimensionturistica.com\/es\/wp-content\/uploads\/2026\/01\/1TT.jpg\" alt=\"\" class=\"wp-image-1092563\" srcset=\"https:\/\/dimensionturistica.com\/es\/wp-content\/uploads\/2026\/01\/1TT.jpg 500w, https:\/\/dimensionturistica.com\/es\/wp-content\/uploads\/2026\/01\/1TT-300x200.jpg 300w\" sizes=\"(max-width: 500px) 100vw, 500px\" \/><\/figure>\n<\/figure>\n\n\n\n<p>Reiter\u00f3 su agradecimiento al Gobierno del Estado de Guerrero por el respaldo y la apertura para trabajar desde ahora en la organizaci\u00f3n del pr\u00f3ximo Tianguis, al se\u00f1alar que esta continuidad brinda certeza y permite una mejor planeaci\u00f3n.<\/p>\n\n\n\n<p>Asimismo, enfatiz\u00f3 que se cuenta ya con una hoja de ruta clara y con el compromiso de seguir trabajando de manera conjunta para fortalecer al Tianguis Tur\u00edstico como el gran punto de encuentro del turismo en M\u00e9xico.<\/p>\n\n\n\n<p>\u201cLa idea de esta visita es poner sobre la mesa avances, retos y lo que sigue, con total claridad. El Tianguis se construye con planeaci\u00f3n, pero tambi\u00e9n con coordinaci\u00f3n diaria, y este espacio nos permite justamente alinear criterios\u201d, manifest\u00f3.<\/p>\n\n\n\n<figure class=\"wp-block-gallery has-nested-images columns-default is-cropped wp-block-gallery-4 is-layout-flex wp-block-gallery-is-layout-flex\">\n<figure class=\"wp-block-image size-large\"><img decoding=\"async\" width=\"500\" height=\"333\" data-id=\"1092564\" src=\"https:\/\/dimensionturistica.com\/es\/wp-content\/uploads\/2026\/01\/3TT.jpg\" alt=\"\" class=\"wp-image-1092564\" srcset=\"https:\/\/dimensionturistica.com\/es\/wp-content\/uploads\/2026\/01\/3TT.jpg 500w, https:\/\/dimensionturistica.com\/es\/wp-content\/uploads\/2026\/01\/3TT-300x200.jpg 300w\" sizes=\"(max-width: 500px) 100vw, 500px\" \/><\/figure>\n<\/figure>\n\n\n\n<p>En su oportunidad el secretario de Turismo de Guerrero, Sim\u00f3n Qui\u00f1ones Orozco, asever\u00f3 que desde la administraci\u00f3n encabezada por la gobernadora Evelyn Salgado Pineda, asumen este reto con determinaci\u00f3n y visi\u00f3n estrat\u00e9gica para consolidar una edici\u00f3n sin precedentes, sustentada en propuestas innovadoras que contribuyan al fortalecimiento del turismo en cada uno de los estados.<\/p>\n\n\n\n<p>\u201cAgradecemos al Gobierno de M\u00e9xico por su gran apoyo y disposici\u00f3n para trabajar de manera coordinada, a fin de que este esfuerzo conjunto se traduzca en resultados tangibles para el sector tur\u00edstico\u201d, declar\u00f3.<\/p>\n\n\n\n<figure class=\"wp-block-gallery has-nested-images columns-default is-cropped wp-block-gallery-5 is-layout-flex wp-block-gallery-is-layout-flex\">\n<figure class=\"wp-block-image size-large\"><img decoding=\"async\" width=\"510\" height=\"340\" data-id=\"1092565\" src=\"https:\/\/dimensionturistica.com\/es\/wp-content\/uploads\/2026\/01\/6TT.jpg\" alt=\"\" class=\"wp-image-1092565\" srcset=\"https:\/\/dimensionturistica.com\/es\/wp-content\/uploads\/2026\/01\/6TT.jpg 510w, https:\/\/dimensionturistica.com\/es\/wp-content\/uploads\/2026\/01\/6TT-300x200.jpg 300w\" sizes=\"(max-width: 510px) 100vw, 510px\" \/><\/figure>\n<\/figure>\n\n\n\n<p>Como parte de su gira de trabajo tambi\u00e9n realiz\u00f3 un recorrido por Expo Mundo Imperial, el Hotel Princess Mundo Imperial y la Arena GNP, con el objetivo de supervisar la infraestructura y los espacios que formar\u00e1n parte de la organizaci\u00f3n y desarrollo del Tianguis Tur\u00edstico, verificando las condiciones y capacidades para albergar a compradores, expositores y visitantes nacionales e internacionales.<\/p>\n\n\n\n<p>Rodr\u00edguez Zamora destac\u00f3 que Acapulco est\u00e1 m\u00e1s vivo que nunca y que, de acuerdo con la Secretar\u00eda de Turismo del estado de Guerrero, el puerto cerr\u00f3 el \u00faltimo fin de semana del a\u00f1o con una ocupaci\u00f3n hotelera del 86.9 por ciento, reflejo de la confianza de las y los visitantes y del trabajo coordinado para la recuperaci\u00f3n y fortalecimiento del destino.<\/p>\n\n\n\n<figure class=\"wp-block-gallery has-nested-images columns-default is-cropped wp-block-gallery-6 is-layout-flex wp-block-gallery-is-layout-flex\">\n<figure class=\"wp-block-image size-large\"><img decoding=\"async\" width=\"500\" height=\"333\" data-id=\"1092566\" src=\"https:\/\/dimensionturistica.com\/es\/wp-content\/uploads\/2026\/01\/2TT.jpg\" alt=\"\" class=\"wp-image-1092566\" srcset=\"https:\/\/dimensionturistica.com\/es\/wp-content\/uploads\/2026\/01\/2TT.jpg 500w, https:\/\/dimensionturistica.com\/es\/wp-content\/uploads\/2026\/01\/2TT-300x200.jpg 300w\" sizes=\"(max-width: 500px) 100vw, 500px\" \/><\/figure>\n<\/figure>\n\n\n\n<p>\u201cNos vamos con una hoja de ruta clara y con el compromiso de seguir trabajando de manera coordinada. El reto es grande, pero tambi\u00e9n lo es la oportunidad de seguir posicionando al Tianguis Tur\u00edstico como el gran punto de encuentro del turismo en M\u00e9xico\u201d, concluy\u00f3<\/p>\n\n\n\n<p>En este contexto, la secretaria de Turismo reiter\u00f3 la invitaci\u00f3n de la Presidenta de M\u00e9xico, Claudia Sheinbaum Pardo, para visitar el puerto de Acapulco, quien expres\u00f3: \u201cMiren qu\u00e9 bien est\u00e1 Acapulco, visiten este bello puerto del Pac\u00edfico mexicano. Acapulco est\u00e1 de pie gracias a su gente maravillosa\u201d.<\/p>\n\n\n\n<figure class=\"wp-block-gallery has-nested-images columns-default is-cropped wp-block-gallery-7 is-layout-flex wp-block-gallery-is-layout-flex\">\n<figure class=\"wp-block-image size-large\"><img decoding=\"async\" width=\"500\" height=\"333\" data-id=\"1092567\" src=\"https:\/\/dimensionturistica.com\/es\/wp-content\/uploads\/2026\/01\/7TT.jpg\" alt=\"\" class=\"wp-image-1092567\" srcset=\"https:\/\/dimensionturistica.com\/es\/wp-content\/uploads\/2026\/01\/7TT.jpg 500w, https:\/\/dimensionturistica.com\/es\/wp-content\/uploads\/2026\/01\/7TT-300x200.jpg 300w\" sizes=\"(max-width: 500px) 100vw, 500px\" \/><\/figure>\n<\/figure>\n\n\n\n<p>De igual forma, la secretaria de Turismo invit\u00f3 a las y los turistas a visitar Guerrero durante este fin de a\u00f1o y disfrutar de la Gala de Fin de A\u00f1o, que se llevar\u00e1 a cabo en los destinos de Acapulco, Zihuatanejo y Taxco, as\u00ed como en diversos municipios de las regiones Costa Grande, Costa Chica, Monta\u00f1a y Norte, donde se ofrecer\u00e1 una amplia agenda de actividades culturales, art\u00edsticas y tur\u00edsticas.<\/p>\n","protected":false},"excerpt":{"rendered":"<p>La secretaria de Turismo del Gobierno de M\u00e9xico, Josefina Rodr\u00edguez Zamora, realiz\u00f3 una gira de trabajo en Acapulco para dar seguimiento a los preparativos del Tianguis Tur\u00edstico M\u00e9xico 2026, que se llevar\u00e1 a cabo del 27 al 30 de abril de 2026 para celebrar los 50 a\u00f1os del evento m\u00e1s relevante del sector tur\u00edstico del [&hellip;]<\/p>\n","protected":false},"author":1,"featured_media":0,"comment_status":"open","ping_status":"closed","sticky":false,"template":"","format":"standard","meta":{"om_disable_all_campaigns":false,"jnews-multi-image_gallery":[],"jnews_single_post":[],"jnews_primary_category":[],"jnews_social_meta":[],"footnotes":""},"categories":[39],"tags":[],"class_list":["post-1092561","post","type-post","status-publish","format-standard","hentry","category-viajes"],"_links":{"self":[{"href":"https:\/\/dimensionturistica.com\/es\/wp-json\/wp\/v2\/posts\/1092561","targetHints":{"allow":["GET"]}}],"collection":[{"href":"https:\/\/dimensionturistica.com\/es\/wp-json\/wp\/v2\/posts"}],"about":[{"href":"https:\/\/dimensionturistica.com\/es\/wp-json\/wp\/v2\/types\/post"}],"author":[{"embeddable":true,"href":"https:\/\/dimensionturistica.com\/es\/wp-json\/wp\/v2\/users\/1"}],"replies":[{"embeddable":true,"href":"https:\/\/dimensionturistica.com\/es\/wp-json\/wp\/v2\/comments?post=1092561"}],"version-history":[{"count":1,"href":"https:\/\/dimensionturistica.com\/es\/wp-json\/wp\/v2\/posts\/1092561\/revisions"}],"predecessor-version":[{"id":1092569,"href":"https:\/\/dimensionturistica.com\/es\/wp-json\/wp\/v2\/posts\/1092561\/revisions\/1092569"}],"wp:attachment":[{"href":"https:\/\/dimensionturistica.com\/es\/wp-json\/wp\/v2\/media?parent=1092561"}],"wp:term":[{"taxonomy":"category","embeddable":true,"href":"https:\/\/dimensionturistica.com\/es\/wp-json\/wp\/v2\/categories?post=1092561"},{"taxonomy":"post_tag","embeddable":true,"href":"https:\/\/dimensionturistica.com\/es\/wp-json\/wp\/v2\/tags?post=1092561"}],"curies":[{"name":"wp","href":"https:\/\/api.w.org\/{rel}","templated":true}]}}