{"id":1092538,"date":"2026-01-02T17:04:42","date_gmt":"2026-01-02T17:04:42","guid":{"rendered":"https:\/\/dimensionturistica.com\/es\/?p=1092538"},"modified":"2026-01-02T17:04:42","modified_gmt":"2026-01-02T17:04:42","slug":"en-el-corazon-de-la-sierra-madre-se-oculta-uno-de-los-secretos-mejor-guardados-del-destino-el-santuario-de-las-guacamayas","status":"publish","type":"post","link":"https:\/\/dimensionturistica.com\/es\/en-el-corazon-de-la-sierra-madre-se-oculta-uno-de-los-secretos-mejor-guardados-del-destino-el-santuario-de-las-guacamayas\/","title":{"rendered":"En el coraz\u00f3n de la Sierra Madre se oculta uno de los secretos mejor guardados del destino: el Santuario de las Guacamayas."},"content":{"rendered":"\n<figure class=\"wp-block-gallery has-nested-images columns-default is-cropped wp-block-gallery-1 is-layout-flex wp-block-gallery-is-layout-flex\">\n<figure class=\"wp-block-image size-large\"><img decoding=\"async\" width=\"500\" height=\"343\" data-id=\"1092539\" src=\"https:\/\/dimensionturistica.com\/es\/wp-content\/uploads\/2026\/01\/1VALLA.jpg\" alt=\"\" class=\"wp-image-1092539\" srcset=\"https:\/\/dimensionturistica.com\/es\/wp-content\/uploads\/2026\/01\/1VALLA.jpg 500w, https:\/\/dimensionturistica.com\/es\/wp-content\/uploads\/2026\/01\/1VALLA-300x206.jpg 300w\" sizes=\"(max-width: 500px) 100vw, 500px\" \/><\/figure>\n<\/figure>\n\n\n\n<p>Para hablar del Santuario de las Guacamayas, primero hay que contar la historia de Francisco Espino Ibarra. Cuando era ni\u00f1o, Francisco fue por primera vez al lugar donde hoy se encuentra el santuario, pero en aqu\u00e9l entonces era todo lo opuesto. Aquella zona del ejido de Las Juntas y Los Veranos le provoc\u00f3 una profunda tristeza; cientos, quiz\u00e1s miles de \u00e1rboles talados daban a aqu\u00e9l lugar un aire de desolaci\u00f3n.<\/p>\n\n\n\n<figure class=\"wp-block-gallery has-nested-images columns-default is-cropped wp-block-gallery-2 is-layout-flex wp-block-gallery-is-layout-flex\">\n<figure class=\"wp-block-image size-large\"><img decoding=\"async\" width=\"500\" height=\"375\" data-id=\"1092540\" src=\"https:\/\/dimensionturistica.com\/es\/wp-content\/uploads\/2026\/01\/2VALLA.jpg\" alt=\"\" class=\"wp-image-1092540\" srcset=\"https:\/\/dimensionturistica.com\/es\/wp-content\/uploads\/2026\/01\/2VALLA.jpg 500w, https:\/\/dimensionturistica.com\/es\/wp-content\/uploads\/2026\/01\/2VALLA-300x225.jpg 300w\" sizes=\"(max-width: 500px) 100vw, 500px\" \/><\/figure>\n<\/figure>\n\n\n\n<p>Los recursos madereros eran sobreexplotados por propios y extra\u00f1os. El punto de inflexi\u00f3n fue cuando Francisco vio un \u00e1rbol con un nido de guacamaya que hab\u00eda sido derribado sin ninguna consideraci\u00f3n. Por supuesto, ya no quedaban aves con vida dentro de \u00e9l. Fue ah\u00ed cuando decidi\u00f3 convertirse en su guardi\u00e1n.<\/p>\n\n\n\n<p>Siendo descendiente de uno de los miembros fundadores del ejido, solicit\u00f3 a la asamblea de la agrupaci\u00f3n se le concedieran aquellos terrenos para construir una caba\u00f1a y cuidarlos. As\u00ed, en 2006, naci\u00f3 el Santuario de las Guacamayas, un espacio consagrado a la conservaci\u00f3n de la guacamaya verde mexicana (Ara militaris) en su h\u00e1bitat natural.<\/p>\n\n\n\n<figure class=\"wp-block-gallery has-nested-images columns-default is-cropped wp-block-gallery-3 is-layout-flex wp-block-gallery-is-layout-flex\">\n<figure class=\"wp-block-image size-large\"><img decoding=\"async\" width=\"500\" height=\"375\" data-id=\"1092541\" src=\"https:\/\/dimensionturistica.com\/es\/wp-content\/uploads\/2026\/01\/3VALLE.jpg\" alt=\"\" class=\"wp-image-1092541\" srcset=\"https:\/\/dimensionturistica.com\/es\/wp-content\/uploads\/2026\/01\/3VALLE.jpg 500w, https:\/\/dimensionturistica.com\/es\/wp-content\/uploads\/2026\/01\/3VALLE-300x225.jpg 300w\" sizes=\"(max-width: 500px) 100vw, 500px\" \/><\/figure>\n<\/figure>\n\n\n\n<p>Desde entonces, Francisco y sus hijos Jes\u00fas Adri\u00e1n y Jorge Yamil dedican su vida a esta noble labor. Suben a lo alto de los \u00e1rboles para colocar nidos de madera fabricados por ellos mismos que faciliten la reproducci\u00f3n de la especie. Tambi\u00e9n colocan l\u00e1minas met\u00e1licas alrededor del tronco de los \u00e1rboles para evitar que los grandes felinos de la regi\u00f3n \u2013como ocelotes y pumas\u2013 trepen y depreden los nidos.<\/p>\n\n\n\n<figure class=\"wp-block-gallery has-nested-images columns-default is-cropped wp-block-gallery-4 is-layout-flex wp-block-gallery-is-layout-flex\">\n<figure class=\"wp-block-image size-large\"><img decoding=\"async\" width=\"500\" height=\"375\" data-id=\"1092542\" src=\"https:\/\/dimensionturistica.com\/es\/wp-content\/uploads\/2026\/01\/4VALLA.jpg\" alt=\"\" class=\"wp-image-1092542\" srcset=\"https:\/\/dimensionturistica.com\/es\/wp-content\/uploads\/2026\/01\/4VALLA.jpg 500w, https:\/\/dimensionturistica.com\/es\/wp-content\/uploads\/2026\/01\/4VALLA-300x225.jpg 300w\" sizes=\"(max-width: 500px) 100vw, 500px\" \/><\/figure>\n<\/figure>\n\n\n\n<p>Para estudiar mejor los h\u00e1bitos de las guacamayas y las t\u00e9cnicas de caza de los depredadores, colocan c\u00e1maras fotogr\u00e1ficas ocultas en peque\u00f1as jaulas que se activan al detectar movimiento. As\u00ed, descubrieron que el halc\u00f3n selv\u00e1tico de collar pod\u00eda introducirse a los nidos para saquearlos, por lo cual redujeron el orificio de entrada logrando evitar que esto sucediera.<\/p>\n\n\n\n<figure class=\"wp-block-gallery has-nested-images columns-default is-cropped wp-block-gallery-5 is-layout-flex wp-block-gallery-is-layout-flex\">\n<figure class=\"wp-block-image size-large\"><img decoding=\"async\" width=\"500\" height=\"375\" data-id=\"1092543\" src=\"https:\/\/dimensionturistica.com\/es\/wp-content\/uploads\/2026\/01\/5VALLA.jpg\" alt=\"\" class=\"wp-image-1092543\" srcset=\"https:\/\/dimensionturistica.com\/es\/wp-content\/uploads\/2026\/01\/5VALLA.jpg 500w, https:\/\/dimensionturistica.com\/es\/wp-content\/uploads\/2026\/01\/5VALLA-300x225.jpg 300w\" sizes=\"(max-width: 500px) 100vw, 500px\" \/><\/figure>\n<\/figure>\n\n\n\n<p>Hoy, sus esfuerzos est\u00e1n dando frutos. En vida silvestre, los polluelos de guacamaya verde tienen un promedio de supervivencia de solo 16%; dentro del santuario, ese porcentaje se elev\u00f3 a casi 50% en 2024, cuando 14 cr\u00edas consiguieron volar del nido. Este a\u00f1o hay 29 polluelos en 19 nidos, por lo que se podr\u00eda superar la tasa de supervivencia del a\u00f1o anterior.<\/p>\n\n\n\n<p>Su labor se sostiene con las contribuciones de los visitantes y la ayuda de benefactores interesados en auspiciar el santuario. Una de las mejores formas de conocerlo es con Authentik Tours, una de las empresas de tours que opera apoyando al santuario. Esta agencia promueve el turismo de impacto positivo; adem\u00e1s de observar a las guacamayas a distancia sin invadir su espacio y con el mayor sigilo posible para no alterar su \u00e1nimo, se encargan de brindar informaci\u00f3n valiosa que despierte consciencias a lo largo del recorrido.<\/p>\n\n\n\n<figure class=\"wp-block-gallery has-nested-images columns-default is-cropped wp-block-gallery-6 is-layout-flex wp-block-gallery-is-layout-flex\">\n<figure class=\"wp-block-image size-large\"><img decoding=\"async\" width=\"500\" height=\"375\" data-id=\"1092544\" src=\"https:\/\/dimensionturistica.com\/es\/wp-content\/uploads\/2026\/01\/6VALLA.jpg\" alt=\"\" class=\"wp-image-1092544\" srcset=\"https:\/\/dimensionturistica.com\/es\/wp-content\/uploads\/2026\/01\/6VALLA.jpg 500w, https:\/\/dimensionturistica.com\/es\/wp-content\/uploads\/2026\/01\/6VALLA-300x225.jpg 300w\" sizes=\"(max-width: 500px) 100vw, 500px\" \/><\/figure>\n<\/figure>\n\n\n\n<p>Dec\u00eda el Dr. Juan Luis Cifuentes Lemus \u2013Doctor Honoris Causa y Maestro Em\u00e9rito del Centro Universitario de la Costa, quien durante su vida abander\u00f3 importantes proyectos para la conservaci\u00f3n de especies en la regi\u00f3n\u2013 que \u201clo que se conoce, se quiere; y lo que se quiere, se cuida\u201d.<\/p>\n\n\n\n<p>Al visitar el santuario, se pueden conocer datos asombrosos, como que las guacamayas son mon\u00f3gamas, es decir, eligen una pareja de por vida y si \u00e9sta fallece, no vuelven a tener pareja durante a\u00f1os. Ellas forman un hogar con el amor de su vida, viviendo en familia con sus cr\u00edas hasta que estas alcanzan la madurez reproductiva (generalmente de dos a cuatro a\u00f1os). Otra similitud con nosotros es la esperanza de vida, que es de sesenta a cien a\u00f1os en promedio.<\/p>\n\n\n\n<p>Hasta la fecha, esta especie se encuentra en peligro de extinci\u00f3n por el tr\u00e1fico ilegal y la p\u00e9rdida de h\u00e1bitat, por lo que la labor de Francisco y su familia es invaluable. Ellos no s\u00f3lo protegen a las guacamayas, sino a todo el ecosistema; con ayuda de voluntarios, en los \u00faltimos dos a\u00f1os han plantado 11,500 pinos para reforestar la zona.<\/p>\n\n\n\n<figure class=\"wp-block-gallery has-nested-images columns-default is-cropped wp-block-gallery-7 is-layout-flex wp-block-gallery-is-layout-flex\">\n<figure class=\"wp-block-image size-large\"><img decoding=\"async\" width=\"500\" height=\"375\" data-id=\"1092550\" src=\"https:\/\/dimensionturistica.com\/es\/wp-content\/uploads\/2026\/01\/9VALLA.jpg\" alt=\"\" class=\"wp-image-1092550\" srcset=\"https:\/\/dimensionturistica.com\/es\/wp-content\/uploads\/2026\/01\/9VALLA.jpg 500w, https:\/\/dimensionturistica.com\/es\/wp-content\/uploads\/2026\/01\/9VALLA-300x225.jpg 300w\" sizes=\"(max-width: 500px) 100vw, 500px\" \/><\/figure>\n<\/figure>\n\n\n\n<p>El Santuario de las Guacamayas es un verdadero remanso de paz. En sus inmediaciones no se escucha otro sonido que el potente graznido de las guacamayas. Cuando est\u00e1n calladas, el lugar queda en el m\u00e1s absoluto silencio, transmitiendo una sensaci\u00f3n de calma y quietud sin igual; un encuentro con uno mismo y con la naturaleza en su estado m\u00e1s puro.<\/p>\n\n\n\n<figure class=\"wp-block-gallery has-nested-images columns-default is-cropped wp-block-gallery-8 is-layout-flex wp-block-gallery-is-layout-flex\">\n<figure class=\"wp-block-image size-large\"><img decoding=\"async\" width=\"500\" height=\"375\" data-id=\"1092548\" src=\"https:\/\/dimensionturistica.com\/es\/wp-content\/uploads\/2026\/01\/7VALLA.jpg\" alt=\"\" class=\"wp-image-1092548\" srcset=\"https:\/\/dimensionturistica.com\/es\/wp-content\/uploads\/2026\/01\/7VALLA.jpg 500w, https:\/\/dimensionturistica.com\/es\/wp-content\/uploads\/2026\/01\/7VALLA-300x225.jpg 300w\" sizes=\"(max-width: 500px) 100vw, 500px\" \/><\/figure>\n<\/figure>\n\n\n\n<p>De nueva cuenta, Puerto Vallarta y su gente demuestran un profundo compromiso con la sostenibilidad del medio ambiente, reconociendo el valor de todo lo que cohabita en el destino y sumando esfuerzos para rescatar y proteger su mayor tesoro: la biodiversidad.<\/p>\n","protected":false},"excerpt":{"rendered":"<p>Para hablar del Santuario de las Guacamayas, primero hay que contar la historia de Francisco Espino Ibarra. Cuando era ni\u00f1o, Francisco fue por primera vez al lugar donde hoy se encuentra el santuario, pero en aqu\u00e9l entonces era todo lo opuesto. Aquella zona del ejido de Las Juntas y Los Veranos le provoc\u00f3 una profunda [&hellip;]<\/p>\n","protected":false},"author":1,"featured_media":0,"comment_status":"open","ping_status":"closed","sticky":false,"template":"","format":"standard","meta":{"om_disable_all_campaigns":false,"jnews-multi-image_gallery":[],"jnews_single_post":[],"jnews_primary_category":[],"jnews_social_meta":[],"footnotes":""},"categories":[39],"tags":[],"class_list":["post-1092538","post","type-post","status-publish","format-standard","hentry","category-viajes"],"_links":{"self":[{"href":"https:\/\/dimensionturistica.com\/es\/wp-json\/wp\/v2\/posts\/1092538","targetHints":{"allow":["GET"]}}],"collection":[{"href":"https:\/\/dimensionturistica.com\/es\/wp-json\/wp\/v2\/posts"}],"about":[{"href":"https:\/\/dimensionturistica.com\/es\/wp-json\/wp\/v2\/types\/post"}],"author":[{"embeddable":true,"href":"https:\/\/dimensionturistica.com\/es\/wp-json\/wp\/v2\/users\/1"}],"replies":[{"embeddable":true,"href":"https:\/\/dimensionturistica.com\/es\/wp-json\/wp\/v2\/comments?post=1092538"}],"version-history":[{"count":1,"href":"https:\/\/dimensionturistica.com\/es\/wp-json\/wp\/v2\/posts\/1092538\/revisions"}],"predecessor-version":[{"id":1092553,"href":"https:\/\/dimensionturistica.com\/es\/wp-json\/wp\/v2\/posts\/1092538\/revisions\/1092553"}],"wp:attachment":[{"href":"https:\/\/dimensionturistica.com\/es\/wp-json\/wp\/v2\/media?parent=1092538"}],"wp:term":[{"taxonomy":"category","embeddable":true,"href":"https:\/\/dimensionturistica.com\/es\/wp-json\/wp\/v2\/categories?post=1092538"},{"taxonomy":"post_tag","embeddable":true,"href":"https:\/\/dimensionturistica.com\/es\/wp-json\/wp\/v2\/tags?post=1092538"}],"curies":[{"name":"wp","href":"https:\/\/api.w.org\/{rel}","templated":true}]}}