{"id":1092515,"date":"2026-01-02T16:30:49","date_gmt":"2026-01-02T16:30:49","guid":{"rendered":"https:\/\/dimensionturistica.com\/es\/?p=1092515"},"modified":"2026-01-02T16:30:49","modified_gmt":"2026-01-02T16:30:49","slug":"wyndham-hotels-resorts-latamc-se-prepara-para-su-participacion-en-fitur-2026","status":"publish","type":"post","link":"https:\/\/dimensionturistica.com\/es\/wyndham-hotels-resorts-latamc-se-prepara-para-su-participacion-en-fitur-2026\/","title":{"rendered":"Wyndham Hotels &amp; Resorts LATAMC se prepara para su participaci\u00f3n en FITUR 2026"},"content":{"rendered":"\n<p><\/p>\n\n\n\n<figure class=\"wp-block-gallery has-nested-images columns-default is-cropped wp-block-gallery-1 is-layout-flex wp-block-gallery-is-layout-flex\">\n<figure class=\"wp-block-image size-large\"><img decoding=\"async\" width=\"500\" height=\"179\" data-id=\"1092516\" src=\"https:\/\/dimensionturistica.com\/es\/wp-content\/uploads\/2026\/01\/5WIND.jpg\" alt=\"\" class=\"wp-image-1092516\" srcset=\"https:\/\/dimensionturistica.com\/es\/wp-content\/uploads\/2026\/01\/5WIND.jpg 500w, https:\/\/dimensionturistica.com\/es\/wp-content\/uploads\/2026\/01\/5WIND-300x107.jpg 300w\" sizes=\"(max-width: 500px) 100vw, 500px\" \/><\/figure>\n<\/figure>\n\n\n\n<p>Wyndham Hotels &amp; Resorts, la compa\u00f1\u00eda de franquicias hoteleras m\u00e1s grande del mundo, con aproximadamente 8,300 hoteles en cerca de 100 pa\u00edses, confirm\u00f3 su participaci\u00f3n en la Feria Internacional de Turismo (FITUR) 2026, que se llevar\u00e1 a cabo del 21 al 25 de enero en Madrid, Espa\u00f1a.<\/p>\n\n\n\n<p>En el marco de la 46\u00aa edici\u00f3n de FITUR, considerado el primer gran encuentro anual de la industria global de viajes y turismo \u2014que re\u00fane a m\u00e1s de 250,000 profesionales de 156 pa\u00edses\u2014, la compa\u00f1\u00eda desarrollar\u00e1 una intensa agenda de trabajo con empresarios, operadores tur\u00edsticos y autoridades de distintos destinos, con el objetivo de consolidar el crecimiento del negocio en el mercado europeo e impulsar nuevas oportunidades comerciales para los hoteles de su portafolio en Latinoam\u00e9rica, el Caribe y Europa.<\/p>\n\n\n\n<figure class=\"wp-block-gallery has-nested-images columns-default is-cropped wp-block-gallery-2 is-layout-flex wp-block-gallery-is-layout-flex\">\n<figure class=\"wp-block-image size-large\"><img decoding=\"async\" width=\"500\" height=\"333\" data-id=\"1092517\" src=\"https:\/\/dimensionturistica.com\/es\/wp-content\/uploads\/2026\/01\/3WIND.jpg\" alt=\"\" class=\"wp-image-1092517\" srcset=\"https:\/\/dimensionturistica.com\/es\/wp-content\/uploads\/2026\/01\/3WIND.jpg 500w, https:\/\/dimensionturistica.com\/es\/wp-content\/uploads\/2026\/01\/3WIND-300x200.jpg 300w\" sizes=\"(max-width: 500px) 100vw, 500px\" \/><\/figure>\n<\/figure>\n\n\n\n<p>Europa se ha consolidado como un mercado estrat\u00e9gico en expansi\u00f3n para la regi\u00f3n de Latinoam\u00e9rica y el Caribe, especialmente para los hoteles del Caribe y M\u00e9xico, donde la demanda se mantiene s\u00f3lida en destinos de playa y resorts. En este contexto, la participaci\u00f3n de Wyndham Hotels &amp; Resorts en FITUR se posiciona como una plataforma clave para ampliar oportunidades comerciales y reforzar la visibilidad de la regi\u00f3n ante el mercado europeo.<\/p>\n\n\n\n<p>La edici\u00f3n 2026 de FITUR tendr\u00e1 adem\u00e1s un significado especial para la compa\u00f1\u00eda, ya que M\u00e9xico participar\u00e1 como Pa\u00eds Socio del evento, uno de los mercados estrat\u00e9gicos para Wyndham Hotels &amp; Resorts. Recientemente, la compa\u00f1\u00eda reforz\u00f3 su plan de expansi\u00f3n en el pa\u00eds con la incorporaci\u00f3n de 15 nuevas propiedades, alcanzando un total de 100 hoteles en operaci\u00f3n y m\u00e1s de 15,800 habitaciones. Con este hito, M\u00e9xico se posiciona como el sexto pa\u00eds con mayor n\u00famero de hoteles de la compa\u00f1\u00eda a nivel global y como el mercado m\u00e1s grande dentro de la regi\u00f3n LATAMC.<\/p>\n\n\n\n<p>\u201cNuestra participaci\u00f3n en FITUR es una instancia clave para consolidar el v\u00ednculo con socios estrat\u00e9gicos y seguir impulsando nuevas oportunidades de negocio para el crecimiento de nuestra regi\u00f3n. Vamos a reforzar nuestra presencia junto a propietarios, desarrolladores, operadores y aliados comerciales, apalancados en el Wyndham Advantage, una plataforma integral de distribuci\u00f3n, marketing y tecnolog\u00eda que incluye m\u00e1s de USD 375 millones de inversi\u00f3n en innovaci\u00f3n desde 2018 y el respaldo de m\u00e1s de 121 millones de miembros de Wyndham Rewards a nivel global.\u201d<\/p>\n\n\n\n<figure class=\"wp-block-gallery has-nested-images columns-default is-cropped wp-block-gallery-3 is-layout-flex wp-block-gallery-is-layout-flex\">\n<figure class=\"wp-block-image size-large\"><img decoding=\"async\" width=\"442\" height=\"249\" data-id=\"1092518\" src=\"https:\/\/dimensionturistica.com\/es\/wp-content\/uploads\/2026\/01\/1WIND.jpg\" alt=\"\" class=\"wp-image-1092518\" srcset=\"https:\/\/dimensionturistica.com\/es\/wp-content\/uploads\/2026\/01\/1WIND.jpg 442w, https:\/\/dimensionturistica.com\/es\/wp-content\/uploads\/2026\/01\/1WIND-300x169.jpg 300w\" sizes=\"(max-width: 442px) 100vw, 442px\" \/><\/figure>\n<\/figure>\n\n\n\n<p>\u2014 Gustavo Viescas, Presidente, Latinoam\u00e9rica y el Caribe, Wyndham Hotels &amp; Resorts<\/p>\n\n\n\n<p>La delegaci\u00f3n de Wyndham Hotels &amp; Resorts en FITUR estar\u00e1 encabezada por Gustavo Viescas y contar\u00e1 tambi\u00e9n con la participaci\u00f3n de Jimena Faena, Vicepresidenta de Marketing &amp; Revenue Management para Latinoam\u00e9rica y el Caribe; Mar\u00eda Carolina Pinheiro, Vicepresidenta de Desarrollo para Latinoam\u00e9rica; y Andr\u00e9s Bernal, Senior Director Global &amp; Field Sales para Latinoam\u00e9rica y el Caribe.<\/p>\n\n\n\n<p>Asimismo, diversos hoteles del portafolio de la compa\u00f1\u00eda acompa\u00f1ar\u00e1n la presencia institucional de Wyndham durante FITUR, entre ellos propiedades de Grupo Costa del Sol (Per\u00fa), Wyndham Grand Canc\u00fan All Inclusive Resort &amp; Villas, Viva Resorts by Wyndham, Wyndham Grand Rio Mar Rainforest Beach and Golf Resort, Wyndham Palmas Beach &amp; Golf Boutique Resort (Puerto Rico), Gran Hotel Europa Santo Domingo, Trademark Collection by Wyndham, as\u00ed como los Decameron Hotels &amp; Resorts que forman parte del portafolio de Ramada by Wyndham y Trademark Collection by Wyndham, entre otros.<\/p>\n\n\n\n<figure class=\"wp-block-gallery has-nested-images columns-default is-cropped wp-block-gallery-4 is-layout-flex wp-block-gallery-is-layout-flex\">\n<figure class=\"wp-block-image size-large\"><img decoding=\"async\" width=\"500\" height=\"161\" data-id=\"1092519\" src=\"https:\/\/dimensionturistica.com\/es\/wp-content\/uploads\/2026\/01\/2WIND.jpg\" alt=\"\" class=\"wp-image-1092519\" srcset=\"https:\/\/dimensionturistica.com\/es\/wp-content\/uploads\/2026\/01\/2WIND.jpg 500w, https:\/\/dimensionturistica.com\/es\/wp-content\/uploads\/2026\/01\/2WIND-300x97.jpg 300w\" sizes=\"(max-width: 500px) 100vw, 500px\" \/><\/figure>\n<\/figure>\n\n\n\n<p>De esta manera, Wyndham Hotels &amp; Resorts reafirma su compromiso con sus franquiciatarios y socios estrat\u00e9gicos, fortaleciendo relaciones de alto valor con los principales actores de la industria global de viajes y turismo, y generando nuevas oportunidades de innovaci\u00f3n, desarrollo y networking estrat\u00e9gico.<\/p>\n","protected":false},"excerpt":{"rendered":"<p>Wyndham Hotels &amp; Resorts, la compa\u00f1\u00eda de franquicias hoteleras m\u00e1s grande del mundo, con aproximadamente 8,300 hoteles en cerca de 100 pa\u00edses, confirm\u00f3 su participaci\u00f3n en la Feria Internacional de Turismo (FITUR) 2026, que se llevar\u00e1 a cabo del 21 al 25 de enero en Madrid, Espa\u00f1a. En el marco de la 46\u00aa edici\u00f3n de [&hellip;]<\/p>\n","protected":false},"author":1,"featured_media":0,"comment_status":"open","ping_status":"closed","sticky":false,"template":"","format":"standard","meta":{"om_disable_all_campaigns":false,"jnews-multi-image_gallery":[],"jnews_single_post":[],"jnews_primary_category":[],"jnews_social_meta":[],"footnotes":""},"categories":[39],"tags":[],"class_list":["post-1092515","post","type-post","status-publish","format-standard","hentry","category-viajes"],"_links":{"self":[{"href":"https:\/\/dimensionturistica.com\/es\/wp-json\/wp\/v2\/posts\/1092515","targetHints":{"allow":["GET"]}}],"collection":[{"href":"https:\/\/dimensionturistica.com\/es\/wp-json\/wp\/v2\/posts"}],"about":[{"href":"https:\/\/dimensionturistica.com\/es\/wp-json\/wp\/v2\/types\/post"}],"author":[{"embeddable":true,"href":"https:\/\/dimensionturistica.com\/es\/wp-json\/wp\/v2\/users\/1"}],"replies":[{"embeddable":true,"href":"https:\/\/dimensionturistica.com\/es\/wp-json\/wp\/v2\/comments?post=1092515"}],"version-history":[{"count":1,"href":"https:\/\/dimensionturistica.com\/es\/wp-json\/wp\/v2\/posts\/1092515\/revisions"}],"predecessor-version":[{"id":1092520,"href":"https:\/\/dimensionturistica.com\/es\/wp-json\/wp\/v2\/posts\/1092515\/revisions\/1092520"}],"wp:attachment":[{"href":"https:\/\/dimensionturistica.com\/es\/wp-json\/wp\/v2\/media?parent=1092515"}],"wp:term":[{"taxonomy":"category","embeddable":true,"href":"https:\/\/dimensionturistica.com\/es\/wp-json\/wp\/v2\/categories?post=1092515"},{"taxonomy":"post_tag","embeddable":true,"href":"https:\/\/dimensionturistica.com\/es\/wp-json\/wp\/v2\/tags?post=1092515"}],"curies":[{"name":"wp","href":"https:\/\/api.w.org\/{rel}","templated":true}]}}