{"id":1092494,"date":"2026-01-02T16:14:11","date_gmt":"2026-01-02T16:14:11","guid":{"rendered":"https:\/\/dimensionturistica.com\/es\/?p=1092494"},"modified":"2026-01-02T16:14:11","modified_gmt":"2026-01-02T16:14:11","slug":"la-cartera-de-inversion-turistica-concluye-2025-con-un-incremento-de-67-y-alcanza-los-36-7-mmdd","status":"publish","type":"post","link":"https:\/\/dimensionturistica.com\/es\/la-cartera-de-inversion-turistica-concluye-2025-con-un-incremento-de-67-y-alcanza-los-36-7-mmdd\/","title":{"rendered":"La Cartera de Inversi\u00f3n Tur\u00edstica concluye 2025 con un incremento de 67% y alcanza los 36.7 mmdd"},"content":{"rendered":"\n<figure class=\"wp-block-gallery has-nested-images columns-default is-cropped wp-block-gallery-1 is-layout-flex wp-block-gallery-is-layout-flex\">\n<figure class=\"wp-block-image size-large\"><img decoding=\"async\" width=\"500\" height=\"78\" data-id=\"1092495\" src=\"https:\/\/dimensionturistica.com\/es\/wp-content\/uploads\/2026\/01\/7SECTUR.jpg\" alt=\"\" class=\"wp-image-1092495\" srcset=\"https:\/\/dimensionturistica.com\/es\/wp-content\/uploads\/2026\/01\/7SECTUR.jpg 500w, https:\/\/dimensionturistica.com\/es\/wp-content\/uploads\/2026\/01\/7SECTUR-300x47.jpg 300w\" sizes=\"(max-width: 500px) 100vw, 500px\" \/><\/figure>\n<\/figure>\n\n\n\n<p>La secretaria de Turismo del Gobierno de M\u00e9xico, Josefina Rodr\u00edguez Zamora, inform\u00f3 que la Cartera de Inversi\u00f3n Tur\u00edstica 2025 cerr\u00f3 con 700 proyectos activos en 30 entidades federativas, que representan una inversi\u00f3n conjunta de 36 mil 735 millones de d\u00f3lares<\/p>\n\n\n\n<figure class=\"wp-block-gallery has-nested-images columns-default is-cropped wp-block-gallery-2 is-layout-flex wp-block-gallery-is-layout-flex\">\n<figure class=\"wp-block-image size-large\"><img decoding=\"async\" width=\"500\" height=\"333\" data-id=\"1092496\" src=\"https:\/\/dimensionturistica.com\/es\/wp-content\/uploads\/2026\/01\/1SECTUR.jpg\" alt=\"\" class=\"wp-image-1092496\" srcset=\"https:\/\/dimensionturistica.com\/es\/wp-content\/uploads\/2026\/01\/1SECTUR.jpg 500w, https:\/\/dimensionturistica.com\/es\/wp-content\/uploads\/2026\/01\/1SECTUR-300x200.jpg 300w\" sizes=\"(max-width: 500px) 100vw, 500px\" \/><\/figure>\n<\/figure>\n\n\n\n<p>La titular de Sectur destac\u00f3 que este cierre anual refleja incrementos de 48% en el n\u00famero de proyectos y de 67% en el monto de inversi\u00f3n, como resultado del trabajo coordinado con los gobiernos estatales y los sectores p\u00fablico, privado y social<\/p>\n\n\n\n<figure class=\"wp-block-gallery has-nested-images columns-default is-cropped wp-block-gallery-3 is-layout-flex wp-block-gallery-is-layout-flex\">\n<figure class=\"wp-block-image size-large\"><img decoding=\"async\" width=\"500\" height=\"333\" data-id=\"1092498\" src=\"https:\/\/dimensionturistica.com\/es\/wp-content\/uploads\/2026\/01\/2SECTUR.jpg\" alt=\"\" class=\"wp-image-1092498\" srcset=\"https:\/\/dimensionturistica.com\/es\/wp-content\/uploads\/2026\/01\/2SECTUR.jpg 500w, https:\/\/dimensionturistica.com\/es\/wp-content\/uploads\/2026\/01\/2SECTUR-300x200.jpg 300w\" sizes=\"(max-width: 500px) 100vw, 500px\" \/><\/figure>\n<\/figure>\n\n\n\n<p>Detall\u00f3 que Nayarit, Quintana Roo, Jalisco, Baja California Sur, Guerrero y Nuevo Le\u00f3n concentran la mayor inversi\u00f3n tur\u00edstica proyectada, y reiter\u00f3 la invitaci\u00f3n a las entidades federativas a mantener actualizada la Cartera para fortalecer la planeaci\u00f3n y el desarrollo del turismo en M\u00e9xico<\/p>\n\n\n\n<figure class=\"wp-block-gallery has-nested-images columns-default is-cropped wp-block-gallery-4 is-layout-flex wp-block-gallery-is-layout-flex\">\n<figure class=\"wp-block-image size-large\"><img decoding=\"async\" width=\"500\" height=\"333\" data-id=\"1092501\" src=\"https:\/\/dimensionturistica.com\/es\/wp-content\/uploads\/2026\/01\/3SECTUR.jpg\" alt=\"\" class=\"wp-image-1092501\" srcset=\"https:\/\/dimensionturistica.com\/es\/wp-content\/uploads\/2026\/01\/3SECTUR.jpg 500w, https:\/\/dimensionturistica.com\/es\/wp-content\/uploads\/2026\/01\/3SECTUR-300x200.jpg 300w\" sizes=\"(max-width: 500px) 100vw, 500px\" \/><\/figure>\n<\/figure>\n\n\n\n<p>La secretaria de Turismo del Gobierno de M\u00e9xico, Josefina Rodr\u00edguez Zamora, inform\u00f3 que la Cartera de Inversi\u00f3n Tur\u00edstica 2025 cerr\u00f3 el a\u00f1o con 700 proyectos activos en 30 entidades federativas, los cuales representan una inversi\u00f3n conjunta de 36 mil 735 millones de d\u00f3lares (mdd).<\/p>\n\n\n\n<figure class=\"wp-block-gallery has-nested-images columns-default is-cropped wp-block-gallery-5 is-layout-flex wp-block-gallery-is-layout-flex\">\n<figure class=\"wp-block-image size-large\"><img decoding=\"async\" width=\"500\" height=\"333\" data-id=\"1092502\" src=\"https:\/\/dimensionturistica.com\/es\/wp-content\/uploads\/2026\/01\/6SECTUR.jpg\" alt=\"\" class=\"wp-image-1092502\" srcset=\"https:\/\/dimensionturistica.com\/es\/wp-content\/uploads\/2026\/01\/6SECTUR.jpg 500w, https:\/\/dimensionturistica.com\/es\/wp-content\/uploads\/2026\/01\/6SECTUR-300x200.jpg 300w\" sizes=\"(max-width: 500px) 100vw, 500px\" \/><\/figure>\n<\/figure>\n\n\n\n<p>La titular de la Secretar\u00eda de Turismo (Sectur) precis\u00f3 que este cierre anual refleja un incremento de 48 por ciento en el n\u00famero de proyectos y de 67 por ciento en el monto total de inversi\u00f3n, respecto de la segunda versi\u00f3n de la cartera publicada en septiembre del presente a\u00f1o, y es resultado del trabajo coordinado con las instancias estatales y con los sectores p\u00fablico, privado y social.<\/p>\n\n\n\n<figure class=\"wp-block-gallery has-nested-images columns-default is-cropped wp-block-gallery-6 is-layout-flex wp-block-gallery-is-layout-flex\">\n<figure class=\"wp-block-image size-large\"><img decoding=\"async\" width=\"500\" height=\"320\" data-id=\"1092506\" src=\"https:\/\/dimensionturistica.com\/es\/wp-content\/uploads\/2026\/01\/22SECTUR.jpg\" alt=\"\" class=\"wp-image-1092506\" srcset=\"https:\/\/dimensionturistica.com\/es\/wp-content\/uploads\/2026\/01\/22SECTUR.jpg 500w, https:\/\/dimensionturistica.com\/es\/wp-content\/uploads\/2026\/01\/22SECTUR-300x192.jpg 300w\" sizes=\"(max-width: 500px) 100vw, 500px\" \/><\/figure>\n<\/figure>\n\n\n\n<p>\u201cCon esta Cartera estamos construyendo una visi\u00f3n compartida del desarrollo tur\u00edstico nacional. La informaci\u00f3n que nos env\u00edan los estados nos permite dar acompa\u00f1amiento, destrabar retos y facilitar que las inversiones se concreten en beneficio de las comunidades\u201d, manifest\u00f3.<\/p>\n\n\n\n<p>El contenido generado por IA puede ser incorrecto.<\/p>\n\n\n\n<p>Record\u00f3 que este instrumento cumple con lo establecido en la Ley General de Turismo y con el Plan Nacional de Desarrollo 2025\u20132030, que mandatan a Sectur a coordinar pol\u00edticas para fomentar la inversi\u00f3n y fortalecer la infraestructura y la competitividad tur\u00edstica del pa\u00eds.<\/p>\n\n\n\n<figure class=\"wp-block-gallery has-nested-images columns-default is-cropped wp-block-gallery-7 is-layout-flex wp-block-gallery-is-layout-flex\">\n<figure class=\"wp-block-image size-large\"><img decoding=\"async\" width=\"500\" height=\"293\" data-id=\"1092508\" src=\"https:\/\/dimensionturistica.com\/es\/wp-content\/uploads\/2026\/01\/33SECTUR.jpg\" alt=\"\" class=\"wp-image-1092508\" srcset=\"https:\/\/dimensionturistica.com\/es\/wp-content\/uploads\/2026\/01\/33SECTUR.jpg 500w, https:\/\/dimensionturistica.com\/es\/wp-content\/uploads\/2026\/01\/33SECTUR-300x176.jpg 300w\" sizes=\"(max-width: 500px) 100vw, 500px\" \/><\/figure>\n<\/figure>\n\n\n\n<p>\u201cLa Cartera de Inversi\u00f3n Tur\u00edstica es, en esencia, una radiograf\u00eda nacional que muestra d\u00f3nde se est\u00e1 invirtiendo, qui\u00e9n est\u00e1 invirtiendo y qu\u00e9 oportunidades tenemos para impulsar la infraestructura, los servicios y los atractivos que fortalezcan la competitividad tur\u00edstica de nuestro pa\u00eds. Este esfuerzo se enmarca en la visi\u00f3n humanista de la Presidenta Claudia Sheinbaum Pardo para hacer del turismo un motor de Prosperidad Compartida\u201d, expres\u00f3.<\/p>\n\n\n\n<p>De acuerdo con el tercer corte cuatrimestral, las entidades federativas con mayor inversi\u00f3n tur\u00edstica proyectada son Nayarit, con 19 por ciento del total nacional; Quintana Roo, con 17 por ciento; Jalisco, con 12 por ciento; Baja California Sur, con 10 por ciento; y Guerrero y Nuevo Le\u00f3n, con ocho por ciento.<\/p>\n\n\n\n<figure class=\"wp-block-gallery has-nested-images columns-default is-cropped wp-block-gallery-8 is-layout-flex wp-block-gallery-is-layout-flex\">\n<figure class=\"wp-block-image size-large\"><img decoding=\"async\" width=\"500\" height=\"333\" data-id=\"1092510\" src=\"https:\/\/dimensionturistica.com\/es\/wp-content\/uploads\/2026\/01\/11SECTUR.jpg\" alt=\"\" class=\"wp-image-1092510\" srcset=\"https:\/\/dimensionturistica.com\/es\/wp-content\/uploads\/2026\/01\/11SECTUR.jpg 500w, https:\/\/dimensionturistica.com\/es\/wp-content\/uploads\/2026\/01\/11SECTUR-300x200.jpg 300w\" sizes=\"(max-width: 500px) 100vw, 500px\" \/><\/figure>\n<\/figure>\n\n\n\n<p>El contenido generado por IA puede ser incorrecto.<\/p>\n\n\n\n<p>Rodr\u00edguez Zamora reiter\u00f3 la invitaci\u00f3n a los gobiernos estatales a continuar enviando informaci\u00f3n para mantener la Cartera actualizada y fortalecer esta herramienta clave para el seguimiento, la planeaci\u00f3n y el desarrollo del turismo en M\u00e9xico.<\/p>\n","protected":false},"excerpt":{"rendered":"<p>La secretaria de Turismo del Gobierno de M\u00e9xico, Josefina Rodr\u00edguez Zamora, inform\u00f3 que la Cartera de Inversi\u00f3n Tur\u00edstica 2025 cerr\u00f3 con 700 proyectos activos en 30 entidades federativas, que representan una inversi\u00f3n conjunta de 36 mil 735 millones de d\u00f3lares La titular de Sectur destac\u00f3 que este cierre anual refleja incrementos de 48% en el [&hellip;]<\/p>\n","protected":false},"author":1,"featured_media":0,"comment_status":"open","ping_status":"closed","sticky":false,"template":"","format":"standard","meta":{"om_disable_all_campaigns":false,"jnews-multi-image_gallery":[],"jnews_single_post":[],"jnews_primary_category":[],"jnews_social_meta":[],"footnotes":""},"categories":[39],"tags":[],"class_list":["post-1092494","post","type-post","status-publish","format-standard","hentry","category-viajes"],"_links":{"self":[{"href":"https:\/\/dimensionturistica.com\/es\/wp-json\/wp\/v2\/posts\/1092494","targetHints":{"allow":["GET"]}}],"collection":[{"href":"https:\/\/dimensionturistica.com\/es\/wp-json\/wp\/v2\/posts"}],"about":[{"href":"https:\/\/dimensionturistica.com\/es\/wp-json\/wp\/v2\/types\/post"}],"author":[{"embeddable":true,"href":"https:\/\/dimensionturistica.com\/es\/wp-json\/wp\/v2\/users\/1"}],"replies":[{"embeddable":true,"href":"https:\/\/dimensionturistica.com\/es\/wp-json\/wp\/v2\/comments?post=1092494"}],"version-history":[{"count":1,"href":"https:\/\/dimensionturistica.com\/es\/wp-json\/wp\/v2\/posts\/1092494\/revisions"}],"predecessor-version":[{"id":1092511,"href":"https:\/\/dimensionturistica.com\/es\/wp-json\/wp\/v2\/posts\/1092494\/revisions\/1092511"}],"wp:attachment":[{"href":"https:\/\/dimensionturistica.com\/es\/wp-json\/wp\/v2\/media?parent=1092494"}],"wp:term":[{"taxonomy":"category","embeddable":true,"href":"https:\/\/dimensionturistica.com\/es\/wp-json\/wp\/v2\/categories?post=1092494"},{"taxonomy":"post_tag","embeddable":true,"href":"https:\/\/dimensionturistica.com\/es\/wp-json\/wp\/v2\/tags?post=1092494"}],"curies":[{"name":"wp","href":"https:\/\/api.w.org\/{rel}","templated":true}]}}