{"id":1091654,"date":"2025-12-28T17:24:35","date_gmt":"2025-12-28T17:24:35","guid":{"rendered":"https:\/\/dimensionturistica.com\/es\/?p=1091654"},"modified":"2025-12-28T17:24:35","modified_gmt":"2025-12-28T17:24:35","slug":"calzado-a-la-moda-para-2026-mocasines-zuecos-mules-tacones-bajos-y-mas","status":"publish","type":"post","link":"https:\/\/dimensionturistica.com\/es\/calzado-a-la-moda-para-2026-mocasines-zuecos-mules-tacones-bajos-y-mas\/","title":{"rendered":"Calzado a la Moda para 2026: Mocasines, Zuecos, Mules, Tacones Bajos y M\u00e1s"},"content":{"rendered":"<h3>Tendencias Calzadas para la Temporada Primavera-Verano 2026<\/h3>\n<p>A medida que se acerca la primavera-verano 2026, el mundo de la moda calzante se transforma una vez m\u00e1s, presagiando una temporada llena de innovaciones y propuestas audaces. Las pasarelas han revelado algunos estilos que sin duda marcar\u00e1n tendencia. Aqu\u00ed te presentamos los zapatos que estar\u00e1n en el centro de la atenci\u00f3n este a\u00f1o.<\/p>\n<h4>1. <strong>Plataformas Remasterizadas<\/strong><\/h4>\n<p>Las plataformas no son solo un regreso; son una afirmaci\u00f3n de estilo. Este a\u00f1o, se presentan versiones reinventadas en m\u00faltiples materiales, desde cuero lujoso hasta tejidos sostenibles. La altura se combina con la comodidad, lo que las convierte en la opci\u00f3n ideal tanto para eventos formales como informales.<\/p>\n<h4>2. <strong>Colores Futuristas<\/strong><\/h4>\n<p>Los tonos met\u00e1licos y ne\u00f3n est\u00e1n de vuelta y m\u00e1s vibrantes que nunca. Los zapatos se transforman en declaraciones de intenciones, con acabados brillantes que aportan un toque de audacia a cualquier atuendo. El uso de colores inesperados desaf\u00eda la noci\u00f3n de que el calzado debe ser neutro y b\u00e1sico.<\/p>\n<h4>3. <strong>Dise\u00f1os Ecol\u00f3gicos<\/strong><\/h4>\n<p>La sostenibilidad sigue siendo un pilar fundamental en la moda contempor\u00e1nea. Este a\u00f1o, muchas marcas est\u00e1n optando por el uso de materiales reciclados y t\u00e9cnicas de producci\u00f3n \u00e9ticas. Adem\u00e1s de bellos, estos zapatos reflejan una responsabilidad social, conectando el estilo con el cuidado del planeta.<\/p>\n<h4>4. <strong>Estilo Deportivo Chic<\/strong><\/h4>\n<p>La fusi\u00f3n entre lo deportivo y lo elegante est\u00e1 en auge. Los sneakers se reinventan con detalles sofisticados, como bordados y acabados en piel, que a\u00f1aden un toque de glamour. Perfectos para un look casual, estas piezas se adaptan f\u00e1cilmente a cualquier guardarropa, llevando la comodidad a nuevas alturas.<\/p>\n<h4>5. <strong>Botas Cortas con Personalidad<\/strong><\/h4>\n<p>Las botas han dejado de ser solo un esencial de invierno. Este a\u00f1o, las versiones cortas, con dise\u00f1os audaces y detalles asim\u00e9tricos, se posicionan como el calzado perfecto para las temperaturas m\u00e1s c\u00e1lidas. Combinadas con faldas y vestidos ligeros, crean contrastes interesantes y din\u00e1micos.<\/p>\n<h4>6. <strong>Sandalias de Dise\u00f1o Audaz<\/strong><\/h4>\n<p>Las sandalias ser\u00e1n las protagonistas de las temporadas c\u00e1lidas, con dise\u00f1os que desaf\u00edan las normas. Tiras entrecruzadas, tacones inusuales y aplicaciones artesanales ofrecen una variedad de opciones para quienes buscan un toque de originalidad en su calzado de verano.<\/p>\n<h3>Conclusi\u00f3n<\/h3>\n<p>La temporada primavera-verano 2026 promete no solo un desfile de estilos, sino una celebraci\u00f3n de la individualidad y la innovaci\u00f3n en el calzado. Los zapatos no son solo accesorios; son una extensi\u00f3n de la personalidad y una forma de comunicaci\u00f3n est\u00e9tica. Prep\u00e1rate para caminar con confianza y estilo esta pr\u00f3xima temporada.<\/p>\n<p><em> &#8221; Fuentes www.vogue.mx &#8221; <\/em><\/p>\n","protected":false},"excerpt":{"rendered":"<p>Tendencias Calzadas para la Temporada Primavera-Verano 2026 A medida que se acerca la primavera-verano 2026, el mundo de la moda calzante se transforma una vez m\u00e1s, presagiando una temporada llena de innovaciones y propuestas audaces. Las pasarelas han revelado algunos estilos que sin duda marcar\u00e1n tendencia. Aqu\u00ed te presentamos los zapatos que estar\u00e1n en el [&hellip;]<\/p>\n","protected":false},"author":14,"featured_media":1091656,"comment_status":"open","ping_status":"closed","sticky":false,"template":"","format":"standard","meta":{"om_disable_all_campaigns":false,"jnews-multi-image_gallery":[],"jnews_single_post":[],"jnews_primary_category":[],"jnews_social_meta":[],"footnotes":""},"categories":[144872],"tags":[40458,7758,200527,659,219357,230504,218841,260561,16753,48142],"class_list":["post-1091654","post","type-post","status-publish","format-standard","has-post-thumbnail","hentry","category-fashion","tag-calzado","tag-estilo","tag-mocasines","tag-moda","tag-mules","tag-primavera-verano-2026","tag-tacon-kitten","tag-tendencia-2026","tag-zapatos","tag-zuecos"],"_links":{"self":[{"href":"https:\/\/dimensionturistica.com\/es\/wp-json\/wp\/v2\/posts\/1091654","targetHints":{"allow":["GET"]}}],"collection":[{"href":"https:\/\/dimensionturistica.com\/es\/wp-json\/wp\/v2\/posts"}],"about":[{"href":"https:\/\/dimensionturistica.com\/es\/wp-json\/wp\/v2\/types\/post"}],"author":[{"embeddable":true,"href":"https:\/\/dimensionturistica.com\/es\/wp-json\/wp\/v2\/users\/14"}],"replies":[{"embeddable":true,"href":"https:\/\/dimensionturistica.com\/es\/wp-json\/wp\/v2\/comments?post=1091654"}],"version-history":[{"count":1,"href":"https:\/\/dimensionturistica.com\/es\/wp-json\/wp\/v2\/posts\/1091654\/revisions"}],"predecessor-version":[{"id":1091657,"href":"https:\/\/dimensionturistica.com\/es\/wp-json\/wp\/v2\/posts\/1091654\/revisions\/1091657"}],"wp:featuredmedia":[{"embeddable":true,"href":"https:\/\/dimensionturistica.com\/es\/wp-json\/wp\/v2\/media\/1091656"}],"wp:attachment":[{"href":"https:\/\/dimensionturistica.com\/es\/wp-json\/wp\/v2\/media?parent=1091654"}],"wp:term":[{"taxonomy":"category","embeddable":true,"href":"https:\/\/dimensionturistica.com\/es\/wp-json\/wp\/v2\/categories?post=1091654"},{"taxonomy":"post_tag","embeddable":true,"href":"https:\/\/dimensionturistica.com\/es\/wp-json\/wp\/v2\/tags?post=1091654"}],"curies":[{"name":"wp","href":"https:\/\/api.w.org\/{rel}","templated":true}]}}