{"id":1091582,"date":"2025-12-28T16:49:43","date_gmt":"2025-12-28T16:49:43","guid":{"rendered":"https:\/\/dimensionturistica.com\/es\/?p=1091582"},"modified":"2025-12-28T16:49:43","modified_gmt":"2025-12-28T16:49:43","slug":"zacatecas-el-lugar-donde-la-historia-y-la-devocion-se-unen","status":"publish","type":"post","link":"https:\/\/dimensionturistica.com\/es\/zacatecas-el-lugar-donde-la-historia-y-la-devocion-se-unen\/","title":{"rendered":"Zacatecas, el lugar donde la historia y la devoci\u00f3n se unen"},"content":{"rendered":"\n<figure class=\"wp-block-gallery has-nested-images columns-default is-cropped wp-block-gallery-1 is-layout-flex wp-block-gallery-is-layout-flex\">\n<figure class=\"wp-block-image size-large\"><img decoding=\"async\" width=\"500\" height=\"144\" data-id=\"1091586\" src=\"https:\/\/dimensionturistica.com\/es\/wp-content\/uploads\/2025\/12\/1ZACA.jpg\" alt=\"\" class=\"wp-image-1091586\" srcset=\"https:\/\/dimensionturistica.com\/es\/wp-content\/uploads\/2025\/12\/1ZACA.jpg 500w, https:\/\/dimensionturistica.com\/es\/wp-content\/uploads\/2025\/12\/1ZACA-300x86.jpg 300w\" sizes=\"(max-width: 500px) 100vw, 500px\" \/><\/figure>\n<\/figure>\n\n\n\n<p>&nbsp;Consolid\u00e1ndose como uno de los destinos m\u00e1s emblem\u00e1ticos para vivir la temporada navide\u00f1a en M\u00e9xico, Zacatecas ofrece una arquitectura hist\u00f3rica, celebraciones religiosas y un ambiente festivo que llenan sus calles, templos y plazas. La combinaci\u00f3n entre fe, cultura y patrimonio convierte al estado en un lugar ideal para quienes buscan una experiencia aut\u00e9ntica y profundamente significativa.<\/p>\n\n\n\n<figure class=\"wp-block-gallery has-nested-images columns-default is-cropped wp-block-gallery-2 is-layout-flex wp-block-gallery-is-layout-flex\">\n<figure class=\"wp-block-image size-large\"><img decoding=\"async\" width=\"500\" height=\"333\" data-id=\"1091587\" src=\"https:\/\/dimensionturistica.com\/es\/wp-content\/uploads\/2025\/12\/2ZACA.jpg\" alt=\"\" class=\"wp-image-1091587\" srcset=\"https:\/\/dimensionturistica.com\/es\/wp-content\/uploads\/2025\/12\/2ZACA.jpg 500w, https:\/\/dimensionturistica.com\/es\/wp-content\/uploads\/2025\/12\/2ZACA-300x200.jpg 300w\" sizes=\"(max-width: 500px) 100vw, 500px\" \/><\/figure>\n<\/figure>\n\n\n\n<p>Cada diciembre, las comunidades zacatecanas mantienen vivas sus tradiciones m\u00e1s representativas: las posadas, las pastorelas, las misas de aguinaldo y las peregrinaciones que forman parte del esp\u00edritu navide\u00f1o. Estos rituales, transmitidos de generaci\u00f3n en generaci\u00f3n, permiten a visitantes y locales reencontrarse con sus ra\u00edces y con el sentido de comunidad.<\/p>\n\n\n\n<figure class=\"wp-block-gallery has-nested-images columns-default is-cropped wp-block-gallery-3 is-layout-flex wp-block-gallery-is-layout-flex\">\n<figure class=\"wp-block-image size-large\"><img decoding=\"async\" width=\"500\" height=\"411\" data-id=\"1091588\" src=\"https:\/\/dimensionturistica.com\/es\/wp-content\/uploads\/2025\/12\/4ZACA.jpg\" alt=\"\" class=\"wp-image-1091588\" srcset=\"https:\/\/dimensionturistica.com\/es\/wp-content\/uploads\/2025\/12\/4ZACA.jpg 500w, https:\/\/dimensionturistica.com\/es\/wp-content\/uploads\/2025\/12\/4ZACA-300x247.jpg 300w\" sizes=\"(max-width: 500px) 100vw, 500px\" \/><figcaption class=\"wp-element-caption\">default<\/figcaption><\/figure>\n<\/figure>\n\n\n\n<p>En esta temporada, diversas parroquias del estado inician tambi\u00e9n sus calendarios de preparaci\u00f3n, que incluyen momentos de oraci\u00f3n, posadas anticipadas, colectas de alimentos y campa\u00f1as de apoyo para familias en situaci\u00f3n vulnerable.<\/p>\n\n\n\n<p>\u00bfQu\u00e9 es y qu\u00e9 significa la corona de Adviento?<\/p>\n\n\n\n<figure class=\"wp-block-gallery has-nested-images columns-default is-cropped wp-block-gallery-4 is-layout-flex wp-block-gallery-is-layout-flex\">\n<figure class=\"wp-block-image size-large\"><img decoding=\"async\" width=\"500\" height=\"373\" data-id=\"1091589\" src=\"https:\/\/dimensionturistica.com\/es\/wp-content\/uploads\/2025\/12\/9ZACA.jpg\" alt=\"\" class=\"wp-image-1091589\" srcset=\"https:\/\/dimensionturistica.com\/es\/wp-content\/uploads\/2025\/12\/9ZACA.jpg 500w, https:\/\/dimensionturistica.com\/es\/wp-content\/uploads\/2025\/12\/9ZACA-300x224.jpg 300w\" sizes=\"(max-width: 500px) 100vw, 500px\" \/><\/figure>\n<\/figure>\n\n\n\n<p>La corona de Adviento es una tradici\u00f3n cristiana que utiliza una corona circular de ramas verdes con cuatro velas. Simboliza la esperanza, la vida y la eternidad de Dios, cada domingo de Adviento se enciende una vela adicional como preparaci\u00f3n para la Navidad. Su forma circular representa el amor eterno de Dios, mientras que el verde simboliza la vida y esperanza, cada vela representa una semana de espera.<\/p>\n\n\n\n<figure class=\"wp-block-gallery has-nested-images columns-default is-cropped wp-block-gallery-5 is-layout-flex wp-block-gallery-is-layout-flex\">\n<figure class=\"wp-block-image size-large\"><img decoding=\"async\" width=\"500\" height=\"281\" data-id=\"1091590\" src=\"https:\/\/dimensionturistica.com\/es\/wp-content\/uploads\/2025\/12\/7ZACA.jpg\" alt=\"\" class=\"wp-image-1091590\" srcset=\"https:\/\/dimensionturistica.com\/es\/wp-content\/uploads\/2025\/12\/7ZACA.jpg 500w, https:\/\/dimensionturistica.com\/es\/wp-content\/uploads\/2025\/12\/7ZACA-300x169.jpg 300w\" sizes=\"(max-width: 500px) 100vw, 500px\" \/><\/figure>\n<\/figure>\n\n\n\n<p>Visita los templos m\u00e1s emblem\u00e1ticos de Zacatecas<\/p>\n\n\n\n<p>Durante la temporada navide\u00f1a, los templos de Zacatecas se convierten en escenarios llenos de historia, espiritualidad y belleza arquitect\u00f3nica. Cada uno ofrece actividades especiales y espacios ideales para conectar con la tradici\u00f3n y el significado de estas fechas.<\/p>\n\n\n\n<figure class=\"wp-block-gallery has-nested-images columns-default is-cropped wp-block-gallery-6 is-layout-flex wp-block-gallery-is-layout-flex\">\n<figure class=\"wp-block-image size-large\"><img decoding=\"async\" width=\"500\" height=\"333\" data-id=\"1091591\" src=\"https:\/\/dimensionturistica.com\/es\/wp-content\/uploads\/2025\/12\/3ZACA.jpg\" alt=\"\" class=\"wp-image-1091591\" srcset=\"https:\/\/dimensionturistica.com\/es\/wp-content\/uploads\/2025\/12\/3ZACA.jpg 500w, https:\/\/dimensionturistica.com\/es\/wp-content\/uploads\/2025\/12\/3ZACA-300x200.jpg 300w\" sizes=\"(max-width: 500px) 100vw, 500px\" \/><\/figure>\n<\/figure>\n\n\n\n<p>La Catedral Bas\u00edlica de Nuestra Se\u00f1ora de la Asunci\u00f3n, joya del barroco novohispano elaborada en cantera rosa y con un interior neocl\u00e1sico, recibe a visitantes con celebraciones que invitan a la reflexi\u00f3n y a la preparaci\u00f3n espiritual para la Navidad.<\/p>\n\n\n\n<figure class=\"wp-block-gallery has-nested-images columns-default is-cropped wp-block-gallery-7 is-layout-flex wp-block-gallery-is-layout-flex\">\n<figure class=\"wp-block-image size-large\"><img decoding=\"async\" width=\"500\" height=\"319\" data-id=\"1091592\" src=\"https:\/\/dimensionturistica.com\/es\/wp-content\/uploads\/2025\/12\/8ZACA.jpg\" alt=\"\" class=\"wp-image-1091592\" srcset=\"https:\/\/dimensionturistica.com\/es\/wp-content\/uploads\/2025\/12\/8ZACA.jpg 500w, https:\/\/dimensionturistica.com\/es\/wp-content\/uploads\/2025\/12\/8ZACA-300x191.jpg 300w\" sizes=\"(max-width: 500px) 100vw, 500px\" \/><figcaption class=\"wp-element-caption\">default<\/figcaption><\/figure>\n<\/figure>\n\n\n\n<p>Muy cerca se encuentra la Parroquia de Santo Domingo, una de las construcciones religiosas m\u00e1s importantes de la ciudad. Fundada por jesuitas y concluida por dominicos en el siglo XVIII, este templo ofrece novenarios, conciertos sinf\u00f3nicos y actividades culturales que enriquecen la experiencia navide\u00f1a.<\/p>\n\n\n\n<figure class=\"wp-block-gallery has-nested-images columns-default is-cropped wp-block-gallery-8 is-layout-flex wp-block-gallery-is-layout-flex\">\n<figure class=\"wp-block-image size-large\"><img decoding=\"async\" width=\"500\" height=\"333\" data-id=\"1091593\" src=\"https:\/\/dimensionturistica.com\/es\/wp-content\/uploads\/2025\/12\/6ZACA.jpg\" alt=\"\" class=\"wp-image-1091593\" srcset=\"https:\/\/dimensionturistica.com\/es\/wp-content\/uploads\/2025\/12\/6ZACA.jpg 500w, https:\/\/dimensionturistica.com\/es\/wp-content\/uploads\/2025\/12\/6ZACA-300x200.jpg 300w\" sizes=\"(max-width: 500px) 100vw, 500px\" \/><\/figure>\n<\/figure>\n\n\n\n<p>En la colonia Sierra de \u00c1lica destaca el Templo de F\u00e1tima, conocido por su arquitectura moderna y su ambiente familiar. En estas fechas, el templo organiza recorridos, actividades para ni\u00f1as y ni\u00f1os, y su tradicional Procesi\u00f3n de la Luz, donde cientos de personas se re\u00fanen para encender velas y compartir un momento de fe comunitaria.<\/p>\n\n\n\n<p>La \u00e9poca decembrina en Zacatecas se vive de manera especial: rodeados de impresionantes templos y tradiciones profundas, el estado invita a celebrar una temporada llena de intenci\u00f3n, paz y significado, donde la fe se encuentra con la magia navide\u00f1a, \u00a1Ven y disfruta de Zacatecas en Navidad!<\/p>\n\n\n\n<figure class=\"wp-block-gallery has-nested-images columns-default is-cropped wp-block-gallery-9 is-layout-flex wp-block-gallery-is-layout-flex\">\n<figure class=\"wp-block-image size-large\"><img decoding=\"async\" width=\"500\" height=\"333\" data-id=\"1091594\" src=\"https:\/\/dimensionturistica.com\/es\/wp-content\/uploads\/2025\/12\/6ZAACA.jpg\" alt=\"\" class=\"wp-image-1091594\" srcset=\"https:\/\/dimensionturistica.com\/es\/wp-content\/uploads\/2025\/12\/6ZAACA.jpg 500w, https:\/\/dimensionturistica.com\/es\/wp-content\/uploads\/2025\/12\/6ZAACA-300x200.jpg 300w\" sizes=\"(max-width: 500px) 100vw, 500px\" \/><\/figure>\n<\/figure>\n","protected":false},"excerpt":{"rendered":"<p>&nbsp;Consolid\u00e1ndose como uno de los destinos m\u00e1s emblem\u00e1ticos para vivir la temporada navide\u00f1a en M\u00e9xico, Zacatecas ofrece una arquitectura hist\u00f3rica, celebraciones religiosas y un ambiente festivo que llenan sus calles, templos y plazas. La combinaci\u00f3n entre fe, cultura y patrimonio convierte al estado en un lugar ideal para quienes buscan una experiencia aut\u00e9ntica y profundamente [&hellip;]<\/p>\n","protected":false},"author":1,"featured_media":0,"comment_status":"open","ping_status":"closed","sticky":false,"template":"","format":"standard","meta":{"om_disable_all_campaigns":false,"jnews-multi-image_gallery":[],"jnews_single_post":[],"jnews_primary_category":[],"jnews_social_meta":[],"footnotes":""},"categories":[39],"tags":[],"class_list":["post-1091582","post","type-post","status-publish","format-standard","hentry","category-viajes"],"_links":{"self":[{"href":"https:\/\/dimensionturistica.com\/es\/wp-json\/wp\/v2\/posts\/1091582","targetHints":{"allow":["GET"]}}],"collection":[{"href":"https:\/\/dimensionturistica.com\/es\/wp-json\/wp\/v2\/posts"}],"about":[{"href":"https:\/\/dimensionturistica.com\/es\/wp-json\/wp\/v2\/types\/post"}],"author":[{"embeddable":true,"href":"https:\/\/dimensionturistica.com\/es\/wp-json\/wp\/v2\/users\/1"}],"replies":[{"embeddable":true,"href":"https:\/\/dimensionturistica.com\/es\/wp-json\/wp\/v2\/comments?post=1091582"}],"version-history":[{"count":1,"href":"https:\/\/dimensionturistica.com\/es\/wp-json\/wp\/v2\/posts\/1091582\/revisions"}],"predecessor-version":[{"id":1091595,"href":"https:\/\/dimensionturistica.com\/es\/wp-json\/wp\/v2\/posts\/1091582\/revisions\/1091595"}],"wp:attachment":[{"href":"https:\/\/dimensionturistica.com\/es\/wp-json\/wp\/v2\/media?parent=1091582"}],"wp:term":[{"taxonomy":"category","embeddable":true,"href":"https:\/\/dimensionturistica.com\/es\/wp-json\/wp\/v2\/categories?post=1091582"},{"taxonomy":"post_tag","embeddable":true,"href":"https:\/\/dimensionturistica.com\/es\/wp-json\/wp\/v2\/tags?post=1091582"}],"curies":[{"name":"wp","href":"https:\/\/api.w.org\/{rel}","templated":true}]}}