{"id":1091430,"date":"2025-12-28T05:35:37","date_gmt":"2025-12-28T05:35:37","guid":{"rendered":"https:\/\/dimensionturistica.com\/es\/?p=1091430"},"modified":"2025-12-28T05:35:37","modified_gmt":"2025-12-28T05:35:37","slug":"las-reclamaciones-incluidas-en-el-acuerdo-los-viajes-de-petro-y-otros-secretos-en-el-reportaje","status":"publish","type":"post","link":"https:\/\/dimensionturistica.com\/es\/las-reclamaciones-incluidas-en-el-acuerdo-los-viajes-de-petro-y-otros-secretos-en-el-reportaje\/","title":{"rendered":"Las reclamaciones incluidas en el acuerdo, los viajes de Petro y otros secretos en el reportaje."},"content":{"rendered":"<h3>Descubriendo el Turismo desde Nuevas Perspectivas: La Influencia de la Pol\u00edtica en los Viajes<\/h3>\n<p>El turismo no solo se nutre de paisajes y cultura; tambi\u00e9n est\u00e1 intr\u00ednsecamente ligado a la pol\u00edtica y las decisiones que los l\u00edderes toman. En Colombia, el impacto de pol\u00edticas recientes ha provocado un revuelo en el sector tur\u00edstico, transformando la forma en que los viajeros perciben y disfrutan de este hermoso pa\u00eds.<\/p>\n<p>La llegada de un nuevo liderazgo ha tra\u00eddo consigo un enfoque diferente hacia el desarrollo tur\u00edstico, promoviendo una visi\u00f3n que prioriza la sostenibilidad y el acceso. Sin embargo, esta transici\u00f3n no est\u00e1 exenta de desaf\u00edos. Iniciativas que buscan fortalecer la infraestructura tur\u00edstica y mejorar la conectividad entre regiones son cruciales para que los destinos menos explorados comiencen a brillar.<\/p>\n<p>Uno de los principales objetivos en esta transformaci\u00f3n es fomentar la equidad territorial. Destinos que sol\u00edan quedar en la sombra del turismo masivo est\u00e1n surgiendo como nuevas propuestas, promoviendo la diversidad cultural y natural que Colombia tiene para ofrecer. Desde las paradis\u00edacas playas de la costa caribe\u00f1a hasta los imponentes paisajes de la regi\u00f3n andina, cada rinc\u00f3n cuenta con su propio atractivo que merece ser descubierto.<\/p>\n<p>Sin embargo, la incertidumbre pol\u00edtica puede generar inquietudes entre los turistas. Es esencial que se establezca un di\u00e1logo claro y transparente, donde se explique c\u00f3mo las pol\u00edticas afectar\u00e1n directamente a la experiencia de viaje. Este tipo de comunicaci\u00f3n ayuda a forjar la confianza necesaria para atraer visitantes que buscan no solo aventura, sino tambi\u00e9n un sentido de conexi\u00f3n y pertenencia.<\/p>\n<p>El ecosistema tur\u00edstico est\u00e1 llamado a adaptarse ante nuevos paradigmas. Las empresas del sector, desde peque\u00f1as posadas familiares hasta grandes operadores tur\u00edsticos, deben replantear sus estrategias para alinearse con los valores emergentes, donde la sostenibilidad y la responsabilidad social juegan un papel protag\u00f3nico. Esto no solo beneficiar\u00e1 a los viajeros, sino tambi\u00e9n a las comunidades locales que dependen del turismo como fuente de ingresos.<\/p>\n<p>A medida que Colombia redefine su ruta pol\u00edtica, los viajeros tienen la oportunidad de ser parte de este cambio, visitando destinos menos convencionales y apoyando iniciativas que priorizan el bienestar comunitario. Cada visita se convierte en una contribuci\u00f3n activa a la econom\u00eda y a la preservaci\u00f3n cultural de estas zonas.<\/p>\n<p>En resumen, el futuro del turismo en Colombia no solo est\u00e1 en manos del paisaje, sino tambi\u00e9n en las decisiones que se toman en los escritorios del poder. Un viaje a Colombia ya no es simplemente un recorrido por sus maravillas naturales, sino una oportunidad para involucrarse en una historia mayor de transformaci\u00f3n y esperanza. \u00a1Prep\u00e1rate para explorar un pa\u00eds en constante evoluci\u00f3n y descubre c\u00f3mo tus viajes pueden marcar la diferencia!<\/p>\n<p><em> &#8221; Fuentes www.elcolombiano.com &#8221; <\/em><\/p>\n","protected":false},"excerpt":{"rendered":"<p>Descubriendo el Turismo desde Nuevas Perspectivas: La Influencia de la Pol\u00edtica en los Viajes El turismo no solo se nutre de paisajes y cultura; tambi\u00e9n est\u00e1 intr\u00ednsecamente ligado a la pol\u00edtica y las decisiones que los l\u00edderes toman. En Colombia, el impacto de pol\u00edticas recientes ha provocado un revuelo en el sector tur\u00edstico, transformando la [&hellip;]<\/p>\n","protected":false},"author":4,"featured_media":1091431,"comment_status":"open","ping_status":"closed","sticky":false,"template":"","format":"standard","meta":{"om_disable_all_campaigns":false,"jnews-multi-image_gallery":[],"jnews_single_post":[],"jnews_primary_category":[],"jnews_social_meta":[],"footnotes":""},"categories":[39],"tags":[262042,68555,42681,14666,14288,21487,545],"class_list":["post-1091430","post","type-post","status-publish","format-standard","has-post-thumbnail","hentry","category-viajes","tag-de-buena-fuente","tag-noticias-el-colombiano","tag-pacto","tag-petro","tag-quejas","tag-secretos","tag-viajes"],"_links":{"self":[{"href":"https:\/\/dimensionturistica.com\/es\/wp-json\/wp\/v2\/posts\/1091430","targetHints":{"allow":["GET"]}}],"collection":[{"href":"https:\/\/dimensionturistica.com\/es\/wp-json\/wp\/v2\/posts"}],"about":[{"href":"https:\/\/dimensionturistica.com\/es\/wp-json\/wp\/v2\/types\/post"}],"author":[{"embeddable":true,"href":"https:\/\/dimensionturistica.com\/es\/wp-json\/wp\/v2\/users\/4"}],"replies":[{"embeddable":true,"href":"https:\/\/dimensionturistica.com\/es\/wp-json\/wp\/v2\/comments?post=1091430"}],"version-history":[{"count":1,"href":"https:\/\/dimensionturistica.com\/es\/wp-json\/wp\/v2\/posts\/1091430\/revisions"}],"predecessor-version":[{"id":1091432,"href":"https:\/\/dimensionturistica.com\/es\/wp-json\/wp\/v2\/posts\/1091430\/revisions\/1091432"}],"wp:featuredmedia":[{"embeddable":true,"href":"https:\/\/dimensionturistica.com\/es\/wp-json\/wp\/v2\/media\/1091431"}],"wp:attachment":[{"href":"https:\/\/dimensionturistica.com\/es\/wp-json\/wp\/v2\/media?parent=1091430"}],"wp:term":[{"taxonomy":"category","embeddable":true,"href":"https:\/\/dimensionturistica.com\/es\/wp-json\/wp\/v2\/categories?post=1091430"},{"taxonomy":"post_tag","embeddable":true,"href":"https:\/\/dimensionturistica.com\/es\/wp-json\/wp\/v2\/tags?post=1091430"}],"curies":[{"name":"wp","href":"https:\/\/api.w.org\/{rel}","templated":true}]}}