{"id":1091379,"date":"2025-12-28T00:47:04","date_gmt":"2025-12-28T00:47:04","guid":{"rendered":"https:\/\/dimensionturistica.com\/es\/?p=1091379"},"modified":"2025-12-28T00:47:04","modified_gmt":"2025-12-28T00:47:04","slug":"inversion-extranjera-directa-turistica-crece-40-3-en-el-tercer-trimestre-de-2025-y-alcanza-los-787-6-mdd","status":"publish","type":"post","link":"https:\/\/dimensionturistica.com\/es\/inversion-extranjera-directa-turistica-crece-40-3-en-el-tercer-trimestre-de-2025-y-alcanza-los-787-6-mdd\/","title":{"rendered":"Inversi\u00f3n Extranjera Directa Tur\u00edstica crece 40.3% en el tercer trimestre de 2025 y alcanza los 787.6 mdd"},"content":{"rendered":"\n<figure class=\"wp-block-gallery has-nested-images columns-default is-cropped wp-block-gallery-1 is-layout-flex wp-block-gallery-is-layout-flex\">\n<figure class=\"wp-block-image size-large\"><img decoding=\"async\" width=\"500\" height=\"78\" data-id=\"1091380\" src=\"https:\/\/dimensionturistica.com\/es\/wp-content\/uploads\/2025\/12\/1INVER.jpg\" alt=\"\" class=\"wp-image-1091380\" srcset=\"https:\/\/dimensionturistica.com\/es\/wp-content\/uploads\/2025\/12\/1INVER.jpg 500w, https:\/\/dimensionturistica.com\/es\/wp-content\/uploads\/2025\/12\/1INVER-300x47.jpg 300w\" sizes=\"(max-width: 500px) 100vw, 500px\" \/><\/figure>\n<\/figure>\n\n\n\n<p>La secretaria de Turismo del Gobierno de M\u00e9xico, Josefina Rodr\u00edguez Zamora, inform\u00f3 que en el tercer trimestre de 2025 la Inversi\u00f3n Extranjera Directa Tur\u00edstica alcanz\u00f3 787.6 millones de d\u00f3lares<\/p>\n\n\n\n<figure class=\"wp-block-gallery has-nested-images columns-default is-cropped wp-block-gallery-2 is-layout-flex wp-block-gallery-is-layout-flex\">\n<figure class=\"wp-block-image size-large\"><img decoding=\"async\" width=\"500\" height=\"333\" data-id=\"1091381\" src=\"https:\/\/dimensionturistica.com\/es\/wp-content\/uploads\/2025\/12\/2INVER.jpg\" alt=\"\" class=\"wp-image-1091381\" srcset=\"https:\/\/dimensionturistica.com\/es\/wp-content\/uploads\/2025\/12\/2INVER.jpg 500w, https:\/\/dimensionturistica.com\/es\/wp-content\/uploads\/2025\/12\/2INVER-300x200.jpg 300w\" sizes=\"(max-width: 500px) 100vw, 500px\" \/><\/figure>\n<\/figure>\n\n\n\n<p>\u201cEstos resultados confirman la confianza que existe en M\u00e9xico como un destino seguro, competitivo y atractivo para la inversi\u00f3n tur\u00edstica, resultado de una pol\u00edtica econ\u00f3mica orientada a la estabilidad, impulsada por el Gobierno de M\u00e9xico bajo el liderazgo de la Presidenta Claudia Sheinbaum Pardo, en combinaci\u00f3n con la riqueza de nuestros destinos y el trabajo coordinado entre los distintos \u00f3rdenes de gobierno y la iniciativa privada\u201d, manifest\u00f3.<\/p>\n\n\n\n<p>Subray\u00f3 que, en el acumulado de enero a septiembre de 2025, la IEDT sum\u00f3 2 mil 100.1 millones de d\u00f3lares, cifra equivalente al 5.1 por ciento del total de la Inversi\u00f3n Extranjera Directa captada en el pa\u00eds, la cual ascendi\u00f3 a 40,905.6 millones de d\u00f3lares durante el mismo periodo, consolidando al turismo como uno de los principales motores de desarrollo econ\u00f3mico y generaci\u00f3n de empleo.<\/p>\n\n\n\n<figure class=\"wp-block-gallery has-nested-images columns-default is-cropped wp-block-gallery-3 is-layout-flex wp-block-gallery-is-layout-flex\">\n<figure class=\"wp-block-image size-large\"><img decoding=\"async\" width=\"500\" height=\"332\" data-id=\"1091382\" src=\"https:\/\/dimensionturistica.com\/es\/wp-content\/uploads\/2025\/12\/3INVER.jpg\" alt=\"\" class=\"wp-image-1091382\" srcset=\"https:\/\/dimensionturistica.com\/es\/wp-content\/uploads\/2025\/12\/3INVER.jpg 500w, https:\/\/dimensionturistica.com\/es\/wp-content\/uploads\/2025\/12\/3INVER-300x199.jpg 300w\" sizes=\"(max-width: 500px) 100vw, 500px\" \/><\/figure>\n<\/figure>\n\n\n\n<p>Rodr\u00edguez Zamora subray\u00f3 que \u201cla llegada de capital extranjero al sector tur\u00edstico no s\u00f3lo fortalece la infraestructura y la calidad de los servicios, sino que tambi\u00e9n impulsa el desarrollo regional, genera bienestar para las comunidades y contribuye a que el turismo siga siendo el sector de las buenas noticias\u201d.<\/p>\n\n\n\n<figure class=\"wp-block-gallery has-nested-images columns-default is-cropped wp-block-gallery-4 is-layout-flex wp-block-gallery-is-layout-flex\">\n<figure class=\"wp-block-image size-large\"><img decoding=\"async\" width=\"500\" height=\"375\" data-id=\"1091383\" src=\"https:\/\/dimensionturistica.com\/es\/wp-content\/uploads\/2025\/12\/6INVER.jpg\" alt=\"\" class=\"wp-image-1091383\" srcset=\"https:\/\/dimensionturistica.com\/es\/wp-content\/uploads\/2025\/12\/6INVER.jpg 500w, https:\/\/dimensionturistica.com\/es\/wp-content\/uploads\/2025\/12\/6INVER-300x225.jpg 300w\" sizes=\"(max-width: 500px) 100vw, 500px\" \/><\/figure>\n<\/figure>\n\n\n\n<p>Precis\u00f3 que, por tipo de actividad, en el tercer trimestre de 2025 destac\u00f3 la inversi\u00f3n dirigida a departamentos y casas amueblados con servicios de hoteler\u00eda, que concentraron 687.6 millones de d\u00f3lares, as\u00ed como a hoteles con otros servicios integrados, con 99.8 millones de d\u00f3lares. En conjunto, ambos rubros sumaron 787.4 millones de d\u00f3lares.<\/p>\n","protected":false},"excerpt":{"rendered":"<p>La secretaria de Turismo del Gobierno de M\u00e9xico, Josefina Rodr\u00edguez Zamora, inform\u00f3 que en el tercer trimestre de 2025 la Inversi\u00f3n Extranjera Directa Tur\u00edstica alcanz\u00f3 787.6 millones de d\u00f3lares \u201cEstos resultados confirman la confianza que existe en M\u00e9xico como un destino seguro, competitivo y atractivo para la inversi\u00f3n tur\u00edstica, resultado de una pol\u00edtica econ\u00f3mica orientada [&hellip;]<\/p>\n","protected":false},"author":1,"featured_media":0,"comment_status":"open","ping_status":"closed","sticky":false,"template":"","format":"standard","meta":{"om_disable_all_campaigns":false,"jnews-multi-image_gallery":[],"jnews_single_post":{"format":"standard"},"jnews_primary_category":[],"jnews_social_meta":[],"footnotes":""},"categories":[39],"tags":[],"class_list":["post-1091379","post","type-post","status-publish","format-standard","hentry","category-viajes"],"_links":{"self":[{"href":"https:\/\/dimensionturistica.com\/es\/wp-json\/wp\/v2\/posts\/1091379","targetHints":{"allow":["GET"]}}],"collection":[{"href":"https:\/\/dimensionturistica.com\/es\/wp-json\/wp\/v2\/posts"}],"about":[{"href":"https:\/\/dimensionturistica.com\/es\/wp-json\/wp\/v2\/types\/post"}],"author":[{"embeddable":true,"href":"https:\/\/dimensionturistica.com\/es\/wp-json\/wp\/v2\/users\/1"}],"replies":[{"embeddable":true,"href":"https:\/\/dimensionturistica.com\/es\/wp-json\/wp\/v2\/comments?post=1091379"}],"version-history":[{"count":1,"href":"https:\/\/dimensionturistica.com\/es\/wp-json\/wp\/v2\/posts\/1091379\/revisions"}],"predecessor-version":[{"id":1091384,"href":"https:\/\/dimensionturistica.com\/es\/wp-json\/wp\/v2\/posts\/1091379\/revisions\/1091384"}],"wp:attachment":[{"href":"https:\/\/dimensionturistica.com\/es\/wp-json\/wp\/v2\/media?parent=1091379"}],"wp:term":[{"taxonomy":"category","embeddable":true,"href":"https:\/\/dimensionturistica.com\/es\/wp-json\/wp\/v2\/categories?post=1091379"},{"taxonomy":"post_tag","embeddable":true,"href":"https:\/\/dimensionturistica.com\/es\/wp-json\/wp\/v2\/tags?post=1091379"}],"curies":[{"name":"wp","href":"https:\/\/api.w.org\/{rel}","templated":true}]}}