{"id":1091037,"date":"2025-12-26T21:05:09","date_gmt":"2025-12-26T21:05:09","guid":{"rendered":"https:\/\/dimensionturistica.com\/es\/?p=1091037"},"modified":"2025-12-26T21:05:09","modified_gmt":"2025-12-26T21:05:09","slug":"la-agencia-bombay-la-nueva-aliada-creativa-de-grupo-bacardi-para-impulsar-sus-marcas-de-tequila-y-mezcal","status":"publish","type":"post","link":"https:\/\/dimensionturistica.com\/es\/la-agencia-bombay-la-nueva-aliada-creativa-de-grupo-bacardi-para-impulsar-sus-marcas-de-tequila-y-mezcal\/","title":{"rendered":"La Agencia Bombay, la nueva aliada creativa de Grupo Bacard\u00ed para impulsar sus marcas de Tequila y Mezcal"},"content":{"rendered":"\n<figure class=\"wp-block-gallery has-nested-images columns-default is-cropped wp-block-gallery-1 is-layout-flex wp-block-gallery-is-layout-flex\">\n<figure class=\"wp-block-image size-large\"><img decoding=\"async\" width=\"427\" height=\"256\" data-id=\"1091038\" src=\"https:\/\/dimensionturistica.com\/es\/wp-content\/uploads\/2025\/12\/1BOMBAY.jpg\" alt=\"\" class=\"wp-image-1091038\" srcset=\"https:\/\/dimensionturistica.com\/es\/wp-content\/uploads\/2025\/12\/1BOMBAY.jpg 427w, https:\/\/dimensionturistica.com\/es\/wp-content\/uploads\/2025\/12\/1BOMBAY-300x180.jpg 300w\" sizes=\"(max-width: 427px) 100vw, 427px\" \/><\/figure>\n<\/figure>\n\n\n\n<p>&nbsp;Grupo Bacard\u00ed ha seleccionado a la agencia independiente Bombay para liderar la creatividad y publicidad de la categor\u00eda Agaves en el mercado mexicano. Esta asociaci\u00f3n estrat\u00e9gica busca impulsar el crecimiento y la presencia de marcas clave del grupo en un segmento fundamental para destilados como el tequila y el mezcal.<\/p>\n\n\n\n<p>La mancuerna creativa y de negocios formada por Mike Ruiz, en la Direcci\u00f3n Creativa de Bombay junto a Manuel Vega, y Gonzalo Mart\u00ednez, a cargo de la Direcci\u00f3n General, ser\u00e1 la encargada de guiar al equipo que liderar\u00e1 la cuenta. El objetivo es claro: conectar con nuevas generaciones de consumidores a trav\u00e9s de distintos canales y contenidos de valor.<\/p>\n\n\n\n<p>Con una trayectoria construida como gu\u00eda y aliada de las marcas, Bombay trabaja ya para desafiar lo establecido. \u201cNos emociona enormemente explorar los nuevos caminos estrat\u00e9gicos que emprenderemos junto a Grupo Bacard\u00ed para impulsar sus marcas de tequila y mezcal en M\u00e9xico. La categor\u00eda Agaves es vibrante y est\u00e1 en constante evoluci\u00f3n, por lo que nuestra misi\u00f3n ser\u00e1 conectar profundamente con el consumidor, desarrollando ideas creativas que no solo generen visibilidad, sino que tambi\u00e9n refuercen la herencia y calidad inigualable de su portafolio en este segmento\u201d, comparte Gonzalo Mart\u00ednez.<\/p>\n\n\n\n<figure class=\"wp-block-gallery has-nested-images columns-default is-cropped wp-block-gallery-2 is-layout-flex wp-block-gallery-is-layout-flex\">\n<figure class=\"wp-block-image size-large\"><img decoding=\"async\" width=\"464\" height=\"374\" data-id=\"1091039\" src=\"https:\/\/dimensionturistica.com\/es\/wp-content\/uploads\/2025\/12\/3BOMBAY.jpg\" alt=\"\" class=\"wp-image-1091039\" srcset=\"https:\/\/dimensionturistica.com\/es\/wp-content\/uploads\/2025\/12\/3BOMBAY.jpg 464w, https:\/\/dimensionturistica.com\/es\/wp-content\/uploads\/2025\/12\/3BOMBAY-300x242.jpg 300w\" sizes=\"(max-width: 464px) 100vw, 464px\" \/><\/figure>\n<\/figure>\n\n\n\n<p>En tanto, Mike Ruiz comenta que \u201cLa tarea principal de Bombay ser\u00e1 la de decodificar c\u00f3mo los j\u00f3venes adoptan las marcas, entendi\u00e9ndolas no s\u00f3lo como parte de un gusto, sino como un elemento que se integra en sus estilos de vida. Se trata de una gran oportunidad para crear campa\u00f1as que resuenen aut\u00e9nticamente con una audiencia que exige mensajes con prop\u00f3sito y que rechaza la publicidad tradicional\u201d.<\/p>\n\n\n\n<p>Por otro lado, Manuel Vega apunta que \u201ces un gran momento para encontrar, crear e introducir nuevas narrativas en la categor\u00eda de agaves, agn\u00f3sticas de los formatos y que \u00e9stas puedan ser adoptadas horizontalmente en la conversaci\u00f3n cultural, relevantes para la gente. Sin duda, el grupo de marcas que estaremos liderando como agencia l\u00edder para Bacard\u00ed, tienen el potencial para hacerlo. Es un reto inspirador y para ello estamos robusteciendo al equipo con la inclusi\u00f3n de Pamela Espa\u00f1a y Fabiola Salazar, nuevas directoras creativas de grupo con muy buena trayectoria y experiencia diversa en marcas high-end y consultor\u00eda digital. Ya estaremos viendo los primeros esfuerzos del trabajo al aire en un par de meses. Ser\u00e1 un gran 2026\u201d.<\/p>\n\n\n\n<p>Con esta colaboraci\u00f3n, Grupo Bacard\u00ed apuesta por la creatividad independiente y el pensamiento estrat\u00e9gico de una agencia que ha demostrado consistentemente su capacidad para crear campa\u00f1as memorables y verdaderamente conectadas con la audiencia. La expectativa es que la visi\u00f3n disruptiva de Bombay inicie una nueva era de comunicaci\u00f3n para la categor\u00eda Agaves.<\/p>\n","protected":false},"excerpt":{"rendered":"<p>&nbsp;Grupo Bacard\u00ed ha seleccionado a la agencia independiente Bombay para liderar la creatividad y publicidad de la categor\u00eda Agaves en el mercado mexicano. Esta asociaci\u00f3n estrat\u00e9gica busca impulsar el crecimiento y la presencia de marcas clave del grupo en un segmento fundamental para destilados como el tequila y el mezcal. La mancuerna creativa y de [&hellip;]<\/p>\n","protected":false},"author":1,"featured_media":0,"comment_status":"open","ping_status":"closed","sticky":false,"template":"","format":"standard","meta":{"om_disable_all_campaigns":false,"jnews-multi-image_gallery":[],"jnews_single_post":{"format":"standard"},"jnews_primary_category":[],"jnews_social_meta":[],"footnotes":""},"categories":[40],"tags":[],"class_list":["post-1091037","post","type-post","status-publish","format-standard","hentry","category-industria"],"_links":{"self":[{"href":"https:\/\/dimensionturistica.com\/es\/wp-json\/wp\/v2\/posts\/1091037","targetHints":{"allow":["GET"]}}],"collection":[{"href":"https:\/\/dimensionturistica.com\/es\/wp-json\/wp\/v2\/posts"}],"about":[{"href":"https:\/\/dimensionturistica.com\/es\/wp-json\/wp\/v2\/types\/post"}],"author":[{"embeddable":true,"href":"https:\/\/dimensionturistica.com\/es\/wp-json\/wp\/v2\/users\/1"}],"replies":[{"embeddable":true,"href":"https:\/\/dimensionturistica.com\/es\/wp-json\/wp\/v2\/comments?post=1091037"}],"version-history":[{"count":1,"href":"https:\/\/dimensionturistica.com\/es\/wp-json\/wp\/v2\/posts\/1091037\/revisions"}],"predecessor-version":[{"id":1091040,"href":"https:\/\/dimensionturistica.com\/es\/wp-json\/wp\/v2\/posts\/1091037\/revisions\/1091040"}],"wp:attachment":[{"href":"https:\/\/dimensionturistica.com\/es\/wp-json\/wp\/v2\/media?parent=1091037"}],"wp:term":[{"taxonomy":"category","embeddable":true,"href":"https:\/\/dimensionturistica.com\/es\/wp-json\/wp\/v2\/categories?post=1091037"},{"taxonomy":"post_tag","embeddable":true,"href":"https:\/\/dimensionturistica.com\/es\/wp-json\/wp\/v2\/tags?post=1091037"}],"curies":[{"name":"wp","href":"https:\/\/api.w.org\/{rel}","templated":true}]}}