{"id":1090819,"date":"2025-12-26T11:51:34","date_gmt":"2025-12-26T11:51:34","guid":{"rendered":"https:\/\/dimensionturistica.com\/es\/?p=1090819"},"modified":"2025-12-26T11:51:34","modified_gmt":"2025-12-26T11:51:34","slug":"los-mejores-tintes-para-cabello-canoso-eliminen-los-tonos-amarillos-y-aumenten-la-brillosidad","status":"publish","type":"post","link":"https:\/\/dimensionturistica.com\/es\/los-mejores-tintes-para-cabello-canoso-eliminen-los-tonos-amarillos-y-aumenten-la-brillosidad\/","title":{"rendered":"Los Mejores Tintes para Cabello Canoso Eliminen los Tonos Amarillos y Aumenten la Brillosidad"},"content":{"rendered":"<h3>El Renacer del Cabello Gris: C\u00f3mo Potenciar su Belleza<\/h3>\n<p>El cabello gris ha dejado de ser considerado un signo de edad y se ha convertido en un s\u00edmbolo de estilo y empoderamiento. Mientras la sociedad avanza hacia la aceptaci\u00f3n de la diversidad en la belleza, un nuevo enfoque est\u00e1 surgiendo sobre c\u00f3mo tratar y resaltar estos tonos plateados. La tendencia actual se centra en el uso de t\u00f3nicos dise\u00f1ados espec\u00edficamente para el cabello gris, que no solo mantienen la luminosidad sino que tambi\u00e9n realzan su elegancia natural.<\/p>\n<h4>T\u00f3nicos: La Revoluci\u00f3n en el Cuidado del Cabello Gris<\/h4>\n<p>Los t\u00f3nicos para cabello gris han sido formulados cuidadosamente para combatir los efectos del tiempo y la exposici\u00f3n. Muchos de ellos incluyen pigmentos violetas, que contrarrestan los tonos amarillentos que pueden aparecer con el tiempo. Este enfoque innovador permite que el cabello mantenga su brillo y frescura, transform\u00e1ndolo en un lienzo que refleja sofisticaci\u00f3n.<\/p>\n<p>El proceso de aplicaci\u00f3n es sencillo, y su versatilidad se adapta a diversos estilos y texturas. Utilizar un t\u00f3nico no solo es una forma de cuidar el cabello, sino tambi\u00e9n una experiencia de autoexpresi\u00f3n que potencia la individualidad. Cada aplicaci\u00f3n se convierte en una oportunidad de crear un look que resalte la belleza \u00fanica de cada persona.<\/p>\n<h4>Estilos que Marcan Tendencia<\/h4>\n<p>Los looks que emergen de esta tendencia hacia el cabello gris son variados y emocionantes. Desde cortes cl\u00e1sicos hasta estilos m\u00e1s atrevidos, el cabello gris se combina perfectamente con diferentes tipos de peinados. La textura juega un papel fundamental: un cabello rizado puede parecer a\u00fan m\u00e1s vibrante con los tonos correctos, mientras que un corte recto y liso puede ofrecer un aspecto pulido y moderno. La clave est\u00e1 en el uso de los productos adecuados para cada tipo de cabello.<\/p>\n<h4>Inspiraci\u00f3n de Ic\u00f3nicas Celebridades<\/h4>\n<p>La influencia de las celebridades no puede subestimarse en esta revoluci\u00f3n del cabello gris. Figuras p\u00fablicas han hecho del cabello plateado un sello personal, inspirando a millones a adoptar esta tendencia con confianza. Abrazar el gris no solo es una declaraci\u00f3n de estilo, sino tambi\u00e9n un grito de independencia de los est\u00e1ndares de belleza tradicionales. <\/p>\n<h4>Una Nueva Definici\u00f3n de la Belleza<\/h4>\n<p>A medida que la cultura se torna m\u00e1s inclusiva y diversa, el cabello gris ha encontrado su lugar en la vanguardia de la moda. Este movimiento no solo desaf\u00eda las nociones preconcebidas sobre la belleza y la juventud, sino que tambi\u00e9n fomenta un sentido de comunidad entre quienes eligen dejar que sus canas resplandezcan. <\/p>\n<p>El uso de t\u00f3nicos se integra como una herramienta esencial en este viaje de transformaci\u00f3n, permitiendo que cada persona explore y exprese su verdadero yo. La aceptaci\u00f3n y celebraci\u00f3n del cabello gris se consolidan como una aut\u00e9ntica tendencia de empoderamiento, donde la belleza se define a trav\u00e9s de la singularidad y el estilo personal.<\/p>\n<h3>Un Futuro Brillante para el Cabello Gris<\/h3>\n<p>Con el auge de los t\u00f3nicos y la creciente aceptaci\u00f3n del cabello gris, el mundo de la moda se encuentra en un momento emocionante. Las personas est\u00e1n descobriendo que el cabello gris puede ser tan estiloso como cualquier otro color, y la moda est\u00e1 respondiendo a esta demanda con un enfoque renovado sobre la belleza que impulsa la autoexpresi\u00f3n y la autenticidad. <\/p>\n<p>La moda siempre ha sido un reflejo de la \u00e9poca, y actualmente, la celebraci\u00f3n de las canas representa un paso hacia un futuro donde cada matiz del cabello se valora y se abraza. Esta nueva era del cabello gris est\u00e1 aqu\u00ed para quedarse, invitando a todos a unirse al movimiento y experimentar la transformaci\u00f3n con un toque de sofisticaci\u00f3n que deslumbra.<\/p>\n<p><em> &#8221; Fuentes www.vogue.com &#8221; <\/em><\/p>\n","protected":false},"excerpt":{"rendered":"<p>El Renacer del Cabello Gris: C\u00f3mo Potenciar su Belleza El cabello gris ha dejado de ser considerado un signo de edad y se ha convertido en un s\u00edmbolo de estilo y empoderamiento. Mientras la sociedad avanza hacia la aceptaci\u00f3n de la diversidad en la belleza, un nuevo enfoque est\u00e1 surgiendo sobre c\u00f3mo tratar y resaltar [&hellip;]<\/p>\n","protected":false},"author":14,"featured_media":1090820,"comment_status":"open","ping_status":"closed","sticky":false,"template":"","format":"standard","meta":{"om_disable_all_campaigns":false,"jnews-multi-image_gallery":[],"jnews_single_post":[],"jnews_primary_category":[],"jnews_social_meta":[],"footnotes":""},"categories":[144872],"tags":[198537,250506,250531,198594,198536,198535,72867,136391,261857,200560,124349,200561,208499,203281,261858,198499,202,222886,217122,198500,241805,373],"class_list":["post-1090819","post","type-post","status-publish","format-standard","has-post-thumbnail","hentry","category-fashion","tag-_commerce","tag-_presets_commerce_vogue","tag-_presets_commerce_vogue_beauty","tag-_sensitivecontent","tag-_seo","tag-_syndication_noshow","tag-beauty","tag-beauty-tips","tag-brassiness","tag-gray-hair","tag-hair-care","tag-hair-color","tag-hair-products","tag-hair-treatment","tag-luminosity","tag-onecolumn","tag-shopping","tag-silver-hair","tag-storytypecategory-guide-comparison","tag-textabovecenterfullbleed","tag-toners","tag-web"],"_links":{"self":[{"href":"https:\/\/dimensionturistica.com\/es\/wp-json\/wp\/v2\/posts\/1090819","targetHints":{"allow":["GET"]}}],"collection":[{"href":"https:\/\/dimensionturistica.com\/es\/wp-json\/wp\/v2\/posts"}],"about":[{"href":"https:\/\/dimensionturistica.com\/es\/wp-json\/wp\/v2\/types\/post"}],"author":[{"embeddable":true,"href":"https:\/\/dimensionturistica.com\/es\/wp-json\/wp\/v2\/users\/14"}],"replies":[{"embeddable":true,"href":"https:\/\/dimensionturistica.com\/es\/wp-json\/wp\/v2\/comments?post=1090819"}],"version-history":[{"count":1,"href":"https:\/\/dimensionturistica.com\/es\/wp-json\/wp\/v2\/posts\/1090819\/revisions"}],"predecessor-version":[{"id":1090821,"href":"https:\/\/dimensionturistica.com\/es\/wp-json\/wp\/v2\/posts\/1090819\/revisions\/1090821"}],"wp:featuredmedia":[{"embeddable":true,"href":"https:\/\/dimensionturistica.com\/es\/wp-json\/wp\/v2\/media\/1090820"}],"wp:attachment":[{"href":"https:\/\/dimensionturistica.com\/es\/wp-json\/wp\/v2\/media?parent=1090819"}],"wp:term":[{"taxonomy":"category","embeddable":true,"href":"https:\/\/dimensionturistica.com\/es\/wp-json\/wp\/v2\/categories?post=1090819"},{"taxonomy":"post_tag","embeddable":true,"href":"https:\/\/dimensionturistica.com\/es\/wp-json\/wp\/v2\/tags?post=1090819"}],"curies":[{"name":"wp","href":"https:\/\/api.w.org\/{rel}","templated":true}]}}