{"id":1090664,"date":"2025-12-25T20:15:01","date_gmt":"2025-12-25T20:15:01","guid":{"rendered":"https:\/\/dimensionturistica.com\/es\/?p=1090664"},"modified":"2025-12-25T20:15:01","modified_gmt":"2025-12-25T20:15:01","slug":"nh-collection-mexico-city-reforma-invita-a-brindar-por-el-ano-nuevo-con-una-experiencia-elegante-e-inolvidable","status":"publish","type":"post","link":"https:\/\/dimensionturistica.com\/es\/nh-collection-mexico-city-reforma-invita-a-brindar-por-el-ano-nuevo-con-una-experiencia-elegante-e-inolvidable\/","title":{"rendered":"NH Collection Mexico City Reforma invita a brindar por el A\u00f1o Nuevo con una experiencia elegante e inolvidable"},"content":{"rendered":"\n<figure class=\"wp-block-gallery has-nested-images columns-default is-cropped wp-block-gallery-1 is-layout-flex wp-block-gallery-is-layout-flex\">\n<figure class=\"wp-block-image size-large\"><img decoding=\"async\" width=\"500\" height=\"218\" data-id=\"1090665\" src=\"https:\/\/dimensionturistica.com\/es\/wp-content\/uploads\/2025\/12\/1NH.jpg\" alt=\"\" class=\"wp-image-1090665\" srcset=\"https:\/\/dimensionturistica.com\/es\/wp-content\/uploads\/2025\/12\/1NH.jpg 500w, https:\/\/dimensionturistica.com\/es\/wp-content\/uploads\/2025\/12\/1NH-300x131.jpg 300w\" sizes=\"(max-width: 500px) 100vw, 500px\" \/><\/figure>\n<\/figure>\n\n\n\n<p>Minor Hotels, Minor Hotels, l\u00edder global en el sector de la hospitalidad, con m\u00e1s de 640 hoteles, resorts y branded residences en 59 pa\u00edses de Asia Pac\u00edfico, Oriente Medio, \u00c1frica, el Oc\u00e9ano \u00cdndico, Europa y Am\u00e9rica, en el marco de las celebraciones de fin de a\u00f1o, suma al NH Collection Mexico City Reforma a la agenda decembrina de la capital con una propuesta especial para recibir el A\u00f1o Nuevo en uno de los corredores m\u00e1s<\/p>\n\n\n\n<p>emblem\u00e1ticos de la ciudad.<\/p>\n\n\n\n<p>La noche del 31 de diciembre de 2025, el hotel ofrecer\u00e1 una experiencia dise\u00f1ada para acompa\u00f1ar la transici\u00f3n al nuevo a\u00f1o en un ambiente contempor\u00e1neo y elegante, que integra gastronom\u00eda, m\u00fasica y hospitalidad. La celebraci\u00f3n se llevar\u00e1 a cabo de 20:00 horas del 31 de diciembre a 12:00<\/p>\n\n\n\n<p>horas del 1 de enero, en el restaurante del hotel ubicado a unas calles de Pase de la Reforma.<\/p>\n\n\n\n<figure class=\"wp-block-gallery has-nested-images columns-default is-cropped wp-block-gallery-2 is-layout-flex wp-block-gallery-is-layout-flex\">\n<figure class=\"wp-block-image size-large\"><img decoding=\"async\" width=\"500\" height=\"663\" data-id=\"1090666\" src=\"https:\/\/dimensionturistica.com\/es\/wp-content\/uploads\/2025\/12\/5NH.jpg\" alt=\"\" class=\"wp-image-1090666\" srcset=\"https:\/\/dimensionturistica.com\/es\/wp-content\/uploads\/2025\/12\/5NH.jpg 500w, https:\/\/dimensionturistica.com\/es\/wp-content\/uploads\/2025\/12\/5NH-226x300.jpg 226w\" sizes=\"(max-width: 500px) 100vw, 500px\" \/><figcaption class=\"wp-element-caption\">Celebraci\u00f3n elegante en interiores con un grupo de adultos mexicanos y latinos (tonos de piel c\u00e1lidos, cabello oscuro, rasgos latinos aut\u00e9nticos), vestidos de noche negros y trajes formales, confeti cayendo, globos dorados y plateados, iluminaci\u00f3n c\u00e1lida cinematogr\u00e1fica, ambiente festivo y espont\u00e1neo, expresiones genuinas de risa, fotograf\u00eda editorial de alta calidad, rostros realistas y bien proporcionados, piel detallada, coherencia anat\u00f3mica, manos realistas y bien formadas, no distorted faces, no warped features, no distorted hands, nitidez profesional, profundidad de campo suave, estilo premium &#8211;ar 3:4 &#8211;profile nfh4tvm &#8211;v 7 Job ID: fb0ed5e3-d1ce-4797-bc6d-f531fa005780<\/figcaption><\/figure>\n<\/figure>\n\n\n\n<p>La experiencia de NH Collection Mexico City Reforma contempla c\u00f3ctel de bienvenida, men\u00fa de cuatro tiempos, m\u00fasica en vivo, las tradicionales 12 uvas, copa de vino espumoso y souvenirs conmemorativos para toda la familia.<\/p>\n\n\n\n<p>Durante esta fecha, Paseo de la Reforma se consolida como uno de los principales puntos de encuentro para locales y visitantes, con una atm\u00f3sfera festiva marcada por iluminaci\u00f3n especial,<\/p>\n\n\n\n<p>recorridos nocturnos, actividad cultural, opciones gastron\u00f3micas y la cercan\u00eda con sitios ic\u00f3nicos como el \u00c1ngel de la Independencia, tradicionalmente asociado a celebraciones para recibir el A\u00f1o<\/p>\n\n\n\n<p>Nuevo. La zona tambi\u00e9n permite disfrutar de caminatas urbanas, vistas emblem\u00e1ticas de la ciudad y acceso a museos, galer\u00edas y espacios culturales que enriquecen la experiencia del destino.<\/p>\n\n\n\n<p>Gracias a su ubicaci\u00f3n estrat\u00e9gica, el hotel se posiciona como un punto de partida para quienes desean combinar una celebraci\u00f3n organizada con las actividades que ofrece el destino durante la noche de A\u00f1o Nuevo, conectando hospitalidad, vida urbana y tradici\u00f3n en una de las avenidas m\u00e1s representativas de la Ciudad de M\u00e9xico.<\/p>\n\n\n\n<p>Esta propuesta forma parte de la programaci\u00f3n de temporada de NH Collection en M\u00e9xico, enfocada en generar experiencias que acompa\u00f1en los momentos m\u00e1s relevantes del calendario anual, manteniendo est\u00e1ndares de servicio alineados con la hospitalidad contempor\u00e1nea de la marca.<\/p>\n\n\n\n<p>Las reservaciones ya se encuentran abiertas.<\/p>\n\n\n\n<p><\/p>\n","protected":false},"excerpt":{"rendered":"<p>Minor Hotels, Minor Hotels, l\u00edder global en el sector de la hospitalidad, con m\u00e1s de 640 hoteles, resorts y branded residences en 59 pa\u00edses de Asia Pac\u00edfico, Oriente Medio, \u00c1frica, el Oc\u00e9ano \u00cdndico, Europa y Am\u00e9rica, en el marco de las celebraciones de fin de a\u00f1o, suma al NH Collection Mexico City Reforma a la [&hellip;]<\/p>\n","protected":false},"author":1,"featured_media":0,"comment_status":"open","ping_status":"closed","sticky":false,"template":"","format":"standard","meta":{"om_disable_all_campaigns":false,"jnews-multi-image_gallery":[],"jnews_single_post":[],"jnews_primary_category":[],"jnews_social_meta":[],"footnotes":""},"categories":[43],"tags":[],"class_list":["post-1090664","post","type-post","status-publish","format-standard","hentry","category-gourmet"],"_links":{"self":[{"href":"https:\/\/dimensionturistica.com\/es\/wp-json\/wp\/v2\/posts\/1090664","targetHints":{"allow":["GET"]}}],"collection":[{"href":"https:\/\/dimensionturistica.com\/es\/wp-json\/wp\/v2\/posts"}],"about":[{"href":"https:\/\/dimensionturistica.com\/es\/wp-json\/wp\/v2\/types\/post"}],"author":[{"embeddable":true,"href":"https:\/\/dimensionturistica.com\/es\/wp-json\/wp\/v2\/users\/1"}],"replies":[{"embeddable":true,"href":"https:\/\/dimensionturistica.com\/es\/wp-json\/wp\/v2\/comments?post=1090664"}],"version-history":[{"count":1,"href":"https:\/\/dimensionturistica.com\/es\/wp-json\/wp\/v2\/posts\/1090664\/revisions"}],"predecessor-version":[{"id":1090667,"href":"https:\/\/dimensionturistica.com\/es\/wp-json\/wp\/v2\/posts\/1090664\/revisions\/1090667"}],"wp:attachment":[{"href":"https:\/\/dimensionturistica.com\/es\/wp-json\/wp\/v2\/media?parent=1090664"}],"wp:term":[{"taxonomy":"category","embeddable":true,"href":"https:\/\/dimensionturistica.com\/es\/wp-json\/wp\/v2\/categories?post=1090664"},{"taxonomy":"post_tag","embeddable":true,"href":"https:\/\/dimensionturistica.com\/es\/wp-json\/wp\/v2\/tags?post=1090664"}],"curies":[{"name":"wp","href":"https:\/\/api.w.org\/{rel}","templated":true}]}}