{"id":1090644,"date":"2025-12-25T19:35:52","date_gmt":"2025-12-25T19:35:52","guid":{"rendered":"https:\/\/dimensionturistica.com\/es\/?p=1090644"},"modified":"2025-12-25T19:35:52","modified_gmt":"2025-12-25T19:35:52","slug":"propositos-para-este-ano-autocuidado-y-salud-cerebral","status":"publish","type":"post","link":"https:\/\/dimensionturistica.com\/es\/propositos-para-este-ano-autocuidado-y-salud-cerebral\/","title":{"rendered":"Prop\u00f3sitos para este a\u00f1o: Autocuidado y salud cerebral"},"content":{"rendered":"\n<figure class=\"wp-block-gallery has-nested-images columns-default is-cropped wp-block-gallery-1 is-layout-flex wp-block-gallery-is-layout-flex\">\n<figure class=\"wp-block-image size-large\"><img decoding=\"async\" width=\"500\" height=\"301\" data-id=\"1090645\" src=\"https:\/\/dimensionturistica.com\/es\/wp-content\/uploads\/2025\/12\/1EISA.jpg\" alt=\"\" class=\"wp-image-1090645\" srcset=\"https:\/\/dimensionturistica.com\/es\/wp-content\/uploads\/2025\/12\/1EISA.jpg 500w, https:\/\/dimensionturistica.com\/es\/wp-content\/uploads\/2025\/12\/1EISA-300x181.jpg 300w\" sizes=\"(max-width: 500px) 100vw, 500px\" \/><\/figure>\n<\/figure>\n\n\n\n<p>La memoria es un pilar de la identidad,&nbsp; la autonom\u00eda y la calidad de vida;aunque el paso del tiempo transforma la mente, hoy existe mayor evidencia de que es posible fortalecer la salud cerebral a trav\u00e9s de h\u00e1bitos cotidianos de autocuidado.<\/p>\n\n\n\n<figure class=\"wp-block-gallery has-nested-images columns-default is-cropped wp-block-gallery-2 is-layout-flex wp-block-gallery-is-layout-flex\">\n<figure class=\"wp-block-image size-large\"><img decoding=\"async\" width=\"500\" height=\"887\" data-id=\"1090646\" src=\"https:\/\/dimensionturistica.com\/es\/wp-content\/uploads\/2025\/12\/5AISA.jpg\" alt=\"\" class=\"wp-image-1090646\" srcset=\"https:\/\/dimensionturistica.com\/es\/wp-content\/uploads\/2025\/12\/5AISA.jpg 500w, https:\/\/dimensionturistica.com\/es\/wp-content\/uploads\/2025\/12\/5AISA-169x300.jpg 169w\" sizes=\"(max-width: 500px) 100vw, 500px\" \/><figcaption class=\"wp-element-caption\">Screenshot<\/figcaption><\/figure>\n<\/figure>\n\n\n\n<p>Este nuevo a\u00f1o representa una oportunidad para plantear prop\u00f3sitos que impacten no solo el bienestar f\u00edsico, sino tambi\u00e9n la salud mental y cognitiva. La prevenci\u00f3n y el diagn\u00f3stico temprano pueden modificar el curso de enfermedades como el Alzheimer, permitiendo una mejor comprensi\u00f3n de los cambios y un abordaje integral que mejore la calidad de vida de las personas que viven con la condici\u00f3n, as\u00ed como un impacto positivo para sus familias y cuidadores.<\/p>\n","protected":false},"excerpt":{"rendered":"<p>La memoria es un pilar de la identidad,&nbsp; la autonom\u00eda y la calidad de vida;aunque el paso del tiempo transforma la mente, hoy existe mayor evidencia de que es posible fortalecer la salud cerebral a trav\u00e9s de h\u00e1bitos cotidianos de autocuidado. Este nuevo a\u00f1o representa una oportunidad para plantear prop\u00f3sitos que impacten no solo el [&hellip;]<\/p>\n","protected":false},"author":1,"featured_media":0,"comment_status":"open","ping_status":"closed","sticky":false,"template":"","format":"standard","meta":{"om_disable_all_campaigns":false,"jnews-multi-image_gallery":[],"jnews_single_post":[],"jnews_primary_category":[],"jnews_social_meta":[],"footnotes":""},"categories":[40],"tags":[],"class_list":["post-1090644","post","type-post","status-publish","format-standard","hentry","category-industria"],"_links":{"self":[{"href":"https:\/\/dimensionturistica.com\/es\/wp-json\/wp\/v2\/posts\/1090644","targetHints":{"allow":["GET"]}}],"collection":[{"href":"https:\/\/dimensionturistica.com\/es\/wp-json\/wp\/v2\/posts"}],"about":[{"href":"https:\/\/dimensionturistica.com\/es\/wp-json\/wp\/v2\/types\/post"}],"author":[{"embeddable":true,"href":"https:\/\/dimensionturistica.com\/es\/wp-json\/wp\/v2\/users\/1"}],"replies":[{"embeddable":true,"href":"https:\/\/dimensionturistica.com\/es\/wp-json\/wp\/v2\/comments?post=1090644"}],"version-history":[{"count":1,"href":"https:\/\/dimensionturistica.com\/es\/wp-json\/wp\/v2\/posts\/1090644\/revisions"}],"predecessor-version":[{"id":1090647,"href":"https:\/\/dimensionturistica.com\/es\/wp-json\/wp\/v2\/posts\/1090644\/revisions\/1090647"}],"wp:attachment":[{"href":"https:\/\/dimensionturistica.com\/es\/wp-json\/wp\/v2\/media?parent=1090644"}],"wp:term":[{"taxonomy":"category","embeddable":true,"href":"https:\/\/dimensionturistica.com\/es\/wp-json\/wp\/v2\/categories?post=1090644"},{"taxonomy":"post_tag","embeddable":true,"href":"https:\/\/dimensionturistica.com\/es\/wp-json\/wp\/v2\/tags?post=1090644"}],"curies":[{"name":"wp","href":"https:\/\/api.w.org\/{rel}","templated":true}]}}