{"id":1090566,"date":"2025-12-25T17:24:52","date_gmt":"2025-12-25T17:24:52","guid":{"rendered":"https:\/\/dimensionturistica.com\/es\/?p=1090566"},"modified":"2025-12-25T17:24:52","modified_gmt":"2025-12-25T17:24:52","slug":"disfruta-del-ano-nuevo-en-michoacan-en-estos-tres-magicos-escenarios","status":"publish","type":"post","link":"https:\/\/dimensionturistica.com\/es\/disfruta-del-ano-nuevo-en-michoacan-en-estos-tres-magicos-escenarios\/","title":{"rendered":"Disfruta del A\u00f1o Nuevo en Michoac\u00e1n en estos tres m\u00e1gicos escenarios"},"content":{"rendered":"\n<figure class=\"wp-block-gallery has-nested-images columns-default is-cropped wp-block-gallery-1 is-layout-flex wp-block-gallery-is-layout-flex\">\n<figure class=\"wp-block-image size-large\"><img decoding=\"async\" width=\"444\" height=\"180\" data-id=\"1090567\" src=\"https:\/\/dimensionturistica.com\/es\/wp-content\/uploads\/2025\/12\/125MICH.jpg\" alt=\"\" class=\"wp-image-1090567\" srcset=\"https:\/\/dimensionturistica.com\/es\/wp-content\/uploads\/2025\/12\/125MICH.jpg 444w, https:\/\/dimensionturistica.com\/es\/wp-content\/uploads\/2025\/12\/125MICH-300x122.jpg 300w\" sizes=\"(max-width: 444px) 100vw, 444px\" \/><\/figure>\n<\/figure>\n\n\n\n<p>Michoac\u00e1n, tierra de tradiciones inigualables y arquitectura majestuosa, se viste de gala para cerrar el a\u00f1o e invitar a viajeros y familias a vivir un ritual de Fin de A\u00f1o verdaderamente m\u00e1gico.<\/p>\n\n\n\n<figure class=\"wp-block-gallery has-nested-images columns-default is-cropped wp-block-gallery-2 is-layout-flex wp-block-gallery-is-layout-flex\">\n<figure class=\"wp-block-image size-large\"><img decoding=\"async\" width=\"500\" height=\"333\" data-id=\"1090568\" src=\"https:\/\/dimensionturistica.com\/es\/wp-content\/uploads\/2025\/12\/4MICH.jpg\" alt=\"\" class=\"wp-image-1090568\" srcset=\"https:\/\/dimensionturistica.com\/es\/wp-content\/uploads\/2025\/12\/4MICH.jpg 500w, https:\/\/dimensionturistica.com\/es\/wp-content\/uploads\/2025\/12\/4MICH-300x200.jpg 300w\" sizes=\"(max-width: 500px) 100vw, 500px\" \/><\/figure>\n<\/figure>\n\n\n\n<p>Son muchos los lugares perfectos para cerrar el 2025 de una manera inolvidable, pero te compartimos tres destinos emblem\u00e1ticos donde la historia, la cultura y la gastronom\u00eda se unen para brindar una bienvenida inolvidable al nuevo ciclo.<\/p>\n\n\n\n<p>Roberto Monroy Garc\u00eda, titular de la Secretar\u00eda de Turismo de Michoac\u00e1n (Sectur) se\u00f1al\u00f3 que: &#8220;El Fin de A\u00f1o en Michoac\u00e1n es una fusi\u00f3n de alegr\u00eda provincial y legado hist\u00f3rico. Ofrecemos escenarios que van desde paseos entre luces centelleantes en nuestros Pueblos M\u00e1gicos, hasta festejos de gala en tesoros virreinales. Invitamos a las familias a crear memorias duraderas y a iniciar el nuevo a\u00f1o inmersos en el encanto aut\u00e9ntico de nuestra tierra\u201d.<\/p>\n\n\n\n<p>1. Morelia: Gala y vistas de cantera rosa<\/p>\n\n\n\n<figure class=\"wp-block-gallery has-nested-images columns-default is-cropped wp-block-gallery-3 is-layout-flex wp-block-gallery-is-layout-flex\">\n<figure class=\"wp-block-image size-large\"><img decoding=\"async\" width=\"500\" height=\"333\" data-id=\"1090569\" src=\"https:\/\/dimensionturistica.com\/es\/wp-content\/uploads\/2025\/12\/5MICH.jpg\" alt=\"\" class=\"wp-image-1090569\" srcset=\"https:\/\/dimensionturistica.com\/es\/wp-content\/uploads\/2025\/12\/5MICH.jpg 500w, https:\/\/dimensionturistica.com\/es\/wp-content\/uploads\/2025\/12\/5MICH-300x200.jpg 300w\" sizes=\"(max-width: 500px) 100vw, 500px\" \/><\/figure>\n<\/figure>\n\n\n\n<p>La capital michoacana se transforma en el epicentro de la elegancia y el festejo. Hoteles boutique, alojados en casonas del siglo XVIII, se convierten en el escenario perfecto para una celebraci\u00f3n de alto nivel.<\/p>\n\n\n\n<figure class=\"wp-block-gallery has-nested-images columns-default is-cropped wp-block-gallery-4 is-layout-flex wp-block-gallery-is-layout-flex\">\n<figure class=\"wp-block-image size-large\"><img decoding=\"async\" width=\"500\" height=\"332\" data-id=\"1090576\" src=\"https:\/\/dimensionturistica.com\/es\/wp-content\/uploads\/2025\/12\/3MICH.jpg\" alt=\"\" class=\"wp-image-1090576\" srcset=\"https:\/\/dimensionturistica.com\/es\/wp-content\/uploads\/2025\/12\/3MICH.jpg 500w, https:\/\/dimensionturistica.com\/es\/wp-content\/uploads\/2025\/12\/3MICH-300x199.jpg 300w\" sizes=\"(max-width: 500px) 100vw, 500px\" \/><\/figure>\n<\/figure>\n\n\n\n<p>\u00b7&nbsp;&nbsp;&nbsp;&nbsp;&nbsp;&nbsp; Ambiente festivo: Hoteles como Los Juaninos o Villa Monta\u00f1a ofrecen cenas de gala con men\u00fas exclusivos, m\u00fasica en vivo y copa de champagne. La terraza de hoteles como Casa Grande ofrece vistas inigualables de la Catedral y el Centro Hist\u00f3rico iluminado para el brindis.<\/p>\n\n\n\n<p>\u00b7&nbsp;&nbsp;&nbsp;&nbsp;&nbsp;&nbsp; Ideal para: Parejas y familias que buscan un festejo con glamour, comodidad y la majestuosidad de la arquitectura colonial. Incluso se pueden encontrar paquetes familiares que incluyen entradas a atractivos locales, como el zool\u00f3gico de Morelia.<\/p>\n\n\n\n<p>2. P\u00e1tzcuaro: Tradici\u00f3n y la magia del Pueblo Pur\u00e9pecha<\/p>\n\n\n\n<figure class=\"wp-block-gallery has-nested-images columns-default is-cropped wp-block-gallery-5 is-layout-flex wp-block-gallery-is-layout-flex\">\n<figure class=\"wp-block-image size-large\"><img decoding=\"async\" width=\"500\" height=\"333\" data-id=\"1090577\" src=\"https:\/\/dimensionturistica.com\/es\/wp-content\/uploads\/2025\/12\/7MICH.jpg\" alt=\"\" class=\"wp-image-1090577\" srcset=\"https:\/\/dimensionturistica.com\/es\/wp-content\/uploads\/2025\/12\/7MICH.jpg 500w, https:\/\/dimensionturistica.com\/es\/wp-content\/uploads\/2025\/12\/7MICH-300x200.jpg 300w\" sizes=\"(max-width: 500px) 100vw, 500px\" \/><\/figure>\n<\/figure>\n\n\n\n<p>El Pueblo M\u00e1gico de P\u00e1tzcuaro ofrece una celebraci\u00f3n con profundo sabor a provincia y cultura. La Plaza Vasco de Quiroga, la segunda plaza colonial m\u00e1s grande de M\u00e9xico se ilumina con decoraci\u00f3n navide\u00f1a, al nacimiento artesanal monumental \u00fanico en todo M\u00e9xico, y un \u00e1rbol monumental.<\/p>\n\n\n\n<p>\u00bfPor qu\u00e9 es el mejor?<\/p>\n\n\n\n<p>\u00b7&nbsp;&nbsp;&nbsp;&nbsp;&nbsp;&nbsp; Ambiente festivo: El encanto provincial envuelve la celebraci\u00f3n. Los balcones de las casonas que rodean la plaza lucen iluminados, creando una atm\u00f3sfera navide\u00f1a y acogedora.<\/p>\n\n\n\n<figure class=\"wp-block-gallery has-nested-images columns-default is-cropped wp-block-gallery-6 is-layout-flex wp-block-gallery-is-layout-flex\">\n<figure class=\"wp-block-image size-large\"><img decoding=\"async\" width=\"500\" height=\"333\" data-id=\"1090578\" src=\"https:\/\/dimensionturistica.com\/es\/wp-content\/uploads\/2025\/12\/6MICH.jpg\" alt=\"\" class=\"wp-image-1090578\" srcset=\"https:\/\/dimensionturistica.com\/es\/wp-content\/uploads\/2025\/12\/6MICH.jpg 500w, https:\/\/dimensionturistica.com\/es\/wp-content\/uploads\/2025\/12\/6MICH-300x200.jpg 300w\" sizes=\"(max-width: 500px) 100vw, 500px\" \/><\/figure>\n<\/figure>\n\n\n\n<p>\u00b7&nbsp;&nbsp;&nbsp;&nbsp;&nbsp;&nbsp; Gastronom\u00eda: Restaurantes como La Tradici\u00f3n de Apatzing\u00e1n, son conocidos por su cocina tradicional michoacana, excelente para deleitarse con platillos regionales como las truchas, el caldo michi, los uchepos y el atole negro.<\/p>\n\n\n\n<p>\u00b7&nbsp;&nbsp;&nbsp;&nbsp;&nbsp;&nbsp; Ideal para: Viajeros que desean vivir un Fin de A\u00f1o tranquilo, rodeados de historia, arquitectura colonial y un ambiente genuinamente tradicional mexicano.<\/p>\n\n\n\n<p>3. Tlalpujahua: El pueblo de la eterna Navidad<\/p>\n\n\n\n<p>Para una celebraci\u00f3n luminosa y vibrante, el Pueblo M\u00e1gico de Tlalpujahua es la elecci\u00f3n. Conocido como el pueblo navide\u00f1o por excelencia de M\u00e9xico, por su producci\u00f3n artesanal de esferas, villas navide\u00f1as (durante todo el a\u00f1o) y atm\u00f3sfera durante el invierno es inigualable.<\/p>\n\n\n\n<p>\u00bfQu\u00e9 lo hace especial?<\/p>\n\n\n\n<figure class=\"wp-block-gallery has-nested-images columns-default is-cropped wp-block-gallery-7 is-layout-flex wp-block-gallery-is-layout-flex\">\n<figure class=\"wp-block-image size-large\"><img decoding=\"async\" width=\"500\" height=\"333\" data-id=\"1090579\" src=\"https:\/\/dimensionturistica.com\/es\/wp-content\/uploads\/2025\/12\/11MICH.jpg\" alt=\"\" class=\"wp-image-1090579\" srcset=\"https:\/\/dimensionturistica.com\/es\/wp-content\/uploads\/2025\/12\/11MICH.jpg 500w, https:\/\/dimensionturistica.com\/es\/wp-content\/uploads\/2025\/12\/11MICH-300x200.jpg 300w\" sizes=\"(max-width: 500px) 100vw, 500px\" \/><\/figure>\n<\/figure>\n\n\n\n<p>\u00b7&nbsp;&nbsp;&nbsp;&nbsp;&nbsp;&nbsp; Ambiente festivo: El pueblo se ilumina con miles de luces y decoraci\u00f3n tradicional, destacando la Villa Claus y la feria de la esfera, no obstante, es posible encontrar esferas de todos tama\u00f1os, figuras y colores; as\u00ed como talleres para decorar tu propia esfera en cualquier \u00e9poca del a\u00f1o. La experiencia visual es especial para las infancias, los amantes de los escenarios instagrameables y para quienes buscan un ambiente c\u00e1lido e invernal.<\/p>\n\n\n\n<figure class=\"wp-block-gallery has-nested-images columns-default is-cropped wp-block-gallery-8 is-layout-flex wp-block-gallery-is-layout-flex\">\n<figure class=\"wp-block-image size-large\"><img decoding=\"async\" width=\"500\" height=\"333\" data-id=\"1090580\" src=\"https:\/\/dimensionturistica.com\/es\/wp-content\/uploads\/2025\/12\/1MICH.jpg\" alt=\"\" class=\"wp-image-1090580\" srcset=\"https:\/\/dimensionturistica.com\/es\/wp-content\/uploads\/2025\/12\/1MICH.jpg 500w, https:\/\/dimensionturistica.com\/es\/wp-content\/uploads\/2025\/12\/1MICH-300x200.jpg 300w\" sizes=\"(max-width: 500px) 100vw, 500px\" \/><\/figure>\n<\/figure>\n\n\n\n<p>\u00b7&nbsp;&nbsp;&nbsp;&nbsp;&nbsp;&nbsp; Actividad familiar: Visitar los talleres de elaboraci\u00f3n de esferas navide\u00f1as y el Museo Mina Dos Estrellas, que a\u00f1aden un toque cultural a la visita.<\/p>\n\n\n\n<p>\u00b7&nbsp;&nbsp;&nbsp;&nbsp;&nbsp;&nbsp; Ideal para: Familias con ni\u00f1os y amantes de las tradiciones navide\u00f1as que desean iniciar el a\u00f1o en un entorno lleno de luz, color y artesan\u00eda<\/p>\n\n\n\n<p>Para m\u00e1s informaci\u00f3n visita: https:\/\/visitmichoacan.com.mx\/<\/p>\n","protected":false},"excerpt":{"rendered":"<p>Michoac\u00e1n, tierra de tradiciones inigualables y arquitectura majestuosa, se viste de gala para cerrar el a\u00f1o e invitar a viajeros y familias a vivir un ritual de Fin de A\u00f1o verdaderamente m\u00e1gico. Son muchos los lugares perfectos para cerrar el 2025 de una manera inolvidable, pero te compartimos tres destinos emblem\u00e1ticos donde la historia, la [&hellip;]<\/p>\n","protected":false},"author":1,"featured_media":0,"comment_status":"open","ping_status":"closed","sticky":false,"template":"","format":"standard","meta":{"om_disable_all_campaigns":false,"jnews-multi-image_gallery":[],"jnews_single_post":[],"jnews_primary_category":[],"jnews_social_meta":[],"footnotes":""},"categories":[39],"tags":[],"class_list":["post-1090566","post","type-post","status-publish","format-standard","hentry","category-viajes"],"_links":{"self":[{"href":"https:\/\/dimensionturistica.com\/es\/wp-json\/wp\/v2\/posts\/1090566","targetHints":{"allow":["GET"]}}],"collection":[{"href":"https:\/\/dimensionturistica.com\/es\/wp-json\/wp\/v2\/posts"}],"about":[{"href":"https:\/\/dimensionturistica.com\/es\/wp-json\/wp\/v2\/types\/post"}],"author":[{"embeddable":true,"href":"https:\/\/dimensionturistica.com\/es\/wp-json\/wp\/v2\/users\/1"}],"replies":[{"embeddable":true,"href":"https:\/\/dimensionturistica.com\/es\/wp-json\/wp\/v2\/comments?post=1090566"}],"version-history":[{"count":1,"href":"https:\/\/dimensionturistica.com\/es\/wp-json\/wp\/v2\/posts\/1090566\/revisions"}],"predecessor-version":[{"id":1090581,"href":"https:\/\/dimensionturistica.com\/es\/wp-json\/wp\/v2\/posts\/1090566\/revisions\/1090581"}],"wp:attachment":[{"href":"https:\/\/dimensionturistica.com\/es\/wp-json\/wp\/v2\/media?parent=1090566"}],"wp:term":[{"taxonomy":"category","embeddable":true,"href":"https:\/\/dimensionturistica.com\/es\/wp-json\/wp\/v2\/categories?post=1090566"},{"taxonomy":"post_tag","embeddable":true,"href":"https:\/\/dimensionturistica.com\/es\/wp-json\/wp\/v2\/tags?post=1090566"}],"curies":[{"name":"wp","href":"https:\/\/api.w.org\/{rel}","templated":true}]}}