{"id":1090192,"date":"2025-12-24T17:16:16","date_gmt":"2025-12-24T17:16:16","guid":{"rendered":"https:\/\/dimensionturistica.com\/es\/?p=1090192"},"modified":"2025-12-24T17:16:16","modified_gmt":"2025-12-24T17:16:16","slug":"devela-ado-la-galeria-rodante-chiapas-extraordinario-por-naturaleza-en-tuxtla-gutierrez","status":"publish","type":"post","link":"https:\/\/dimensionturistica.com\/es\/devela-ado-la-galeria-rodante-chiapas-extraordinario-por-naturaleza-en-tuxtla-gutierrez\/","title":{"rendered":"Devela ADO la Galer\u00eda Rodante \u201cChiapas Extraordinario por Naturaleza\u201d en Tuxtla Guti\u00e9rrez"},"content":{"rendered":"\n<figure class=\"wp-block-gallery has-nested-images columns-default is-cropped wp-block-gallery-1 is-layout-flex wp-block-gallery-is-layout-flex\">\n<figure class=\"wp-block-image size-large\"><img decoding=\"async\" width=\"500\" height=\"281\" data-id=\"1090193\" src=\"https:\/\/dimensionturistica.com\/es\/wp-content\/uploads\/2025\/12\/2ado.jpg\" alt=\"\" class=\"wp-image-1090193\" srcset=\"https:\/\/dimensionturistica.com\/es\/wp-content\/uploads\/2025\/12\/2ado.jpg 500w, https:\/\/dimensionturistica.com\/es\/wp-content\/uploads\/2025\/12\/2ado-300x169.jpg 300w\" sizes=\"(max-width: 500px) 100vw, 500px\" \/><\/figure>\n<\/figure>\n\n\n\n<p>En el marco del evento Galer\u00eda Rodante ADO Chiapas 2025, ADO y la Secretar\u00eda de Turismo de Chiapas llevaron a cabo la develaci\u00f3n oficial de la unidad Galer\u00eda Rodante \u201cChiapas Extraordinario por Naturaleza\u201d en la explanada del Parque Central de Tuxtla Guti\u00e9rrez, como una acci\u00f3n estrat\u00e9gica para fortalecer la promoci\u00f3n tur\u00edstica del estado a nivel nacional.<\/p>\n\n\n\n<figure class=\"wp-block-gallery has-nested-images columns-default is-cropped wp-block-gallery-2 is-layout-flex wp-block-gallery-is-layout-flex\">\n<figure class=\"wp-block-image size-large\"><img decoding=\"async\" width=\"500\" height=\"281\" data-id=\"1090194\" src=\"https:\/\/dimensionturistica.com\/es\/wp-content\/uploads\/2025\/12\/Galeria-Rodante-Chiapas-3.jpg\" alt=\"\" class=\"wp-image-1090194\" srcset=\"https:\/\/dimensionturistica.com\/es\/wp-content\/uploads\/2025\/12\/Galeria-Rodante-Chiapas-3.jpg 500w, https:\/\/dimensionturistica.com\/es\/wp-content\/uploads\/2025\/12\/Galeria-Rodante-Chiapas-3-300x169.jpg 300w\" sizes=\"(max-width: 500px) 100vw, 500px\" \/><\/figure>\n<\/figure>\n\n\n\n<p>Este proyecto represent\u00f3 no solo una iniciativa cultural, sino tambi\u00e9n un hito relevante al marcar el ingreso de la marca ADO al estado de Chiapas, consolidando su presencia en la regi\u00f3n sureste del pa\u00eds con una propuesta que integra movilidad, turismo y proyecci\u00f3n cultural.<\/p>\n\n\n\n<p>Durante el acto protocolario, el C.P. Arturo Garc\u00eda Miranda, Gerente General de la Regi\u00f3n Chiapas de Grupo ADO MOBILITY, destac\u00f3: \u201cLa Galer\u00eda Rodante simboliza nuestro compromiso con Chiapas. No es \u00fanicamente una unidad en circulaci\u00f3n, es una plataforma que proyecta al estado y lo conecta con miles de viajeros en todo el pa\u00eds. Con esta alianza reafirmamos nuestra convicci\u00f3n de que la movilidad tambi\u00e9n impulsa el desarrollo tur\u00edstico, cultural y econ\u00f3mico de las comunidades.\u201d<\/p>\n\n\n\n<p>La unidad presentada es un autob\u00fas modelo Irizar i8, que a partir de su presentaci\u00f3n recorrer\u00e1 rutas estrat\u00e9gicas en Chiapas, Ciudad de M\u00e9xico, Oaxaca, Yucat\u00e1n y Veracruz, llevando la imagen del estado como un escaparate m\u00f3vil de identidad, naturaleza y tradiciones ante viajeros nacionales e internacionales.<\/p>\n\n\n\n<figure class=\"wp-block-gallery has-nested-images columns-default is-cropped wp-block-gallery-3 is-layout-flex wp-block-gallery-is-layout-flex\">\n<figure class=\"wp-block-image size-large\"><img decoding=\"async\" width=\"500\" height=\"281\" data-id=\"1090195\" src=\"https:\/\/dimensionturistica.com\/es\/wp-content\/uploads\/2025\/12\/7ado.jpg\" alt=\"\" class=\"wp-image-1090195\" srcset=\"https:\/\/dimensionturistica.com\/es\/wp-content\/uploads\/2025\/12\/7ado.jpg 500w, https:\/\/dimensionturistica.com\/es\/wp-content\/uploads\/2025\/12\/7ado-300x169.jpg 300w\" sizes=\"(max-width: 500px) 100vw, 500px\" \/><\/figure>\n<\/figure>\n\n\n\n<p>La intervenci\u00f3n art\u00edstica que viste la unidad fue concebida como una narrativa visual que enaltece la riqueza natural, la herencia cultural y la diversidad humana de Chiapas, convirtiendo el autob\u00fas en una verdadera galer\u00eda itinerante que permite acercar el arte a nuevos p\u00fablicos y posicionar al estado como un destino extraordinario.<\/p>\n\n\n\n<p>El evento cont\u00f3 con la presencia de autoridades estatales y municipales, entre ellas la Lic. Mar\u00eda Eugenia Culebro P\u00e9rez, Secretaria de Turismo de Chiapas; Albania Gonz\u00e1lez P\u00f3lito, Secretar\u00eda de Movilidad y Transporte; la Dip. Erika Mendoza Salda\u00f1a, Presidenta de la Comisi\u00f3n de Turismo del H. Congreso del Estado; la Dip. Alejandra G\u00f3mez Mendoza, Presidenta de la Mesa Directiva del H. Congreso del Estado; V\u00edctor Manuel Urbina Abad\u00eda, Oficial Mayor del Estado de Chiapas; Edgar Alejandro Abarca Palma, Director General del Instituto de la Juventud del Estado; el Comisario Jefe Mtro. Guillermo L\u00f3pez Murua, Subsecretario Vial Preventiva y de Turismo; as\u00ed como Jorge Humberto Trujillo Rinc\u00f3n, Director del Bur\u00f3 Municipal de Turismo de Tuxtla Guti\u00e9rrez, en representaci\u00f3n del presidente municipal.<\/p>\n\n\n\n<p>La implementaci\u00f3n de esta iniciativa cont\u00f3 con una inversi\u00f3n superior a los $160,000 pesos, financiada por el Fideicomiso para la Promoci\u00f3n Tur\u00edstica, como parte de una estrategia de visibilidad del destino durante un periodo de seis meses.<\/p>\n\n\n\n<figure class=\"wp-block-gallery has-nested-images columns-default is-cropped wp-block-gallery-4 is-layout-flex wp-block-gallery-is-layout-flex\">\n<figure class=\"wp-block-image size-large\"><img decoding=\"async\" width=\"720\" height=\"552\" data-id=\"1090196\" src=\"https:\/\/dimensionturistica.com\/es\/wp-content\/uploads\/2025\/12\/unnamed.jpg\" alt=\"\" class=\"wp-image-1090196\" srcset=\"https:\/\/dimensionturistica.com\/es\/wp-content\/uploads\/2025\/12\/unnamed.jpg 720w, https:\/\/dimensionturistica.com\/es\/wp-content\/uploads\/2025\/12\/unnamed-300x230.jpg 300w\" sizes=\"(max-width: 720px) 100vw, 720px\" \/><\/figure>\n<\/figure>\n\n\n\n<p>Con acciones como la Galer\u00eda Rodante, ADO refrenda su inter\u00e9s por avanzar en esquemas de colaboraci\u00f3n con el sector p\u00fablico que fortalezcan el turismo, impulsen la econom\u00eda local y acerquen la cultura a nuevos p\u00fablicos, contribuyendo as\u00ed a la proyecci\u00f3n nacional de Chiapas.<\/p>\n","protected":false},"excerpt":{"rendered":"<p>En el marco del evento Galer\u00eda Rodante ADO Chiapas 2025, ADO y la Secretar\u00eda de Turismo de Chiapas llevaron a cabo la develaci\u00f3n oficial de la unidad Galer\u00eda Rodante \u201cChiapas Extraordinario por Naturaleza\u201d en la explanada del Parque Central de Tuxtla Guti\u00e9rrez, como una acci\u00f3n estrat\u00e9gica para fortalecer la promoci\u00f3n tur\u00edstica del estado a nivel [&hellip;]<\/p>\n","protected":false},"author":1,"featured_media":0,"comment_status":"open","ping_status":"closed","sticky":false,"template":"","format":"standard","meta":{"om_disable_all_campaigns":false,"jnews-multi-image_gallery":[],"jnews_single_post":[],"jnews_primary_category":[],"jnews_social_meta":[],"footnotes":""},"categories":[39],"tags":[],"class_list":["post-1090192","post","type-post","status-publish","format-standard","hentry","category-viajes"],"_links":{"self":[{"href":"https:\/\/dimensionturistica.com\/es\/wp-json\/wp\/v2\/posts\/1090192","targetHints":{"allow":["GET"]}}],"collection":[{"href":"https:\/\/dimensionturistica.com\/es\/wp-json\/wp\/v2\/posts"}],"about":[{"href":"https:\/\/dimensionturistica.com\/es\/wp-json\/wp\/v2\/types\/post"}],"author":[{"embeddable":true,"href":"https:\/\/dimensionturistica.com\/es\/wp-json\/wp\/v2\/users\/1"}],"replies":[{"embeddable":true,"href":"https:\/\/dimensionturistica.com\/es\/wp-json\/wp\/v2\/comments?post=1090192"}],"version-history":[{"count":2,"href":"https:\/\/dimensionturistica.com\/es\/wp-json\/wp\/v2\/posts\/1090192\/revisions"}],"predecessor-version":[{"id":1090218,"href":"https:\/\/dimensionturistica.com\/es\/wp-json\/wp\/v2\/posts\/1090192\/revisions\/1090218"}],"wp:attachment":[{"href":"https:\/\/dimensionturistica.com\/es\/wp-json\/wp\/v2\/media?parent=1090192"}],"wp:term":[{"taxonomy":"category","embeddable":true,"href":"https:\/\/dimensionturistica.com\/es\/wp-json\/wp\/v2\/categories?post=1090192"},{"taxonomy":"post_tag","embeddable":true,"href":"https:\/\/dimensionturistica.com\/es\/wp-json\/wp\/v2\/tags?post=1090192"}],"curies":[{"name":"wp","href":"https:\/\/api.w.org\/{rel}","templated":true}]}}