{"id":1090177,"date":"2025-12-24T16:53:02","date_gmt":"2025-12-24T16:53:02","guid":{"rendered":"https:\/\/dimensionturistica.com\/es\/?p=1090177"},"modified":"2025-12-24T16:53:02","modified_gmt":"2025-12-24T16:53:02","slug":"fraiche-presenta-su-kit-navidad-2025-aromas-que-inspiran-amor-paz-y-esperanza","status":"publish","type":"post","link":"https:\/\/dimensionturistica.com\/es\/fraiche-presenta-su-kit-navidad-2025-aromas-que-inspiran-amor-paz-y-esperanza\/","title":{"rendered":"Fraiche presenta su Kit Navidad 2025: aromas que inspiran amor, paz y esperanza"},"content":{"rendered":"\n<figure class=\"wp-block-gallery has-nested-images columns-default is-cropped wp-block-gallery-1 is-layout-flex wp-block-gallery-is-layout-flex\">\n<figure class=\"wp-block-image size-large\"><img decoding=\"async\" width=\"500\" height=\"170\" data-id=\"1090178\" src=\"https:\/\/dimensionturistica.com\/es\/wp-content\/uploads\/2025\/12\/2FRE.jpg\" alt=\"\" class=\"wp-image-1090178\" srcset=\"https:\/\/dimensionturistica.com\/es\/wp-content\/uploads\/2025\/12\/2FRE.jpg 500w, https:\/\/dimensionturistica.com\/es\/wp-content\/uploads\/2025\/12\/2FRE-300x102.jpg 300w\" sizes=\"(max-width: 500px) 100vw, 500px\" \/><\/figure>\n<\/figure>\n\n\n\n<p>&nbsp;Fraiche presenta su Kit Navidad 2025, una edici\u00f3n especial inspirada en los valores que definen esta temporada: amor, paz y esperanza.<\/p>\n\n\n\n<p>Un kit navide\u00f1o personalizable y lleno de significado<\/p>\n\n\n\n<p>El Kit Navidad 2025 est\u00e1 compuesto por tres elementos clave:<\/p>\n\n\n\n<figure class=\"wp-block-gallery has-nested-images columns-default is-cropped wp-block-gallery-2 is-layout-flex wp-block-gallery-is-layout-flex\">\n<figure class=\"wp-block-image size-large\"><img decoding=\"async\" width=\"500\" height=\"500\" data-id=\"1090179\" src=\"https:\/\/dimensionturistica.com\/es\/wp-content\/uploads\/2025\/12\/5FRE.jpg\" alt=\"\" class=\"wp-image-1090179\" srcset=\"https:\/\/dimensionturistica.com\/es\/wp-content\/uploads\/2025\/12\/5FRE.jpg 500w, https:\/\/dimensionturistica.com\/es\/wp-content\/uploads\/2025\/12\/5FRE-300x300.jpg 300w, https:\/\/dimensionturistica.com\/es\/wp-content\/uploads\/2025\/12\/5FRE-150x150.jpg 150w, https:\/\/dimensionturistica.com\/es\/wp-content\/uploads\/2025\/12\/5FRE-75x75.jpg 75w, https:\/\/dimensionturistica.com\/es\/wp-content\/uploads\/2025\/12\/5FRE-350x350.jpg 350w\" sizes=\"(max-width: 500px) 100vw, 500px\" \/><\/figure>\n<\/figure>\n\n\n\n<p>Perfume HOPE (envase de 60 ml) y perfumero (de 12 ml) edici\u00f3n navide\u00f1a Incluye un envase para perfume de 60 ml y un perfumero de 12 ml edici\u00f3n especial, ambos personalizables con la esencia Fraiche favorita, lo que permite crear un detalle \u00fanico y hecho a la medida.<\/p>\n\n\n\n<p>Frazada tem\u00e1tica de temporada<\/p>\n\n\n\n<p>Una frazada suave, c\u00e1lida y festiva que complementa la experiencia y agrega un toque acogedor ideal para las noches de invierno.<\/p>\n\n\n\n<p>Productos individuales que complementan la colecci\u00f3n navide\u00f1a<\/p>\n\n\n\n<figure class=\"wp-block-gallery has-nested-images columns-default is-cropped wp-block-gallery-3 is-layout-flex wp-block-gallery-is-layout-flex\">\n<figure class=\"wp-block-image size-large\"><img decoding=\"async\" width=\"500\" height=\"281\" data-id=\"1090180\" src=\"https:\/\/dimensionturistica.com\/es\/wp-content\/uploads\/2025\/12\/1FRE.jpg\" alt=\"\" class=\"wp-image-1090180\" srcset=\"https:\/\/dimensionturistica.com\/es\/wp-content\/uploads\/2025\/12\/1FRE.jpg 500w, https:\/\/dimensionturistica.com\/es\/wp-content\/uploads\/2025\/12\/1FRE-300x169.jpg 300w\" sizes=\"(max-width: 500px) 100vw, 500px\" \/><\/figure>\n<\/figure>\n\n\n\n<p>Adem\u00e1s del kit principal, Fraiche presenta una selecci\u00f3n de productos adicionales perfectos para regalar o ambientar el hogar:<\/p>\n\n\n\n<p>Vela arom\u00e1tica PEACE (250 g)<\/p>\n\n\n\n<p>Con notas de canela navide\u00f1a, dulce de pan de jengibre y haba tonka, dise\u00f1ada para llenar los espacios de calidez y esp\u00edritu navide\u00f1o.<\/p>\n\n\n\n<p>Body Mist NAVIDAD LOVE 2025 (250 ml)<\/p>\n\n\n\n<p>Un aroma festivo y brillante para quienes aman las fragancias dulces de temporada.<\/p>\n\n\n\n<p>Bolsa Navidad 2025<\/p>\n\n\n\n<figure class=\"wp-block-gallery has-nested-images columns-default is-cropped wp-block-gallery-4 is-layout-flex wp-block-gallery-is-layout-flex\">\n<figure class=\"wp-block-image size-large\"><img decoding=\"async\" width=\"1024\" height=\"576\" data-id=\"1090181\" src=\"https:\/\/dimensionturistica.com\/es\/wp-content\/uploads\/2025\/12\/vela-peace-fraiche_1600x900-1024x576.jpg\" alt=\"\" class=\"wp-image-1090181\" srcset=\"https:\/\/dimensionturistica.com\/es\/wp-content\/uploads\/2025\/12\/vela-peace-fraiche_1600x900-1024x576.jpg 1024w, https:\/\/dimensionturistica.com\/es\/wp-content\/uploads\/2025\/12\/vela-peace-fraiche_1600x900-300x169.jpg 300w, https:\/\/dimensionturistica.com\/es\/wp-content\/uploads\/2025\/12\/vela-peace-fraiche_1600x900-768x432.jpg 768w, https:\/\/dimensionturistica.com\/es\/wp-content\/uploads\/2025\/12\/vela-peace-fraiche_1600x900-750x422.jpg 750w, https:\/\/dimensionturistica.com\/es\/wp-content\/uploads\/2025\/12\/vela-peace-fraiche_1600x900-1140x642.jpg 1140w, https:\/\/dimensionturistica.com\/es\/wp-content\/uploads\/2025\/12\/vela-peace-fraiche_1600x900.jpg 1153w\" sizes=\"(max-width: 1024px) 100vw, 1024px\" \/><\/figure>\n<\/figure>\n\n\n\n<p>Bolsa decorativa con dise\u00f1o especial y asas, ideal para entregar regalos con un toque elegante.<\/p>\n\n\n\n<p>Cada producto puede adquirirse por separado para crear combinaciones personalizadas*<\/p>\n\n\n\n<p>Un regalo accesible, personalizable y perfecto para cualquier ocasi\u00f3n<\/p>\n\n\n\n<p>El Kit Navidad 2025 fue creado para ofrecer un detalle memorable que combina<\/p>\n\n\n\n<p>practicidad, dise\u00f1o y la posibilidad de elegir entre decenas de esencias Fraiche.<\/p>\n\n\n\n<p>Es ideal para intercambios, regalos corporativos, familiares o amigos, y para quienes buscan un obsequio significativo sin comprometer su presupuesto.<\/p>\n\n\n\n<p>Disponibilidad<\/p>\n\n\n\n<p>El Kit Navidad 2025 y los productos de la colecci\u00f3n estar\u00e1n disponibles durante la temporada navide\u00f1a en tiendas Fraiche y en www.fraiche.com.mx, hasta agotar existencias.<\/p>\n","protected":false},"excerpt":{"rendered":"<p>&nbsp;Fraiche presenta su Kit Navidad 2025, una edici\u00f3n especial inspirada en los valores que definen esta temporada: amor, paz y esperanza. Un kit navide\u00f1o personalizable y lleno de significado El Kit Navidad 2025 est\u00e1 compuesto por tres elementos clave: Perfume HOPE (envase de 60 ml) y perfumero (de 12 ml) edici\u00f3n navide\u00f1a Incluye un envase [&hellip;]<\/p>\n","protected":false},"author":1,"featured_media":0,"comment_status":"open","ping_status":"closed","sticky":false,"template":"","format":"standard","meta":{"om_disable_all_campaigns":false,"jnews-multi-image_gallery":[],"jnews_single_post":[],"jnews_primary_category":[],"jnews_social_meta":[],"footnotes":""},"categories":[144872],"tags":[],"class_list":["post-1090177","post","type-post","status-publish","format-standard","hentry","category-fashion"],"_links":{"self":[{"href":"https:\/\/dimensionturistica.com\/es\/wp-json\/wp\/v2\/posts\/1090177","targetHints":{"allow":["GET"]}}],"collection":[{"href":"https:\/\/dimensionturistica.com\/es\/wp-json\/wp\/v2\/posts"}],"about":[{"href":"https:\/\/dimensionturistica.com\/es\/wp-json\/wp\/v2\/types\/post"}],"author":[{"embeddable":true,"href":"https:\/\/dimensionturistica.com\/es\/wp-json\/wp\/v2\/users\/1"}],"replies":[{"embeddable":true,"href":"https:\/\/dimensionturistica.com\/es\/wp-json\/wp\/v2\/comments?post=1090177"}],"version-history":[{"count":1,"href":"https:\/\/dimensionturistica.com\/es\/wp-json\/wp\/v2\/posts\/1090177\/revisions"}],"predecessor-version":[{"id":1090186,"href":"https:\/\/dimensionturistica.com\/es\/wp-json\/wp\/v2\/posts\/1090177\/revisions\/1090186"}],"wp:attachment":[{"href":"https:\/\/dimensionturistica.com\/es\/wp-json\/wp\/v2\/media?parent=1090177"}],"wp:term":[{"taxonomy":"category","embeddable":true,"href":"https:\/\/dimensionturistica.com\/es\/wp-json\/wp\/v2\/categories?post=1090177"},{"taxonomy":"post_tag","embeddable":true,"href":"https:\/\/dimensionturistica.com\/es\/wp-json\/wp\/v2\/tags?post=1090177"}],"curies":[{"name":"wp","href":"https:\/\/api.w.org\/{rel}","templated":true}]}}