{"id":1090155,"date":"2025-12-24T16:18:36","date_gmt":"2025-12-24T16:18:36","guid":{"rendered":"https:\/\/dimensionturistica.com\/es\/?p=1090155"},"modified":"2025-12-24T16:18:36","modified_gmt":"2025-12-24T16:18:36","slug":"turibus-celebra-su-25-aniversario-con-una-salida-especial-de-city-tour-de-veracruz","status":"publish","type":"post","link":"https:\/\/dimensionturistica.com\/es\/turibus-celebra-su-25-aniversario-con-una-salida-especial-de-city-tour-de-veracruz\/","title":{"rendered":"Turibus celebra su 25 aniversario con una salida especial de City Tour de Veracruz"},"content":{"rendered":"\n<p><\/p>\n\n\n\n<figure class=\"wp-block-gallery has-nested-images columns-default is-cropped wp-block-gallery-1 is-layout-flex wp-block-gallery-is-layout-flex\">\n<figure class=\"wp-block-image size-large\"><img decoding=\"async\" width=\"500\" height=\"212\" data-id=\"1090156\" src=\"https:\/\/dimensionturistica.com\/es\/wp-content\/uploads\/2025\/12\/1TURI-2.jpg\" alt=\"\" class=\"wp-image-1090156\" srcset=\"https:\/\/dimensionturistica.com\/es\/wp-content\/uploads\/2025\/12\/1TURI-2.jpg 500w, https:\/\/dimensionturistica.com\/es\/wp-content\/uploads\/2025\/12\/1TURI-2-300x127.jpg 300w\" sizes=\"(max-width: 500px) 100vw, 500px\" \/><\/figure>\n<\/figure>\n\n\n\n<p>Turibus contin\u00faa presentando experiencias \u00fanicas en las ciudades m\u00e1s emblem\u00e1ticas del pa\u00eds. En esta ocasi\u00f3n, el tradicional City Tour de Veracruz ofrecer\u00e1 una salida especial para medios de comunicaci\u00f3n el pr\u00f3ximo 29 de noviembre, partiendo desde la parada del Malec\u00f3n a las 17:00 horas.<\/p>\n\n\n\n<figure class=\"wp-block-gallery has-nested-images columns-default is-cropped wp-block-gallery-2 is-layout-flex wp-block-gallery-is-layout-flex\">\n<figure class=\"wp-block-image size-large\"><img decoding=\"async\" width=\"500\" height=\"375\" data-id=\"1090157\" src=\"https:\/\/dimensionturistica.com\/es\/wp-content\/uploads\/2025\/12\/2TURI-1.jpg\" alt=\"\" class=\"wp-image-1090157\" srcset=\"https:\/\/dimensionturistica.com\/es\/wp-content\/uploads\/2025\/12\/2TURI-1.jpg 500w, https:\/\/dimensionturistica.com\/es\/wp-content\/uploads\/2025\/12\/2TURI-1-300x225.jpg 300w\" sizes=\"(max-width: 500px) 100vw, 500px\" \/><\/figure>\n<\/figure>\n\n\n\n<p>Este recorrido conmemorativo busca compartir con la prensa la riqueza cultural, hist\u00f3rica y tur\u00edstica de Veracruz y Boca del R\u00edo, dos destinos donde el mar, el r\u00edo y la tradici\u00f3n se entrelazan para crear una experiencia inolvidable.<\/p>\n\n\n\n<p>Durante el tour, los asistentes podr\u00e1n disfrutar de los atractivos m\u00e1s representativos de la zona, incluyendo:<\/p>\n\n\n\n<p>\u2022 Boca del R\u00edo, escenario del ic\u00f3nico romance entre Mar\u00eda F\u00e9lix y Agust\u00edn Lara, donde cada rinc\u00f3n guarda una historia ligada a la m\u00fasica y el cine mexicano.<\/p>\n\n\n\n<figure class=\"wp-block-gallery has-nested-images columns-default is-cropped wp-block-gallery-3 is-layout-flex wp-block-gallery-is-layout-flex\">\n<figure class=\"wp-block-image size-large\"><img decoding=\"async\" width=\"500\" height=\"666\" data-id=\"1090158\" src=\"https:\/\/dimensionturistica.com\/es\/wp-content\/uploads\/2025\/12\/8TURI-1.jpg\" alt=\"\" class=\"wp-image-1090158\" srcset=\"https:\/\/dimensionturistica.com\/es\/wp-content\/uploads\/2025\/12\/8TURI-1.jpg 500w, https:\/\/dimensionturistica.com\/es\/wp-content\/uploads\/2025\/12\/8TURI-1-225x300.jpg 225w\" sizes=\"(max-width: 500px) 100vw, 500px\" \/><\/figure>\n<\/figure>\n\n\n\n<p>\u2022 Playa Mocambo, uno de los puntos m\u00e1s visitados por su suave arena y vistas privilegiadas al Golfo de M\u00e9xico.<\/p>\n\n\n\n<p>\u2022 El emblem\u00e1tico Gran Caf\u00e9 de la Parroquia, famoso por su tradici\u00f3n cafetalera y por ser el lugar donde Porfirio D\u00edaz desayun\u00f3 por \u00faltima vez en M\u00e9xico antes de partir al exilio.<\/p>\n\n\n\n<p>\u2022 El Museo Casa de Agust\u00edn Lara, un espacio \u00edntimo que resguarda fotograf\u00edas, recuerdos y actividades culturales que narran la vida y la inspiraci\u00f3n del \u201cFlaco de Oro\u201d, as\u00ed como su c\u00e9lebre relaci\u00f3n con Mar\u00eda F\u00e9lix.<\/p>\n\n\n\n<figure class=\"wp-block-gallery has-nested-images columns-default is-cropped wp-block-gallery-4 is-layout-flex wp-block-gallery-is-layout-flex\">\n<figure class=\"wp-block-image size-large\"><img decoding=\"async\" width=\"500\" height=\"375\" data-id=\"1090159\" src=\"https:\/\/dimensionturistica.com\/es\/wp-content\/uploads\/2025\/12\/4TURI.jpg\" alt=\"\" class=\"wp-image-1090159\" srcset=\"https:\/\/dimensionturistica.com\/es\/wp-content\/uploads\/2025\/12\/4TURI.jpg 500w, https:\/\/dimensionturistica.com\/es\/wp-content\/uploads\/2025\/12\/4TURI-300x225.jpg 300w\" sizes=\"(max-width: 500px) 100vw, 500px\" \/><\/figure>\n<\/figure>\n\n\n\n<p>\u201cTuribus cumple 25 a\u00f1os conectando a viajeros con las historias, los sabores y la esencia de M\u00e9xico. Veracruz es un destino que representa tradici\u00f3n, cultura y m\u00fasica, y es un orgullo celebrarlo con este recorrido especial\u201d.<\/p>\n\n\n\n<p>Con esta experiencia, Turibus reafirma su compromiso de seguir impulsando el turismo nacional y de acercar a los visitantes a los rincones que hacen de Veracruz un destino vibrante, colorido y lleno de vida.<\/p>\n\n\n\n<p>M\u00e1s informaci\u00f3n y boletos en: www.turibus.com.mx<\/p>\n","protected":false},"excerpt":{"rendered":"<p>Turibus contin\u00faa presentando experiencias \u00fanicas en las ciudades m\u00e1s emblem\u00e1ticas del pa\u00eds. En esta ocasi\u00f3n, el tradicional City Tour de Veracruz ofrecer\u00e1 una salida especial para medios de comunicaci\u00f3n el pr\u00f3ximo 29 de noviembre, partiendo desde la parada del Malec\u00f3n a las 17:00 horas. Este recorrido conmemorativo busca compartir con la prensa la riqueza cultural, [&hellip;]<\/p>\n","protected":false},"author":1,"featured_media":0,"comment_status":"open","ping_status":"closed","sticky":false,"template":"","format":"standard","meta":{"om_disable_all_campaigns":false,"jnews-multi-image_gallery":[],"jnews_single_post":[],"jnews_primary_category":[],"jnews_social_meta":[],"footnotes":""},"categories":[39],"tags":[],"class_list":["post-1090155","post","type-post","status-publish","format-standard","hentry","category-viajes"],"_links":{"self":[{"href":"https:\/\/dimensionturistica.com\/es\/wp-json\/wp\/v2\/posts\/1090155","targetHints":{"allow":["GET"]}}],"collection":[{"href":"https:\/\/dimensionturistica.com\/es\/wp-json\/wp\/v2\/posts"}],"about":[{"href":"https:\/\/dimensionturistica.com\/es\/wp-json\/wp\/v2\/types\/post"}],"author":[{"embeddable":true,"href":"https:\/\/dimensionturistica.com\/es\/wp-json\/wp\/v2\/users\/1"}],"replies":[{"embeddable":true,"href":"https:\/\/dimensionturistica.com\/es\/wp-json\/wp\/v2\/comments?post=1090155"}],"version-history":[{"count":1,"href":"https:\/\/dimensionturistica.com\/es\/wp-json\/wp\/v2\/posts\/1090155\/revisions"}],"predecessor-version":[{"id":1090160,"href":"https:\/\/dimensionturistica.com\/es\/wp-json\/wp\/v2\/posts\/1090155\/revisions\/1090160"}],"wp:attachment":[{"href":"https:\/\/dimensionturistica.com\/es\/wp-json\/wp\/v2\/media?parent=1090155"}],"wp:term":[{"taxonomy":"category","embeddable":true,"href":"https:\/\/dimensionturistica.com\/es\/wp-json\/wp\/v2\/categories?post=1090155"},{"taxonomy":"post_tag","embeddable":true,"href":"https:\/\/dimensionturistica.com\/es\/wp-json\/wp\/v2\/tags?post=1090155"}],"curies":[{"name":"wp","href":"https:\/\/api.w.org\/{rel}","templated":true}]}}