{"id":1090001,"date":"2025-12-24T04:58:31","date_gmt":"2025-12-24T04:58:31","guid":{"rendered":"https:\/\/dimensionturistica.com\/es\/?p=1090001"},"modified":"2025-12-24T04:58:31","modified_gmt":"2025-12-24T04:58:31","slug":"revelan-los-ocho-vuelos-de-trump-en-el-avion-de-epstein","status":"publish","type":"post","link":"https:\/\/dimensionturistica.com\/es\/revelan-los-ocho-vuelos-de-trump-en-el-avion-de-epstein\/","title":{"rendered":"Revelan los ocho vuelos de Trump en el avi\u00f3n de Epstein"},"content":{"rendered":"<h3>Misterios en el Aire: Viajes Controversiales de una Figura P\u00fablica<\/h3>\n<p>El turismo tiene muchas facetas, desde explorar ex\u00f3ticos destinos hasta descubrir la historia detr\u00e1s de figuras ic\u00f3nicas. Sin embargo, algunas historias tejen un trasfondo de controversia que puede eclipsar incluso la belleza de los paisajes que se visitan. Recientemente, ha salido a la luz la informaci\u00f3n sobre los viajes realizados por una personalidad muy conocida, que han levantado m\u00e1s de una ceja en el \u00e1mbito del turismo y la pol\u00edtica.<\/p>\n<p>Un jet privado, perteneciente a un personaje infame por su propia cuenta, ha sido mencionado como veh\u00edculo de lujo que, sin duda, tambi\u00e9n representaba un pasaporte a encuentros de alto perfil. En ocasiones, las aeronaves no solo transportan a sus ocupantes a lugares paradis\u00edacos, sino que tambi\u00e9n son un reflejo de relaciones complejas, y en este caso, m\u00e1s que complicadas.<\/p>\n<h3>Viajes a Destinos de Ensue\u00f1o<\/h3>\n<p>Las rutas de viaje realizadas inclu\u00edan destinos que, para muchos, ser\u00edan el ep\u00edtome del lujo: islas privadas en el Caribe, famosos complejos tur\u00edsticos y ciudades cosmopolitas. Cada parada, un aviso de las diferencias de acceso y privilegio en el mundo del turismo, donde unos pocos pueden permitirse experiencias inimaginables.<\/p>\n<p>Sin embargo, cada destino en esta narrativa lleva consigo un peso adicional \u2014la asociaci\u00f3n con eventos y personajes que han marcado la historia reciente. Las implicaciones de estos viajes tocan problemas m\u00e1s amplios, desde la \u00e9tica del poder hasta las sombras del secreto. Los jets, que deber\u00edan ser sin\u00f3nimos de escapadas glamorosas, se transforman en s\u00edmbolos de controversia.<\/p>\n<h3>El Turismo como Espejo de Nuestra Sociedad<\/h3>\n<p>Este tipo de relatos no solo despiertan el inter\u00e9s por el viaje en s\u00ed, sino que invitan a reflexionar sobre c\u00f3mo el turismo puede ser un espejo de nuestra sociedad. Detr\u00e1s de los est\u00e1ndares de lujo, las experiencias exclusivas y los destinos so\u00f1ados, a menudo se esconden historias de desigualdad, abuso de poder y redes complejas. Con cada vuelo y cada escala, se revela una red de interacciones que son tanto fascinantes como inquietantes.<\/p>\n<h3>Un Llamado a la Reflexi\u00f3n<\/h3>\n<p>Mientras los viajeros buscan el pr\u00f3ximo destino en su lista, es vital que hagan una pausa y consideren la historia que podr\u00eda estar sucediendo bajo la superficie. La experiencia de viajar es rica y multifac\u00e9tica, y a veces, lo que encontramos en los cielos es tan intrigante como lo que descubrimos en la tierra. As\u00ed, el acto de viajar se transforma en un fen\u00f3meno que no solo se limita al placer y la aventura, sino que tambi\u00e9n puede desvelar las complejidades de nuestras conexiones sociales y culturales.<\/p>\n<p>En un mundo donde el turismo parece ser un veh\u00edculo de disfrute, cada viaje tiene el potencial de convertirse en una experiencia que abastezca no solo la curiosidad, sino tambi\u00e9n la conciencia. As\u00ed que, la pr\u00f3xima vez que te sientes a planificar tu pr\u00f3xima escapada, preg\u00fantate: \u00bfQu\u00e9 historias est\u00e1n latentes en los destinos que elijo? \u00bfY qu\u00e9 narrativas deber\u00eda explorar para enriquecer mi experiencia? Viajar es mucho m\u00e1s que una simple huella en un pasaporte; es una aventura que, en su ra\u00edz m\u00e1s profunda, conecta a la humanidad.<\/p>\n<p><em> &#8221; Fuentes www.articulo14.es &#8221; <\/em><\/p>\n","protected":false},"excerpt":{"rendered":"<p>Misterios en el Aire: Viajes Controversiales de una Figura P\u00fablica El turismo tiene muchas facetas, desde explorar ex\u00f3ticos destinos hasta descubrir la historia detr\u00e1s de figuras ic\u00f3nicas. Sin embargo, algunas historias tejen un trasfondo de controversia que puede eclipsar incluso la belleza de los paisajes que se visitan. Recientemente, ha salido a la luz la [&hellip;]<\/p>\n","protected":false},"author":4,"featured_media":1090002,"comment_status":"open","ping_status":"closed","sticky":false,"template":"","format":"standard","meta":{"om_disable_all_campaigns":false,"jnews-multi-image_gallery":[],"jnews_single_post":[],"jnews_primary_category":[],"jnews_social_meta":[],"footnotes":""},"categories":[39],"tags":[5589,6446,138976,413,260740,20262,1363,47445,546,2155,545],"class_list":["post-1090001","post","type-post","status-publish","format-standard","has-post-thumbnail","hentry","category-viajes","tag-abuso-sexual","tag-celebridades","tag-controversia","tag-donald-trump","tag-epstein","tag-escandalo","tag-estados-unidos","tag-jet-privado","tag-politica","tag-trump","tag-viajes"],"_links":{"self":[{"href":"https:\/\/dimensionturistica.com\/es\/wp-json\/wp\/v2\/posts\/1090001","targetHints":{"allow":["GET"]}}],"collection":[{"href":"https:\/\/dimensionturistica.com\/es\/wp-json\/wp\/v2\/posts"}],"about":[{"href":"https:\/\/dimensionturistica.com\/es\/wp-json\/wp\/v2\/types\/post"}],"author":[{"embeddable":true,"href":"https:\/\/dimensionturistica.com\/es\/wp-json\/wp\/v2\/users\/4"}],"replies":[{"embeddable":true,"href":"https:\/\/dimensionturistica.com\/es\/wp-json\/wp\/v2\/comments?post=1090001"}],"version-history":[{"count":1,"href":"https:\/\/dimensionturistica.com\/es\/wp-json\/wp\/v2\/posts\/1090001\/revisions"}],"predecessor-version":[{"id":1090003,"href":"https:\/\/dimensionturistica.com\/es\/wp-json\/wp\/v2\/posts\/1090001\/revisions\/1090003"}],"wp:featuredmedia":[{"embeddable":true,"href":"https:\/\/dimensionturistica.com\/es\/wp-json\/wp\/v2\/media\/1090002"}],"wp:attachment":[{"href":"https:\/\/dimensionturistica.com\/es\/wp-json\/wp\/v2\/media?parent=1090001"}],"wp:term":[{"taxonomy":"category","embeddable":true,"href":"https:\/\/dimensionturistica.com\/es\/wp-json\/wp\/v2\/categories?post=1090001"},{"taxonomy":"post_tag","embeddable":true,"href":"https:\/\/dimensionturistica.com\/es\/wp-json\/wp\/v2\/tags?post=1090001"}],"curies":[{"name":"wp","href":"https:\/\/api.w.org\/{rel}","templated":true}]}}