{"id":1089926,"date":"2025-12-24T00:24:28","date_gmt":"2025-12-24T00:24:28","guid":{"rendered":"https:\/\/dimensionturistica.com\/es\/?p=1089926"},"modified":"2025-12-24T00:24:28","modified_gmt":"2025-12-24T00:24:28","slug":"al-crear-arrancame-la-vida-comprendi-que-habitaba-en-un-entorno-mas-patriarcal-de-lo-que-imaginaba-angeles-mastretta-reflexiona-en-el-podcast-de-vogueon","status":"publish","type":"post","link":"https:\/\/dimensionturistica.com\/es\/al-crear-arrancame-la-vida-comprendi-que-habitaba-en-un-entorno-mas-patriarcal-de-lo-que-imaginaba-angeles-mastretta-reflexiona-en-el-podcast-de-vogueon\/","title":{"rendered":"&#8220;Al crear Arr\u00e1ncame la Vida, comprend\u00ed que habitaba en un entorno m\u00e1s patriarcal de lo que imaginaba&#8221;: \u00c1ngeles Mastretta reflexiona en el podcast de VogueON."},"content":{"rendered":"<h3>\u00c1ngeles Mastretta: Una Maestra de los Sentidos en la Moda<\/h3>\n<p>En un mundo donde la moda no solo se trata de lo que llevamos puesto, sino tambi\u00e9n de la narrativa que tejemos a nuestro alrededor, \u00c1ngeles Mastretta se presenta como una figura ic\u00f3nica que trasciende lo superficial. Esta escritora y periodista mexicana ha dejado una huella imborrable en diversos \u00e1mbitos, y su incursi\u00f3n en el mundo de la moda no es la excepci\u00f3n.<\/p>\n<h4>La Moda como Narrativa<\/h4>\n<p>Desde el inicio de su carrera, Mastretta ha demostrado que la moda puede ser una extensi\u00f3n de nuestra identidad. A trav\u00e9s de su estilo \u00fanico, comunica no solo tendencias, sino tambi\u00e9n historias, emociones y una conexi\u00f3n profunda con la cultura mexicana. Esta fusi\u00f3n de elementos hace que su participaci\u00f3n en el universo del dise\u00f1o y la moda sea un fen\u00f3meno digno de an\u00e1lisis.<\/p>\n<p>El enfoque de Mastretta hacia la moda se aleja del convencionalismo. En lugar de seguir reglas preestablecidas, aprovecha la libertad creativa para plasmar en cada elecci\u00f3n est\u00e9tica una parte de su identidad. La moda se convierte en un di\u00e1logo constante entre la modernidad y las ra\u00edces, donde cada prenda habla de la historia que llevamos como sociedad.<\/p>\n<h4>Inspiraci\u00f3n en la Tradici\u00f3n<\/h4>\n<p>Una de las caracter\u00edsticas m\u00e1s notables de Mastretta es su habilidad para inspirarse en la tradici\u00f3n sin caer en el anacronismo. Utiliza elementos del folclore mexicano, pero los reinventa de manera contempor\u00e1nea. Esta simbiosis entre lo antiguo y lo nuevo se refleja en sus colaboraciones con dise\u00f1adores, quienes encuentran en su visi\u00f3n una oportunidad para crear piezas que son aut\u00e9nticas obras de arte.<\/p>\n<p>Los textiles, patrones y colores son utilizados por Mastretta como recursos narrativos. Cada dise\u00f1o es una invitaci\u00f3n a explorar el patrimonio cultural mexicano, transformando la vestimenta en un s\u00edmbolo de expresi\u00f3n y resistencia.<\/p>\n<h4>El Impacto de la Narrativa Visual<\/h4>\n<p>El poder de la imagen en la moda no puede subestimarse, y Mastretta lo entiende a la perfecci\u00f3n. Su enfoque en la presentaci\u00f3n visual de las colecciones no se limita a la est\u00e9tica; busca generar un impacto emocional. Las campa\u00f1as, cuidadosamente elaboradas, cuentan una historia que resuena en el espectador, invitando a una reflexi\u00f3n sobre la identidad y el lugar que ocupamos en el mundo.<\/p>\n<p>Cada sesi\u00f3n fotogr\u00e1fica es una representaci\u00f3n de un contexto m\u00e1s amplio, donde se fusionan la moda y la literatura, creando una experiencia multisensorial que atrapa y fascina. Esta capacidad de contar historias a trav\u00e9s de la moda es lo que la hace destacar en una industria a menudo saturada de superficialidad.<\/p>\n<h4>El Futuro de la Moda a Trav\u00e9s de su Lente<\/h4>\n<p>A medida que el panorama de la moda sigue evolucionando, la visi\u00f3n de Mastretta se torna cada vez m\u00e1s relevante. En un mundo que clama por autenticidad y diversidad, su trabajo se erige como un ejemplo a seguir. La invitaci\u00f3n a explorar nuevas narrativas a trav\u00e9s de la moda es un llamado a todos los dise\u00f1adores y creativos a reconsiderar su papel en esta conversi\u00f3n constante.<\/p>\n<p>La moda no es solo lo que vestimos; es una forma de expresi\u00f3n que, bajo la gu\u00eda de \u00c1ngeles Mastretta, nos invita a redescubrir nuestra historia y a celebrar la maravilla de ser \u00fanicos. Este enfoque revolucionario no solo inspira a quienes est\u00e1n dentro de la industria, sino que tambi\u00e9n impacta a un p\u00fablico m\u00e1s amplio, que busca sentimientos y conexiones en cada pieza de ropa.<\/p>\n<p>En la intersecci\u00f3n entre moda, cultura y narrativa, \u00c1ngeles Mastretta brilla como un faro que nos gu\u00eda hacia un futuro m\u00e1s enriquecedor y aut\u00e9ntico. La invitaci\u00f3n est\u00e1 hecha: exploremos juntos las historias que se esconden detr\u00e1s de cada prenda y redescubramos el verdadero poder de la moda.<\/p>\n<p><em> &#8221; Fuentes www.vogue.mx &#8221; <\/em><\/p>\n","protected":false},"excerpt":{"rendered":"<p>\u00c1ngeles Mastretta: Una Maestra de los Sentidos en la Moda En un mundo donde la moda no solo se trata de lo que llevamos puesto, sino tambi\u00e9n de la narrativa que tejemos a nuestro alrededor, \u00c1ngeles Mastretta se presenta como una figura ic\u00f3nica que trasciende lo superficial. Esta escritora y periodista mexicana ha dejado una [&hellip;]<\/p>\n","protected":false},"author":14,"featured_media":1089927,"comment_status":"open","ping_status":"closed","sticky":false,"template":"","format":"standard","meta":{"om_disable_all_campaigns":false,"jnews-multi-image_gallery":[],"jnews_single_post":[],"jnews_primary_category":[],"jnews_social_meta":[],"footnotes":""},"categories":[144872],"tags":[261614,142911,373],"class_list":["post-1089926","post","type-post","status-publish","format-standard","has-post-thumbnail","hentry","category-fashion","tag-angeles-mastretta-arrancame-la-vida-machismo-podcast-vogueon-literatura-feminismo-narrativa-cultura-experiencias-personales","tag-splitscreenimageleftinset","tag-web"],"_links":{"self":[{"href":"https:\/\/dimensionturistica.com\/es\/wp-json\/wp\/v2\/posts\/1089926","targetHints":{"allow":["GET"]}}],"collection":[{"href":"https:\/\/dimensionturistica.com\/es\/wp-json\/wp\/v2\/posts"}],"about":[{"href":"https:\/\/dimensionturistica.com\/es\/wp-json\/wp\/v2\/types\/post"}],"author":[{"embeddable":true,"href":"https:\/\/dimensionturistica.com\/es\/wp-json\/wp\/v2\/users\/14"}],"replies":[{"embeddable":true,"href":"https:\/\/dimensionturistica.com\/es\/wp-json\/wp\/v2\/comments?post=1089926"}],"version-history":[{"count":1,"href":"https:\/\/dimensionturistica.com\/es\/wp-json\/wp\/v2\/posts\/1089926\/revisions"}],"predecessor-version":[{"id":1089928,"href":"https:\/\/dimensionturistica.com\/es\/wp-json\/wp\/v2\/posts\/1089926\/revisions\/1089928"}],"wp:featuredmedia":[{"embeddable":true,"href":"https:\/\/dimensionturistica.com\/es\/wp-json\/wp\/v2\/media\/1089927"}],"wp:attachment":[{"href":"https:\/\/dimensionturistica.com\/es\/wp-json\/wp\/v2\/media?parent=1089926"}],"wp:term":[{"taxonomy":"category","embeddable":true,"href":"https:\/\/dimensionturistica.com\/es\/wp-json\/wp\/v2\/categories?post=1089926"},{"taxonomy":"post_tag","embeddable":true,"href":"https:\/\/dimensionturistica.com\/es\/wp-json\/wp\/v2\/tags?post=1089926"}],"curies":[{"name":"wp","href":"https:\/\/api.w.org\/{rel}","templated":true}]}}