{"id":1089866,"date":"2025-12-23T21:34:53","date_gmt":"2025-12-23T21:34:53","guid":{"rendered":"https:\/\/dimensionturistica.com\/es\/?p=1089866"},"modified":"2025-12-23T21:34:53","modified_gmt":"2025-12-23T21:34:53","slug":"31-imagenes-inolvidables-de-la-familia-real-en-la-temporada-navidena","status":"publish","type":"post","link":"https:\/\/dimensionturistica.com\/es\/31-imagenes-inolvidables-de-la-familia-real-en-la-temporada-navidena\/","title":{"rendered":"31 Im\u00e1genes Inolvidables de la Familia Real en la Temporada Navide\u00f1a"},"content":{"rendered":"<h3>Un Viaje a la Historia: La Navidad Real en Espa\u00f1a<\/h3>\n<p>La Navidad es una \u00e9poca m\u00e1gica, un momento de uni\u00f3n familiar y celebraci\u00f3n que trasciende generaciones. En el caso de la familia real espa\u00f1ola, estas festividades adquieren una dimensi\u00f3n a\u00fan m\u00e1s fascinante, cargada de historia, tradici\u00f3n y una pizca de glamour. A trav\u00e9s de ic\u00f3nicas fotograf\u00edas, se puede apreciar c\u00f3mo los Reyes de Espa\u00f1a realizan sus celebraciones navide\u00f1as, convirtiendo cada instante en una imagen memorable.<\/p>\n<p>Desde la entrada del mes de diciembre, el ambiente se transforma. Las calles se iluminan con decoraciones festivas y los hogares se acondicionan para recibir a familiares y amigos. Las tradiciones no son simples costumbres; son relatos visuales que han sido capturados en momentos clave a lo largo de los a\u00f1os. La familia real, en este sentido, se convierte en un reflejo de la sociedad espa\u00f1ola, un escaparate de c\u00f3mo se vive la festividad en los distintos estratos de la vida.<\/p>\n<h3>Un Retazo de Historia Familiar<\/h3>\n<p>Las fotograf\u00edas de la familia real en Navidad revelan m\u00e1s que una simple estampa festiva; cuentan historias. Cada imagen invita al espectador a un viaje en el tiempo, donde se pueden observar a los peque\u00f1os pr\u00edncipes jugando bajo el \u00e1rbol adornado, as\u00ed como momentos m\u00e1s serios en los que la familia se re\u00fane para compartir con otros miembros de la sociedad. La presencia de figuras clave, como los abuelos, muestra la importancia de la herencia familiar en la din\u00e1mica real.<\/p>\n<p>La costumbre de enviar y recibir tarjetas navide\u00f1as tambi\u00e9n es una tradici\u00f3n presente en estas celebraciones. El retrato familiar, que se convierte en un s\u00edmbolo y un gesto de unidad, logra acercar a la familia real al ciudadano com\u00fan, otorg\u00e1ndole un sentido de familiaridad y accesibilidad.<\/p>\n<h3>La Magia de las Tradiciones<\/h3>\n<p>Una de las tradiciones m\u00e1s entra\u00f1ables es la celebraci\u00f3n de la Nochebuena. En este d\u00eda, la familia se re\u00fane para cenar y compartir an\u00e9cdotas, risas y recuerdos. Las im\u00e1genes capturadas durante esta velada muestran a los Reyes en un ambiente c\u00e1lido, rodeados de su prole, y al mismo tiempo reflejan la nostalgia de tiempos pasados. La mesa llena de manjares t\u00edpicos y el brindis inevitable devuelven la mirada a las costumbres que nos definen como naci\u00f3n.<\/p>\n<p>Las festividades no terminan el 25 de diciembre; las celebraciones contin\u00faan hasta el D\u00eda de Reyes. Esta jornada se torna m\u00e1gica, especialmente para los m\u00e1s peque\u00f1os, quienes esperan con ansias la llegada de los Reyes Magos. La familia real participa activamente en esta tradici\u00f3n, simbolizando la conexi\u00f3n entre la historia y el presente.<\/p>\n<h3>Una Visi\u00f3n Contempor\u00e1nea<\/h3>\n<p>A medida que la sociedad avanza y se transforma, la familia real tambi\u00e9n ha sabido adaptarse. Las im\u00e1genes m\u00e1s recientes muestran a los j\u00f3venes pr\u00edncipes, que empiezan a asumir roles m\u00e1s prominentes dentro de las festividades, llevando consigo un aire fresco y contempor\u00e1neo. Esta evoluci\u00f3n se refleja en el inter\u00e9s por preservar nuestras tradiciones mientras se abre paso a nuevas formas de celebraci\u00f3n que resonan con las generaciones actuales.<\/p>\n<p>La Navidad en la familia real espa\u00f1ola no es solo un momento de celebraciones, sino tambi\u00e9n un recorrido por la historia y la cultura. Estas instant\u00e1neas nos recuerdan que, detr\u00e1s de la etiqueta y el protocolo, hay una familia como muchas otras que celebra con amor, alegr\u00eda y esperanza por un futuro mejor.<\/p>\n<h3>Conclusi\u00f3n<\/h3>\n<p>La Navidad es un tiempo para recordar la importancia de la uni\u00f3n familiar, y las im\u00e1genes de la familia real espa\u00f1ola en estas festividades nos lo recuerdan en cada rinc\u00f3n de su historia. Al final, cada uno de nosotros puede encontrar un pedazo de su propia vivencia navide\u00f1a reflejada en estas memorias visuales, invit\u00e1ndonos a ser parte de una historia que, aunque real, tambi\u00e9n se siente maravillosamente familiar.<\/p>\n<p><em> &#8221; Fuentes columnadigital.com &#8221; <\/em><\/p>\n","protected":false},"excerpt":{"rendered":"<p>Un Viaje a la Historia: La Navidad Real en Espa\u00f1a La Navidad es una \u00e9poca m\u00e1gica, un momento de uni\u00f3n familiar y celebraci\u00f3n que trasciende generaciones. En el caso de la familia real espa\u00f1ola, estas festividades adquieren una dimensi\u00f3n a\u00fan m\u00e1s fascinante, cargada de historia, tradici\u00f3n y una pizca de glamour. A trav\u00e9s de ic\u00f3nicas [&hellip;]<\/p>\n","protected":false},"author":4,"featured_media":1089867,"comment_status":"open","ping_status":"closed","sticky":false,"template":"","format":"standard","meta":{"om_disable_all_campaigns":false,"jnews-multi-image_gallery":[],"jnews_single_post":[],"jnews_primary_category":[],"jnews_social_meta":[],"footnotes":""},"categories":[39],"tags":[10387,233985,662,97392,724,11929,6209,261600,6643,3154,1563,261601,23880,9053,3250],"class_list":["post-1089866","post","type-post","status-publish","format-standard","has-post-thumbnail","hentry","category-viajes","tag-celebraciones","tag-columna-digital","tag-cultura","tag-dimension-turistica-magazine","tag-eventos","tag-familia-real","tag-fotografia","tag-fotos-memorables","tag-historia","tag-imagenes","tag-navidad","tag-personas-famosas","tag-retratos","tag-reyes","tag-tradiciones"],"_links":{"self":[{"href":"https:\/\/dimensionturistica.com\/es\/wp-json\/wp\/v2\/posts\/1089866","targetHints":{"allow":["GET"]}}],"collection":[{"href":"https:\/\/dimensionturistica.com\/es\/wp-json\/wp\/v2\/posts"}],"about":[{"href":"https:\/\/dimensionturistica.com\/es\/wp-json\/wp\/v2\/types\/post"}],"author":[{"embeddable":true,"href":"https:\/\/dimensionturistica.com\/es\/wp-json\/wp\/v2\/users\/4"}],"replies":[{"embeddable":true,"href":"https:\/\/dimensionturistica.com\/es\/wp-json\/wp\/v2\/comments?post=1089866"}],"version-history":[{"count":1,"href":"https:\/\/dimensionturistica.com\/es\/wp-json\/wp\/v2\/posts\/1089866\/revisions"}],"predecessor-version":[{"id":1089868,"href":"https:\/\/dimensionturistica.com\/es\/wp-json\/wp\/v2\/posts\/1089866\/revisions\/1089868"}],"wp:featuredmedia":[{"embeddable":true,"href":"https:\/\/dimensionturistica.com\/es\/wp-json\/wp\/v2\/media\/1089867"}],"wp:attachment":[{"href":"https:\/\/dimensionturistica.com\/es\/wp-json\/wp\/v2\/media?parent=1089866"}],"wp:term":[{"taxonomy":"category","embeddable":true,"href":"https:\/\/dimensionturistica.com\/es\/wp-json\/wp\/v2\/categories?post=1089866"},{"taxonomy":"post_tag","embeddable":true,"href":"https:\/\/dimensionturistica.com\/es\/wp-json\/wp\/v2\/tags?post=1089866"}],"curies":[{"name":"wp","href":"https:\/\/api.w.org\/{rel}","templated":true}]}}