{"id":1089829,"date":"2025-12-23T20:10:39","date_gmt":"2025-12-23T20:10:39","guid":{"rendered":"https:\/\/dimensionturistica.com\/es\/?p=1089829"},"modified":"2025-12-23T20:10:39","modified_gmt":"2025-12-23T20:10:39","slug":"el-ano-nuevo-la-serie-de-television-mas-romantica-del-ano","status":"publish","type":"post","link":"https:\/\/dimensionturistica.com\/es\/el-ano-nuevo-la-serie-de-television-mas-romantica-del-ano\/","title":{"rendered":"El A\u00f1o Nuevo: La Serie de Televisi\u00f3n M\u00e1s Rom\u00e1ntica del A\u00f1o"},"content":{"rendered":"<h3>La Conexi\u00f3n entre Moda y Cine: un A\u00f1o Nuevo que Inspira<\/h3>\n<p>Cada comienzo de a\u00f1o trae consigo una oportunidad \u00fanica para reflexionar sobre lo que queremos alcanzar en los pr\u00f3ximos doce meses. Sin embargo, lo que pocos han considerado es la poderosa influencia que el cine puede tener en nuestra percepci\u00f3n de la moda y, m\u00e1s importante a\u00fan, en nuestra manera de vivir y expresarnos.<\/p>\n<h4>La Plataforma que Revoluciona la Experiencia Cinematogr\u00e1fica<\/h4>\n<p>Este a\u00f1o, una plataforma de cine ha tomado el centro del escenario, ofreciendo no s\u00f3lo pel\u00edculas, sino una forma renovada de ver y vivir el arte. Imagina disfrutar de una selecci\u00f3n curada de filmes que no solo entretienen, sino que tambi\u00e9n inspiran un sentido de estilo. La experiencia se enriquece con una narrativa visual que va m\u00e1s all\u00e1 de la pantalla, sumergi\u00e9ndonos en un universo donde cada fotograma cuenta una historia de identidad y creatividad.<\/p>\n<h4>El Poder de la Narrativa Visual<\/h4>\n<p>Las pel\u00edculas han sido hist\u00f3ricamente un refugio creativo donde la moda juega un papel protagonista. Desde la est\u00e9tica de los vestuarios hasta la forma en que los personajes se presentan ante el mundo, cada detalle importa. La manera en que se ha cultivado este aspecto en la propuesta cinematogr\u00e1fica de este nuevo a\u00f1o es un testimonio de cu\u00e1n entrelazadas est\u00e1n ambas disciplinas. Los dise\u00f1adores encuentran en estos filmes una fuente inagotable de inspiraci\u00f3n, mientras que los espectadores son incentivados a explorar nuevos estilos que se alineen con su narraci\u00f3n personal.<\/p>\n<h4>Conectando con la Audiencia a Trav\u00e9s de la Est\u00e9tica<\/h4>\n<p>Lo que distingue a esta innovadora propuesta es su capacidad para conectar con la audiencia de manera efectiva. La programaci\u00f3n incluye pel\u00edculas que no solo ofrecen entretenimiento, sino que tambi\u00e9n invitan a una reflexi\u00f3n m\u00e1s profunda sobre la individualidad y la autoexpresi\u00f3n que la moda proyecta en cada uno de nosotros. Este ciclo de cine hace que el espectador se convierta en parte activa de la conversaci\u00f3n sobre estilo, identidad y cultura.<\/p>\n<h4>Creando Comunidades alrededor del S\u00e9ptimo Arte<\/h4>\n<p>Adem\u00e1s de ofrecer una plataforma de entretenimiento, este esfuerzo busca formar comunidades. A trav\u00e9s de eventos, charlas y debates, se est\u00e1n creando espacios donde amantes del cine y de la moda pueden interactuar, discutirse y crecer juntos. Las redes sociales cobran un papel fundamental, permitiendo que estas experiencias se compartan y se viralicen, llevando el mensaje a un p\u00fablico m\u00e1s amplio.<\/p>\n<h4>La Influencia de la Moda en el Estilo de Vida<\/h4>\n<p>Un punto muy interesante es la manera en la que estos filmes presentan la moda no solo como vestimenta, sino como un estilo de vida. La forma en que los personajes visten, se mueven y se expresan en la pantalla puede motivar al espectador a replantearse su propio armario y h\u00e1bitos. As\u00ed, la moda se convierte en un reflejo de valores y aspiraciones, haciendo que cada elecci\u00f3n de vestimenta sea una declaraci\u00f3n de intenciones.<\/p>\n<h3>Conclusi\u00f3n<\/h3>\n<p>Caminar por la pasarela del cine es una experiencia que puede transformar no solo nuestra percepci\u00f3n de la moda, sino tambi\u00e9n nuestra conexi\u00f3n con el mundo. Este nuevo ciclo de cine ofrece una invitaci\u00f3n abierta a sumergirse en un universo donde la est\u00e9tica es el hilo conductor de una narrativa vibrante y significativa. La fusi\u00f3n entre moda y cine se reafirma, dando lugar a un camino lleno de posibilidades para quienes buscan inspiraci\u00f3n en cada rinc\u00f3n de la vida cotidiana. Es el momento perfecto para explorar, cuestionar y, sobre todo, disfrutar de la magia que ambos mundos tienen para ofrecer.<\/p>\n<p><em> &#8221; Fuentes www.vogue.com &#8221; <\/em><\/p>\n","protected":false},"excerpt":{"rendered":"<p>La Conexi\u00f3n entre Moda y Cine: un A\u00f1o Nuevo que Inspira Cada comienzo de a\u00f1o trae consigo una oportunidad \u00fanica para reflexionar sobre lo que queremos alcanzar en los pr\u00f3ximos doce meses. Sin embargo, lo que pocos han considerado es la poderosa influencia que el cine puede tener en nuestra percepci\u00f3n de la moda y, [&hellip;]<\/p>\n","protected":false},"author":14,"featured_media":1089831,"comment_status":"open","ping_status":"closed","sticky":false,"template":"","format":"standard","meta":{"om_disable_all_campaigns":false,"jnews-multi-image_gallery":[],"jnews_single_post":[],"jnews_primary_category":[],"jnews_social_meta":[],"footnotes":""},"categories":[144872],"tags":[489,225,120757,204116,81453,121220,51893,72931,217117,134,111204,198621,207480,373],"class_list":["post-1089829","post","type-post","status-publish","format-standard","has-post-thumbnail","hentry","category-fashion","tag-drama","tag-entertainment","tag-festive","tag-love-stories","tag-new-years","tag-relationships","tag-reviews","tag-romantic","tag-storytypenews-trending","tag-television","tag-textaboveleftsmall","tag-tv-movies","tag-tv-show","tag-web"],"_links":{"self":[{"href":"https:\/\/dimensionturistica.com\/es\/wp-json\/wp\/v2\/posts\/1089829","targetHints":{"allow":["GET"]}}],"collection":[{"href":"https:\/\/dimensionturistica.com\/es\/wp-json\/wp\/v2\/posts"}],"about":[{"href":"https:\/\/dimensionturistica.com\/es\/wp-json\/wp\/v2\/types\/post"}],"author":[{"embeddable":true,"href":"https:\/\/dimensionturistica.com\/es\/wp-json\/wp\/v2\/users\/14"}],"replies":[{"embeddable":true,"href":"https:\/\/dimensionturistica.com\/es\/wp-json\/wp\/v2\/comments?post=1089829"}],"version-history":[{"count":1,"href":"https:\/\/dimensionturistica.com\/es\/wp-json\/wp\/v2\/posts\/1089829\/revisions"}],"predecessor-version":[{"id":1089833,"href":"https:\/\/dimensionturistica.com\/es\/wp-json\/wp\/v2\/posts\/1089829\/revisions\/1089833"}],"wp:featuredmedia":[{"embeddable":true,"href":"https:\/\/dimensionturistica.com\/es\/wp-json\/wp\/v2\/media\/1089831"}],"wp:attachment":[{"href":"https:\/\/dimensionturistica.com\/es\/wp-json\/wp\/v2\/media?parent=1089829"}],"wp:term":[{"taxonomy":"category","embeddable":true,"href":"https:\/\/dimensionturistica.com\/es\/wp-json\/wp\/v2\/categories?post=1089829"},{"taxonomy":"post_tag","embeddable":true,"href":"https:\/\/dimensionturistica.com\/es\/wp-json\/wp\/v2\/tags?post=1089829"}],"curies":[{"name":"wp","href":"https:\/\/api.w.org\/{rel}","templated":true}]}}