{"id":1089771,"date":"2025-12-23T18:21:11","date_gmt":"2025-12-23T18:21:11","guid":{"rendered":"https:\/\/dimensionturistica.com\/es\/?p=1089771"},"modified":"2025-12-23T18:21:11","modified_gmt":"2025-12-23T18:21:11","slug":"copame-y-uber-estrechan-lazos-para-fortalecer-el-deporte-paralimpico","status":"publish","type":"post","link":"https:\/\/dimensionturistica.com\/es\/copame-y-uber-estrechan-lazos-para-fortalecer-el-deporte-paralimpico\/","title":{"rendered":"COPAME y Uber estrechan lazos para fortalecer el deporte paral\u00edmpico"},"content":{"rendered":"\n<p><\/p>\n\n\n\n<figure class=\"wp-block-gallery has-nested-images columns-default is-cropped wp-block-gallery-1 is-layout-flex wp-block-gallery-is-layout-flex\">\n<figure class=\"wp-block-image size-large\"><img decoding=\"async\" width=\"500\" height=\"281\" data-id=\"1089772\" src=\"https:\/\/dimensionturistica.com\/es\/wp-content\/uploads\/2025\/12\/5UBER.jpg\" alt=\"\" class=\"wp-image-1089772\" srcset=\"https:\/\/dimensionturistica.com\/es\/wp-content\/uploads\/2025\/12\/5UBER.jpg 500w, https:\/\/dimensionturistica.com\/es\/wp-content\/uploads\/2025\/12\/5UBER-300x169.jpg 300w\" sizes=\"(max-width: 500px) 100vw, 500px\" \/><\/figure>\n<\/figure>\n\n\n\n<p>&nbsp;El Comit\u00e9 Paral\u00edmpico Mexicano (COPAME) y Uber M\u00e9xico anuncian hoy de manera conjunta la renovaci\u00f3n de su alianza para el ciclo 2025-2026, con el fin de seguir impulsando la movilidad incluyente y el deporte paral\u00edmpico en el pa\u00eds.<\/p>\n\n\n\n<p>Con la renovaci\u00f3n de este compromiso, ambas instituciones continuar\u00e1n trabajando de manera coordinada para fortalecer la preparaci\u00f3n, movilidad y acompa\u00f1amiento de las y los Para atletas mexicanos en sus entrenamientos, concentraciones y competencias nacionales e internacionales.<\/p>\n\n\n\n<figure class=\"wp-block-gallery has-nested-images columns-default is-cropped wp-block-gallery-2 is-layout-flex wp-block-gallery-is-layout-flex\">\n<figure class=\"wp-block-image size-large\"><img decoding=\"async\" width=\"500\" height=\"354\" data-id=\"1089773\" src=\"https:\/\/dimensionturistica.com\/es\/wp-content\/uploads\/2025\/12\/1UBER-1.jpg\" alt=\"\" class=\"wp-image-1089773\" srcset=\"https:\/\/dimensionturistica.com\/es\/wp-content\/uploads\/2025\/12\/1UBER-1.jpg 500w, https:\/\/dimensionturistica.com\/es\/wp-content\/uploads\/2025\/12\/1UBER-1-300x212.jpg 300w, https:\/\/dimensionturistica.com\/es\/wp-content\/uploads\/2025\/12\/1UBER-1-120x86.jpg 120w\" sizes=\"(max-width: 500px) 100vw, 500px\" \/><\/figure>\n<\/figure>\n\n\n\n<p>Este refrendo de colaboraci\u00f3n se da en el marco del inicio del ciclo de preparaci\u00f3n rumbo a la m\u00e1xima justa paral\u00edmpica, que se llevar\u00e1 a cabo en 2028 en la ciudad de Los \u00c1ngeles en Estados Unidos.<\/p>\n\n\n\n<p>\u201cCuando un patrocinador comparte nuestra visi\u00f3n, el impacto se multiplica. Hoy, con la renovaci\u00f3n de esta alianza, nuestros atletas tienen m\u00e1s oportunidades para prepararse, crecer y cumplir sus sue\u00f1os. Uber se convierte una vez m\u00e1s en parte de ese impulso que mueve al deporte paral\u00edmpico\u201d, afirm\u00f3 Liliana Su\u00e1rez Carre\u00f3n, la entonces presidenta del Comit\u00e9 Paral\u00edmpico Mexicano.<\/p>\n\n\n\n<p>Uber mantendr\u00e1 durante 2026 el compromiso de ofrecer viajes con el fin de que los para atletas puedan ir y venir de sus concentraciones con la tranquilidad que ofrece la marca. Este anuncio se hizo en el marco de la Gala COPAME, el espacio de celebraci\u00f3n y reconocimiento a la comunidad paral\u00edmpica.<\/p>\n\n\n\n<p>\u201cPara nosotros es un gran orgullo trabajar de la mano con COPAME y con los para atletas. Queremos que su destino sea el oro, y qu\u00e9 mejor si podemos contribuir a que eso suceda\u201d, sostuvo Diego Mart\u00ednez, Director de Asuntos P\u00fablicos de Uber M\u00e9xico.<\/p>\n\n\n\n<p>El primer compromiso entre Uber M\u00e9xico y COPAME se firm\u00f3 en 2024, cuando la empresa realiz\u00f3 diversos donativos para ayudar a que los para atletas de \u00e9lite de M\u00e9xico pudieran competir en Par\u00eds.<\/p>\n","protected":false},"excerpt":{"rendered":"<p>&nbsp;El Comit\u00e9 Paral\u00edmpico Mexicano (COPAME) y Uber M\u00e9xico anuncian hoy de manera conjunta la renovaci\u00f3n de su alianza para el ciclo 2025-2026, con el fin de seguir impulsando la movilidad incluyente y el deporte paral\u00edmpico en el pa\u00eds. Con la renovaci\u00f3n de este compromiso, ambas instituciones continuar\u00e1n trabajando de manera coordinada para fortalecer la preparaci\u00f3n, [&hellip;]<\/p>\n","protected":false},"author":1,"featured_media":0,"comment_status":"open","ping_status":"closed","sticky":false,"template":"","format":"standard","meta":{"om_disable_all_campaigns":false,"jnews-multi-image_gallery":[],"jnews_single_post":[],"jnews_primary_category":[],"jnews_social_meta":[],"footnotes":""},"categories":[39],"tags":[],"class_list":["post-1089771","post","type-post","status-publish","format-standard","hentry","category-viajes"],"_links":{"self":[{"href":"https:\/\/dimensionturistica.com\/es\/wp-json\/wp\/v2\/posts\/1089771","targetHints":{"allow":["GET"]}}],"collection":[{"href":"https:\/\/dimensionturistica.com\/es\/wp-json\/wp\/v2\/posts"}],"about":[{"href":"https:\/\/dimensionturistica.com\/es\/wp-json\/wp\/v2\/types\/post"}],"author":[{"embeddable":true,"href":"https:\/\/dimensionturistica.com\/es\/wp-json\/wp\/v2\/users\/1"}],"replies":[{"embeddable":true,"href":"https:\/\/dimensionturistica.com\/es\/wp-json\/wp\/v2\/comments?post=1089771"}],"version-history":[{"count":1,"href":"https:\/\/dimensionturistica.com\/es\/wp-json\/wp\/v2\/posts\/1089771\/revisions"}],"predecessor-version":[{"id":1089774,"href":"https:\/\/dimensionturistica.com\/es\/wp-json\/wp\/v2\/posts\/1089771\/revisions\/1089774"}],"wp:attachment":[{"href":"https:\/\/dimensionturistica.com\/es\/wp-json\/wp\/v2\/media?parent=1089771"}],"wp:term":[{"taxonomy":"category","embeddable":true,"href":"https:\/\/dimensionturistica.com\/es\/wp-json\/wp\/v2\/categories?post=1089771"},{"taxonomy":"post_tag","embeddable":true,"href":"https:\/\/dimensionturistica.com\/es\/wp-json\/wp\/v2\/tags?post=1089771"}],"curies":[{"name":"wp","href":"https:\/\/api.w.org\/{rel}","templated":true}]}}