{"id":1089636,"date":"2025-12-23T14:18:37","date_gmt":"2025-12-23T14:18:37","guid":{"rendered":"https:\/\/dimensionturistica.com\/es\/?p=1089636"},"modified":"2025-12-23T14:18:37","modified_gmt":"2025-12-23T14:18:37","slug":"el-lujo-el-sabor-y-una-gran-celebracion-navidena-al-estilo-del-hotel-presidente-intercontinental","status":"publish","type":"post","link":"https:\/\/dimensionturistica.com\/es\/el-lujo-el-sabor-y-una-gran-celebracion-navidena-al-estilo-del-hotel-presidente-intercontinental\/","title":{"rendered":"El lujo, el sabor y una gran celebraci\u00f3n navide\u00f1a al estilo del hotel Presidente InterContinental"},"content":{"rendered":"\n<figure class=\"wp-block-gallery has-nested-images columns-default is-cropped wp-block-gallery-1 is-layout-flex wp-block-gallery-is-layout-flex\">\n<figure class=\"wp-block-image size-large\"><img decoding=\"async\" width=\"800\" height=\"250\" data-id=\"1089640\" src=\"https:\/\/dimensionturistica.com\/es\/wp-content\/uploads\/2025\/12\/unnamed.gif\" alt=\"\" class=\"wp-image-1089640\"\/><\/figure>\n<\/figure>\n\n\n\n<p>Con motivo de las celebraciones de Navidad y A\u00f1o Nuevo, el hotel Presidente InterContinental Ciudad de M\u00e9xico anuncia su programaci\u00f3n especial para la temporada decembrina, que incluye cenas de gala, opciones gastron\u00f3micas para disfrutar en casa y una espectacular fiesta de fin de a\u00f1o. Las actividades se llevar\u00e1n a cabo en los restaurantes Alfredo Di Roma, Au Pied de Cochon, Chapul\u00edn, The Palm, Tokoya, Lil\u014du y Amaral.<\/p>\n\n\n\n<figure class=\"wp-block-gallery has-nested-images columns-default is-cropped wp-block-gallery-2 is-layout-flex wp-block-gallery-is-layout-flex\">\n<figure class=\"wp-block-image size-large\"><img decoding=\"async\" width=\"500\" height=\"333\" data-id=\"1089641\" src=\"https:\/\/dimensionturistica.com\/es\/wp-content\/uploads\/2025\/12\/1NAVI.jpg\" alt=\"\" class=\"wp-image-1089641\" srcset=\"https:\/\/dimensionturistica.com\/es\/wp-content\/uploads\/2025\/12\/1NAVI.jpg 500w, https:\/\/dimensionturistica.com\/es\/wp-content\/uploads\/2025\/12\/1NAVI-300x200.jpg 300w\" sizes=\"(max-width: 500px) 100vw, 500px\" \/><\/figure>\n<\/figure>\n\n\n\n<p>Para celebrar Nochebuena y Navidad, el martes 24 de diciembre a partir de las 19:30 horas, los restaurantes ofrecer\u00e1n una cena especial con un costo de $2,350 MXN por persona, mientras que para los ni\u00f1os de 4 a 10 a\u00f1os se dispondr\u00e1 de un men\u00fa infantil con un precio de $995 MXN, as\u00ed como la opci\u00f3n de un men\u00fa vegano (el men\u00fa infantil y vegano no estar\u00e1n disponibles en Tokoya).<\/p>\n\n\n\n<figure class=\"wp-block-gallery has-nested-images columns-default is-cropped wp-block-gallery-3 is-layout-flex wp-block-gallery-is-layout-flex\">\n<figure class=\"wp-block-image size-large\"><img decoding=\"async\" width=\"500\" height=\"333\" data-id=\"1089642\" src=\"https:\/\/dimensionturistica.com\/es\/wp-content\/uploads\/2025\/12\/2NAVI.jpg\" alt=\"\" class=\"wp-image-1089642\" srcset=\"https:\/\/dimensionturistica.com\/es\/wp-content\/uploads\/2025\/12\/2NAVI.jpg 500w, https:\/\/dimensionturistica.com\/es\/wp-content\/uploads\/2025\/12\/2NAVI-300x200.jpg 300w\" sizes=\"(max-width: 500px) 100vw, 500px\" \/><\/figure>\n<\/figure>\n\n\n\n<p>Las reservaciones podr\u00e1n realizarse directamente en cada restaurante o v\u00eda telef\u00f3nica. Al garantizar la reservaci\u00f3n para la cena de Navidad, los asistentes tendr\u00e1n acceso a una tarifa preferencial de hospedaje v\u00e1lida para la noche del 24 de diciembre de 2025 en el hotel Presidente InterContinental Ciudad de M\u00e9xico.<\/p>\n\n\n\n<figure class=\"wp-block-gallery has-nested-images columns-default is-cropped wp-block-gallery-4 is-layout-flex wp-block-gallery-is-layout-flex\">\n<figure class=\"wp-block-image size-large\"><img decoding=\"async\" width=\"500\" height=\"333\" data-id=\"1089643\" src=\"https:\/\/dimensionturistica.com\/es\/wp-content\/uploads\/2025\/12\/3NAVI.jpg\" alt=\"\" class=\"wp-image-1089643\" srcset=\"https:\/\/dimensionturistica.com\/es\/wp-content\/uploads\/2025\/12\/3NAVI.jpg 500w, https:\/\/dimensionturistica.com\/es\/wp-content\/uploads\/2025\/12\/3NAVI-300x200.jpg 300w\" sizes=\"(max-width: 500px) 100vw, 500px\" \/><\/figure>\n<\/figure>\n\n\n\n<p>Como alternativa para quienes prefieren celebrar en casa, el restaurante Au Pied de Cochon ofrecer\u00e1 su tradicional pavo para llevar con un costo de $5,305 MXN. El paquete incluye pavo al estilo franc\u00e9s relleno con foie gras y trufa negra, acompa\u00f1ado de guarnici\u00f3n para ocho personas, verduras rellenas con mermelada de jam\u00f3n y salsa de ar\u00e1ndano. Esta opci\u00f3n estar\u00e1 disponible hasta el 24 de diciembre y requiere pedido con al menos 72 horas de anticipaci\u00f3n.<\/p>\n\n\n\n<figure class=\"wp-block-gallery has-nested-images columns-default is-cropped wp-block-gallery-5 is-layout-flex wp-block-gallery-is-layout-flex\">\n<figure class=\"wp-block-image size-large\"><img decoding=\"async\" width=\"500\" height=\"333\" data-id=\"1089644\" src=\"https:\/\/dimensionturistica.com\/es\/wp-content\/uploads\/2025\/12\/4NAVI.jpg\" alt=\"\" class=\"wp-image-1089644\" srcset=\"https:\/\/dimensionturistica.com\/es\/wp-content\/uploads\/2025\/12\/4NAVI.jpg 500w, https:\/\/dimensionturistica.com\/es\/wp-content\/uploads\/2025\/12\/4NAVI-300x200.jpg 300w\" sizes=\"(max-width: 500px) 100vw, 500px\" \/><\/figure>\n<\/figure>\n\n\n\n<p>Por su parte, el restaurante The Palm ofrecer\u00e1 un paquete que incluye un pavo entero de 9 kg. rostizado o ahumado en madera de manzano m\u00e1s relleno y salsa por $5,650 MXN o bien, una segunda opci\u00f3n que incluye una cena completa para 10 personas con pavo como plato fuerte, ensalada, bisque de langosta, seis guarniciones y cheesecake de Red Velvet, con un costo de $13,600 MXN, ambos paquetes estar\u00e1n disponibles hasta el 31 de diciembre, previa solicitud.<\/p>\n\n\n\n<figure class=\"wp-block-gallery has-nested-images columns-default is-cropped wp-block-gallery-6 is-layout-flex wp-block-gallery-is-layout-flex\">\n<figure class=\"wp-block-image size-large\"><img decoding=\"async\" width=\"500\" height=\"333\" data-id=\"1089645\" src=\"https:\/\/dimensionturistica.com\/es\/wp-content\/uploads\/2025\/12\/5NAVI.jpg\" alt=\"\" class=\"wp-image-1089645\" srcset=\"https:\/\/dimensionturistica.com\/es\/wp-content\/uploads\/2025\/12\/5NAVI.jpg 500w, https:\/\/dimensionturistica.com\/es\/wp-content\/uploads\/2025\/12\/5NAVI-300x200.jpg 300w\" sizes=\"(max-width: 500px) 100vw, 500px\" \/><\/figure>\n<\/figure>\n\n\n\n<p>El toque dulce estar\u00e1 a cargo de Lil\u014du que durante la temporada ofrecer\u00e1 el cl\u00e1sico Panettone, pero hecho con masa madre y dos opciones de coberturas a elegir: untable de avellana o de pistache, galletas de jengibre, chocolate navide\u00f1o y una creaci\u00f3n especial, el Christmas Morning Cereal, ideal para recargar energ\u00eda despu\u00e9s de las celebraciones.<\/p>\n\n\n\n<figure class=\"wp-block-gallery has-nested-images columns-default is-cropped wp-block-gallery-7 is-layout-flex wp-block-gallery-is-layout-flex\">\n<figure class=\"wp-block-image size-large\"><img decoding=\"async\" width=\"500\" height=\"333\" data-id=\"1089648\" src=\"https:\/\/dimensionturistica.com\/es\/wp-content\/uploads\/2025\/12\/7NAVI.jpg\" alt=\"\" class=\"wp-image-1089648\" srcset=\"https:\/\/dimensionturistica.com\/es\/wp-content\/uploads\/2025\/12\/7NAVI.jpg 500w, https:\/\/dimensionturistica.com\/es\/wp-content\/uploads\/2025\/12\/7NAVI-300x200.jpg 300w\" sizes=\"(max-width: 500px) 100vw, 500px\" \/><\/figure>\n<\/figure>\n\n\n\n<p>Para despedir el a\u00f1o, el martes 31 de diciembre a partir de las 20:00 horas, el hotel llevar\u00e1 a cabo una celebraci\u00f3n de A\u00f1o Nuevo con tem\u00e1tica \u201cGatsby\u201d evocando la est\u00e9tica y el ambiente de la d\u00e9cada de 1920, con referencias al estilo Art Dec\u00f3 y a la elegancia caracter\u00edstica de la \u00e9poca. La propuesta busca recrear una atm\u00f3sfera de \u00e9poca a trav\u00e9s de la ambientaci\u00f3n del espacio, el c\u00f3digo visual y la experiencia general del evento.<\/p>\n\n\n\n<figure class=\"wp-block-gallery has-nested-images columns-default is-cropped wp-block-gallery-8 is-layout-flex wp-block-gallery-is-layout-flex\">\n<figure class=\"wp-block-image size-large\"><img decoding=\"async\" width=\"500\" height=\"750\" data-id=\"1089649\" src=\"https:\/\/dimensionturistica.com\/es\/wp-content\/uploads\/2025\/12\/9NAVI.jpg\" alt=\"\" class=\"wp-image-1089649\" srcset=\"https:\/\/dimensionturistica.com\/es\/wp-content\/uploads\/2025\/12\/9NAVI.jpg 500w, https:\/\/dimensionturistica.com\/es\/wp-content\/uploads\/2025\/12\/9NAVI-200x300.jpg 200w\" sizes=\"(max-width: 500px) 100vw, 500px\" \/><\/figure>\n<\/figure>\n\n\n\n<p>Los restaurantes de especialidad ofrecer\u00e1n una cena de A\u00f1o Nuevo con un costo de $4,850 MXN por persona, tanto para men\u00fa regular como vegano, mientras que el men\u00fa infantil para ni\u00f1os de 4 a 10 a\u00f1os tiene un costo de $2,245 MXN que incluye alimentos, coctel de bienvenida en el Sal\u00f3n Castillo, animaci\u00f3n en todos los restaurantes, DJ y Mariachis en cada restaurante, conteo de medianoche, after party y tornafiesta, as\u00ed como un lugar de estacionamiento por habitaci\u00f3n. Por cada dos boletos de adulto adquiridos se otorgar\u00e1 una habitaci\u00f3n en cortes\u00eda v\u00e1lida \u00fanicamente<\/p>\n\n\n\n<figure class=\"wp-block-gallery has-nested-images columns-default is-cropped wp-block-gallery-9 is-layout-flex wp-block-gallery-is-layout-flex\">\n<figure class=\"wp-block-image size-large\"><img decoding=\"async\" width=\"500\" height=\"749\" data-id=\"1089650\" src=\"https:\/\/dimensionturistica.com\/es\/wp-content\/uploads\/2025\/12\/7NAVI.FFJPG_.jpg\" alt=\"\" class=\"wp-image-1089650\" srcset=\"https:\/\/dimensionturistica.com\/es\/wp-content\/uploads\/2025\/12\/7NAVI.FFJPG_.jpg 500w, https:\/\/dimensionturistica.com\/es\/wp-content\/uploads\/2025\/12\/7NAVI.FFJPG_-200x300.jpg 200w\" sizes=\"(max-width: 500px) 100vw, 500px\" \/><\/figure>\n<\/figure>\n\n\n\n<p>para las primeras 200 reservaciones y sujetas a disponibilidad.<\/p>\n\n\n\n<p>Adicionalmente, el restaurante Caf\u00e9 Urbano ofrecer\u00e1 desayuno buffet el jueves 1 de enero de 2026, con servicio extendido hasta las 13:00 horas. Para m\u00e1s informaci\u00f3n y reservaciones, los interesados pueden contactar directamente a los restaurantes participantes o acudir al \u00e1rea de venta designada en el lobby del hotel.<\/p>\n","protected":false},"excerpt":{"rendered":"<p>Con motivo de las celebraciones de Navidad y A\u00f1o Nuevo, el hotel Presidente InterContinental Ciudad de M\u00e9xico anuncia su programaci\u00f3n especial para la temporada decembrina, que incluye cenas de gala, opciones gastron\u00f3micas para disfrutar en casa y una espectacular fiesta de fin de a\u00f1o. Las actividades se llevar\u00e1n a cabo en los restaurantes Alfredo Di [&hellip;]<\/p>\n","protected":false},"author":1,"featured_media":0,"comment_status":"open","ping_status":"closed","sticky":false,"template":"","format":"standard","meta":{"om_disable_all_campaigns":false,"jnews-multi-image_gallery":[],"jnews_single_post":{"format":"standard"},"jnews_primary_category":[],"jnews_social_meta":[],"footnotes":""},"categories":[43],"tags":[],"class_list":["post-1089636","post","type-post","status-publish","format-standard","hentry","category-gourmet"],"_links":{"self":[{"href":"https:\/\/dimensionturistica.com\/es\/wp-json\/wp\/v2\/posts\/1089636","targetHints":{"allow":["GET"]}}],"collection":[{"href":"https:\/\/dimensionturistica.com\/es\/wp-json\/wp\/v2\/posts"}],"about":[{"href":"https:\/\/dimensionturistica.com\/es\/wp-json\/wp\/v2\/types\/post"}],"author":[{"embeddable":true,"href":"https:\/\/dimensionturistica.com\/es\/wp-json\/wp\/v2\/users\/1"}],"replies":[{"embeddable":true,"href":"https:\/\/dimensionturistica.com\/es\/wp-json\/wp\/v2\/comments?post=1089636"}],"version-history":[{"count":1,"href":"https:\/\/dimensionturistica.com\/es\/wp-json\/wp\/v2\/posts\/1089636\/revisions"}],"predecessor-version":[{"id":1089651,"href":"https:\/\/dimensionturistica.com\/es\/wp-json\/wp\/v2\/posts\/1089636\/revisions\/1089651"}],"wp:attachment":[{"href":"https:\/\/dimensionturistica.com\/es\/wp-json\/wp\/v2\/media?parent=1089636"}],"wp:term":[{"taxonomy":"category","embeddable":true,"href":"https:\/\/dimensionturistica.com\/es\/wp-json\/wp\/v2\/categories?post=1089636"},{"taxonomy":"post_tag","embeddable":true,"href":"https:\/\/dimensionturistica.com\/es\/wp-json\/wp\/v2\/tags?post=1089636"}],"curies":[{"name":"wp","href":"https:\/\/api.w.org\/{rel}","templated":true}]}}