{"id":1089434,"date":"2025-12-23T04:04:32","date_gmt":"2025-12-23T04:04:32","guid":{"rendered":"https:\/\/dimensionturistica.com\/es\/?p=1089434"},"modified":"2025-12-23T04:04:32","modified_gmt":"2025-12-23T04:04:32","slug":"zendaya-muestra-en-instagram-su-nuevo-corte-de-cabello-bob-para-dar-la-bienvenida-al-2026","status":"publish","type":"post","link":"https:\/\/dimensionturistica.com\/es\/zendaya-muestra-en-instagram-su-nuevo-corte-de-cabello-bob-para-dar-la-bienvenida-al-2026\/","title":{"rendered":"Zendaya muestra en Instagram su nuevo corte de cabello bob para dar la bienvenida al 2026."},"content":{"rendered":"<h3>Zendaya se Reinventa: El Impacto de su Nuevo Corte Bob<\/h3>\n<p>En un momento donde la moda y la autoexpresi\u00f3n se entrelazan como nunca antes, Zendaya vuelve a demostrar por qu\u00e9 es un referente en la cultura pop. La talentosa actriz y cantante ha sorprendido a sus fan\u00e1ticos y al mundo de la moda al adoptar un fresco y audaz corte de cabello bob. Este cambio no solo marca una nueva etapa personal, sino que tambi\u00e9n se alinea con las tendencias que dominan las pasarelas y las calles.<\/p>\n<h4>Un Cambio Refrescante<\/h4>\n<p>El bob, conocido por su versatilidad y elegancia, es una elecci\u00f3n que ha sido reinterpretada por numerosas celebridades, pero el toque \u00fanico de Zendaya eleva este estilo a otro nivel. Este corte, que acaricia las clav\u00edculas, enmarca su rostro con precisi\u00f3n, resaltando su belleza natural y su estilo inigualable. Cada vez que decide experimentar con su look, la joven estrella establece nuevos est\u00e1ndares de belleza y estilo.<\/p>\n<h4>La Influencia del Bob en la Moda Actual<\/h4>\n<p>El bob ha resurgido como una de las tendencias m\u00e1s prominentes de 2026, adapt\u00e1ndose a diferentes texturas y longitudes. Stylists y expertos en moda destacan que esta opci\u00f3n es ideal para quienes desean un cambio sin renunciar a un estilo sofisticado y moderno. La decisi\u00f3n de Zendaya de optar por este corte no solo evidencia su capacidad para desafiar las convenciones, sino que tambi\u00e9n impulsa a sus seguidores a explorar nuevas facetas de su propia imagen.<\/p>\n<h4>Un Acierto Estil\u00edstico Vers\u00e1til<\/h4>\n<p>La versatilidad del bob es un punto clave. Se puede peinar de diversas maneras, desde un look pulido y chic hasta un estilo m\u00e1s desestructurado y desenfadado. Zendaya ha sabido jugar con sus nuevas posibilidades, utilizando accesorios y t\u00e9cnicas de peinado que la destacan en cada aparici\u00f3n. Ya sea en una alfombra roja o en eventos casuales, su corte se adapta a cada situaci\u00f3n, demostrando que la moda debe ser divertida y adaptable.<\/p>\n<h4>Trascendiendo m\u00e1s all\u00e1 de la Moda<\/h4>\n<p>Este cambio en su cabello tambi\u00e9n pone de relieve la conexi\u00f3n entre moda, identidad y autocuidado. En un contexto donde la salud mental y la autoaceptaci\u00f3n son fundamentales, Zendaya se convierte en un s\u00edmbolo de empoderamiento. Su decisi\u00f3n de renovar su imagen puede inspirar a otros a hacer lo mismo, promoviendo la idea de que el cabello es una extensi\u00f3n de uno mismo y una forma de comunicar qui\u00e9nes somos.<\/p>\n<h4>La Reacci\u00f3n del P\u00fablico<\/h4>\n<p>Las redes sociales han explotado desde que se revel\u00f3 su nueva imagen. Comentarios, likes y compartidos han inundado plataformas como Instagram y Twitter. Fan\u00e1ticos y seguidores del mundo de la moda celebran su remarcable evoluci\u00f3n, creando un ambiente digital vibrante que reafirma el poder del estilo. Este fen\u00f3meno resalta la cultura de la instantaneidad que permite que los cambios de imagen se conviertan en experiencias compartidas entre comunidades enteras.<\/p>\n<h3>En Resumen<\/h3>\n<p>El nuevo corte bob de Zendaya es mucho m\u00e1s que un simple cambio de peinado. Se convierte en un hito dentro del panorama actual de la moda y un tema de conversaci\u00f3n relevante en el mundo digital. Su estilo audaz y su disposici\u00f3n a experimentar con su imagen refuerzan su estatus como \u00edcono contempor\u00e1neo, animando a otros a explorar sus propias transformaciones. En un a\u00f1o donde la autoexpresi\u00f3n est\u00e1 al frente, el bob de Zendaya definitivamente ser\u00e1 un referente que transciende la simple est\u00e9tica. \u00bfEst\u00e1s listo para seguir su ejemplo?<\/p>\n<p><em> &#8221; Fuentes www.vogue.mx &#8221; <\/em><\/p>\n","protected":false},"excerpt":{"rendered":"<p>Zendaya se Reinventa: El Impacto de su Nuevo Corte Bob En un momento donde la moda y la autoexpresi\u00f3n se entrelazan como nunca antes, Zendaya vuelve a demostrar por qu\u00e9 es un referente en la cultura pop. La talentosa actriz y cantante ha sorprendido a sus fan\u00e1ticos y al mundo de la moda al adoptar [&hellip;]<\/p>\n","protected":false},"author":14,"featured_media":1089435,"comment_status":"open","ping_status":"closed","sticky":false,"template":"","format":"standard","meta":{"om_disable_all_campaigns":false,"jnews-multi-image_gallery":[],"jnews_single_post":[],"jnews_primary_category":[],"jnews_social_meta":[],"footnotes":""},"categories":[144872],"tags":[55723,3381,208025,6446,201310,200508,7758,2183,203269,22873,169],"class_list":["post-1089434","post","type-post","status-publish","format-standard","has-post-thumbnail","hentry","category-fashion","tag-55723","tag-belleza","tag-bob","tag-celebridades","tag-corte-de-cabello","tag-cortes-de-cabello","tag-estilo","tag-instagram","tag-otono-invierno-2025","tag-tendencias-de-moda","tag-zendaya"],"_links":{"self":[{"href":"https:\/\/dimensionturistica.com\/es\/wp-json\/wp\/v2\/posts\/1089434","targetHints":{"allow":["GET"]}}],"collection":[{"href":"https:\/\/dimensionturistica.com\/es\/wp-json\/wp\/v2\/posts"}],"about":[{"href":"https:\/\/dimensionturistica.com\/es\/wp-json\/wp\/v2\/types\/post"}],"author":[{"embeddable":true,"href":"https:\/\/dimensionturistica.com\/es\/wp-json\/wp\/v2\/users\/14"}],"replies":[{"embeddable":true,"href":"https:\/\/dimensionturistica.com\/es\/wp-json\/wp\/v2\/comments?post=1089434"}],"version-history":[{"count":1,"href":"https:\/\/dimensionturistica.com\/es\/wp-json\/wp\/v2\/posts\/1089434\/revisions"}],"predecessor-version":[{"id":1089437,"href":"https:\/\/dimensionturistica.com\/es\/wp-json\/wp\/v2\/posts\/1089434\/revisions\/1089437"}],"wp:featuredmedia":[{"embeddable":true,"href":"https:\/\/dimensionturistica.com\/es\/wp-json\/wp\/v2\/media\/1089435"}],"wp:attachment":[{"href":"https:\/\/dimensionturistica.com\/es\/wp-json\/wp\/v2\/media?parent=1089434"}],"wp:term":[{"taxonomy":"category","embeddable":true,"href":"https:\/\/dimensionturistica.com\/es\/wp-json\/wp\/v2\/categories?post=1089434"},{"taxonomy":"post_tag","embeddable":true,"href":"https:\/\/dimensionturistica.com\/es\/wp-json\/wp\/v2\/tags?post=1089434"}],"curies":[{"name":"wp","href":"https:\/\/api.w.org\/{rel}","templated":true}]}}