{"id":1088907,"date":"2025-12-21T19:19:41","date_gmt":"2025-12-21T19:19:41","guid":{"rendered":"https:\/\/dimensionturistica.com\/es\/?p=1088907"},"modified":"2025-12-21T19:19:41","modified_gmt":"2025-12-21T19:19:41","slug":"el-elenco-de-el-ninero-interpretes-y-roles-de-la-serie-disponible-en-streaming","status":"publish","type":"post","link":"https:\/\/dimensionturistica.com\/es\/el-elenco-de-el-ninero-interpretes-y-roles-de-la-serie-disponible-en-streaming\/","title":{"rendered":"El elenco de El ni\u00f1ero: int\u00e9rpretes y roles de la serie disponible en streaming"},"content":{"rendered":"<h3>La Revoluci\u00f3n de la Moda en la Pantalla Peque\u00f1a: Un Vistazo al Reparto de la Nueva Serie de Netflix<\/h3>\n<p>En un mundo donde la moda y la televisi\u00f3n convergen de maneras inesperadas, surge una serie que promete marcar un hito no solo por su narrativa, sino tambi\u00e9n por su estilo inigualable. Con una est\u00e9tica que captura la esencia del momento actual, el elenco de esta nueva producci\u00f3n de Netflix se presenta como un aut\u00e9ntico desfile de tendencias y propuestas visuales que no puedes dejar pasar.<\/p>\n<h4>Un Elenco Que Inspira<\/h4>\n<p>Cada uno de los protagonistas trae consigo un trasfondo \u00fanico y un estilo propio que refleja la diversidad y creatividad de la moda contempor\u00e1nea. Desde looks audaces hasta esm\u00f3quines cl\u00e1sicos reinterpretados, sus elecciones de vestuario se convierten en una extensi\u00f3n de sus personajes, elevando cada escena a una experiencia visual impactante.<\/p>\n<p>Incluso antes de su estreno, el estilo del reparto ha conseguido que las miradas se centren en ellos. Las redes sociales ya est\u00e1n inundadas de opiniones y an\u00e1lisis sobre los atuendos que aparecen en los trailers y fotos promocionales. Este fen\u00f3meno se traduce en una conversaci\u00f3n global sobre c\u00f3mo el vestuario puede influir en la percepci\u00f3n de un personaje y, por ende, del argumento de la serie.<\/p>\n<h4>Tendencias que Marcan la Diferencia<\/h4>\n<p>La moda en la serie no se limita a la apariencia; es un lenguaje en s\u00ed mismo. Se presentan tendencias que van desde lo vintage hasta lo avant-garde, asegurando que cada espectador encuentre un elemento que lo inspire. Los accesorios juegan un papel crucial, a\u00f1adiendo un toque personal y distintivo a cada outfit, lo que invita al p\u00fablico a explorar su propio estilo.<\/p>\n<p>Las redes sociales, especialmente Instagram y TikTok, se han convertido en plataformas clave para que los fans de la serie compartan sus looks inspirados en los personajes. El di\u00e1logo entre la serie y sus seguidores se ha vuelto tan din\u00e1mico que cada episodio tambi\u00e9n se convierte en un desfile de modas digital, donde los seguidores compiten por replicar los atuendos m\u00e1s ic\u00f3nicos.<\/p>\n<h4>El Impacto de la Moda en la Narrativa<\/h4>\n<p>Lo fascinante de esta serie es c\u00f3mo cada elecci\u00f3n de vestuario no solo refleja las tendencias actuales, sino que tambi\u00e9n sirve como un veh\u00edculo para el desarrollo caracterol\u00f3gico. Los cambios en el estilo de los personajes a lo largo de la trama revelan sus transformaciones internas, creando un hilo narrativo que va m\u00e1s all\u00e1 de las palabras. Este enfoque innovador sobre la moda como herramienta de storytelling resuena profundamente con una audiencia que busca conexiones emocionantes entre sus intereses.<\/p>\n<h4>Expectativas y Anticipaci\u00f3n<\/h4>\n<p>A medida que se acerca la fecha de estreno, la expectativa sigue en aumento. La uni\u00f3n entre moda y narrativa se ha establecido como una piedra angular de esta producci\u00f3n, asegurando que no solo ser\u00e1 un \u00e9xito en t\u00e9rminos de audiencia, sino tambi\u00e9n un referente en el mundo del estilo. Los dise\u00f1adores, estilistas y atrezzistas detr\u00e1s de la serie han conseguido un equilibrio perfecto entre vanguardia y accesibilidad, convirtiendo cada outfit en una posible tendencia.<\/p>\n<p>En conclusi\u00f3n, esta serie no solo redefine c\u00f3mo percibimos la moda en la televisi\u00f3n, sino que tambi\u00e9n establece un nuevo est\u00e1ndar para futuras producciones. A medida que los seguidores se sumergen en las vidas de los personajes, tambi\u00e9n lo hacen en un universo lleno de inspiraci\u00f3n est\u00e9tica que promete impactar tanto dentro como fuera de la pantalla. Mantente atento: el fen\u00f3meno de la moda est\u00e1 a punto de desatarse en el mundo del entretenimiento.<\/p>\n<p><em> &#8221; Fuentes www.vogue.mx &#8221; <\/em><\/p>\n","protected":false},"excerpt":{"rendered":"<p>La Revoluci\u00f3n de la Moda en la Pantalla Peque\u00f1a: Un Vistazo al Reparto de la Nueva Serie de Netflix En un mundo donde la moda y la televisi\u00f3n convergen de maneras inesperadas, surge una serie que promete marcar un hito no solo por su narrativa, sino tambi\u00e9n por su estilo inigualable. Con una est\u00e9tica que [&hellip;]<\/p>\n","protected":false},"author":14,"featured_media":1088908,"comment_status":"open","ping_status":"closed","sticky":false,"template":"","format":"standard","meta":{"om_disable_all_campaigns":false,"jnews-multi-image_gallery":[],"jnews_single_post":[],"jnews_primary_category":[],"jnews_social_meta":[],"footnotes":""},"categories":[144872],"tags":[23275,261251,1901,4049,23667,7497,39144],"class_list":["post-1088907","post","type-post","status-publish","format-standard","has-post-thumbnail","hentry","category-fashion","tag-actores","tag-el-ninero","tag-netflix","tag-personajes","tag-reparto","tag-serie","tag-series-de-tv"],"_links":{"self":[{"href":"https:\/\/dimensionturistica.com\/es\/wp-json\/wp\/v2\/posts\/1088907","targetHints":{"allow":["GET"]}}],"collection":[{"href":"https:\/\/dimensionturistica.com\/es\/wp-json\/wp\/v2\/posts"}],"about":[{"href":"https:\/\/dimensionturistica.com\/es\/wp-json\/wp\/v2\/types\/post"}],"author":[{"embeddable":true,"href":"https:\/\/dimensionturistica.com\/es\/wp-json\/wp\/v2\/users\/14"}],"replies":[{"embeddable":true,"href":"https:\/\/dimensionturistica.com\/es\/wp-json\/wp\/v2\/comments?post=1088907"}],"version-history":[{"count":1,"href":"https:\/\/dimensionturistica.com\/es\/wp-json\/wp\/v2\/posts\/1088907\/revisions"}],"predecessor-version":[{"id":1088909,"href":"https:\/\/dimensionturistica.com\/es\/wp-json\/wp\/v2\/posts\/1088907\/revisions\/1088909"}],"wp:featuredmedia":[{"embeddable":true,"href":"https:\/\/dimensionturistica.com\/es\/wp-json\/wp\/v2\/media\/1088908"}],"wp:attachment":[{"href":"https:\/\/dimensionturistica.com\/es\/wp-json\/wp\/v2\/media?parent=1088907"}],"wp:term":[{"taxonomy":"category","embeddable":true,"href":"https:\/\/dimensionturistica.com\/es\/wp-json\/wp\/v2\/categories?post=1088907"},{"taxonomy":"post_tag","embeddable":true,"href":"https:\/\/dimensionturistica.com\/es\/wp-json\/wp\/v2\/tags?post=1088907"}],"curies":[{"name":"wp","href":"https:\/\/api.w.org\/{rel}","templated":true}]}}