{"id":1088855,"date":"2025-12-21T14:31:30","date_gmt":"2025-12-21T14:31:30","guid":{"rendered":"https:\/\/dimensionturistica.com\/es\/?p=1088855"},"modified":"2025-12-21T14:31:30","modified_gmt":"2025-12-21T14:31:30","slug":"nueva-exposicion-en-el-gran-palacio-un-homenaje-al-amor-a-traves-de-la-creatividad-de-mickalene-thomas","status":"publish","type":"post","link":"https:\/\/dimensionturistica.com\/es\/nueva-exposicion-en-el-gran-palacio-un-homenaje-al-amor-a-traves-de-la-creatividad-de-mickalene-thomas\/","title":{"rendered":"Nueva Exposici\u00f3n en el Gran Palacio: Un Homenaje al Amor a Trav\u00e9s de la Creatividad de Mickalene Thomas."},"content":{"rendered":"<h3>La Celebraci\u00f3n de la Diversidad: Un Viaje por la Creatividad de Mickalene Thomas<\/h3>\n<p>En un mundo en el que la moda y el arte se entrelazan de manera extraordinaria, Mickalene Thomas se erige como una figura ic\u00f3nica que no solo redefine la est\u00e9tica contempor\u00e1nea, sino que tambi\u00e9n celebra la riqueza de la diversidad cultural. Su \u00faltima exhibici\u00f3n, instalada en Par\u00eds, nos ofrece una ventana fascinante a su obra, donde cada pieza cuenta una historia \u00fanica sobre la identidad, la feminidad y el amor.<\/p>\n<h4>Colores que Hablan<\/h4>\n<p>Al entrar en la sala de exhibici\u00f3n, el espectador es recibido por un estallido de colores vibrantes y patrones llamativos, que son la firma de Thomas. Su t\u00e9cnica, que combina pintura, collage y fotograf\u00eda, crea un di\u00e1logo visual potente que invita a la reflexi\u00f3n. Cada tela es un homenaje a la belleza de las mujeres de color, desafiando las normas tradicionales de la representaci\u00f3n en el arte y la moda.<\/p>\n<h4>Un Homenaje a lo Cotidiano<\/h4>\n<p>Las obras de Thomas no se limitan a ser meras representaciones est\u00e9ticas; son narrativas que transforman lo cotidiano en arte. Las escenas capturadas en sus lienzos nos muestran momentos \u00edntimos de amor y conexi\u00f3n, enfatizando la capacidad de encontrar belleza en lo que a menudo se pasa por alto. Al integrar elementos de la cultura popular, Thomas establece un puente entre el arte y la experiencia diaria, haciendo que su trabajo resuene en un amplio espectro de audiencias.<\/p>\n<h4>La Influencia de la Moda<\/h4>\n<p>No se puede falar de Mickalene Thomas sin mencionar su intrincada relaci\u00f3n con el mundo de la moda. Sus composiciones no solo son un fest\u00edn visual, sino que tambi\u00e9n act\u00faan como un reflejo de la influencia que la indumentaria tiene en la identidad. En su obra, las texturas y los patrones de la moda se convierten en protagonistas, generando un espacio donde los atuendos no solo adornan, sino que tambi\u00e9n cuentan historias. Esta influencia se hace evidente en la manera en que los personajes en sus obras, en su mayor\u00eda mujeres fuertes e independientes, lucen prendas que celebran su herencia cultural.<\/p>\n<h4>Amor en Todas sus Formas<\/h4>\n<p>El amor, en todas sus manifestaciones, es un elemento central en la obra de Thomas. Su enfoque se extiende m\u00e1s all\u00e1 de lo rom\u00e1ntico para abarcar el amor familiar, plat\u00f3nico y el amor propio. Esta multidimensionalidad permite a los espectadores conectar con las tem\u00e1ticas de sus obras a un nivel personal, generando un fuerte impacto emocional. Cada pieza es una invitaci\u00f3n a explorar c\u00f3mo las relaciones influyen en nuestra percepci\u00f3n de nosotros mismos y de los dem\u00e1s.<\/p>\n<h4>Un Impacto Global<\/h4>\n<p>La exhibici\u00f3n de Mickalene Thomas no solo se limita a lo visual; es una experiencia que invita al di\u00e1logo y la reflexi\u00f3n. En una era en la que la inclusi\u00f3n y la representaci\u00f3n son m\u00e1s importantes que nunca, su trabajo destaca como un faro de esperanza y cambio. Al colocar la diversidad en el centro de su narrativa, contribuye a desmantelar estereotipos y a abrir espacios para voces que hist\u00f3ricamente han sido marginadas.<\/p>\n<h3>Conclusi\u00f3n<\/h3>\n<p>La muestra en Par\u00eds es m\u00e1s que una simple exhibici\u00f3n de arte; es una celebraci\u00f3n de la vida, el amor y la diversidad en todas sus formas. Las obras de Mickalene Thomas resuenan con una energ\u00eda vibrante que no solo atrapa al espectador, sino que tambi\u00e9n invita a la reflexi\u00f3n sobre el papel del arte y la moda en la construcci\u00f3n de identidades. Sin duda, su legado contin\u00faa inspirando a nuevas generaciones a explorar su propia narrativa, convirtiendo cada encuentro con su obra en una experiencia transformadora.<\/p>\n<p><em> &#8221; Fuentes www.vogue.com &#8221; <\/em><\/p>\n","protected":false},"excerpt":{"rendered":"<p>La Celebraci\u00f3n de la Diversidad: Un Viaje por la Creatividad de Mickalene Thomas En un mundo en el que la moda y el arte se entrelazan de manera extraordinaria, Mickalene Thomas se erige como una figura ic\u00f3nica que no solo redefine la est\u00e9tica contempor\u00e1nea, sino que tambi\u00e9n celebra la riqueza de la diversidad cultural. Su [&hellip;]<\/p>\n","protected":false},"author":14,"featured_media":1088856,"comment_status":"open","ping_status":"closed","sticky":false,"template":"","format":"standard","meta":{"om_disable_all_campaigns":false,"jnews-multi-image_gallery":[],"jnews_single_post":[],"jnews_primary_category":[],"jnews_social_meta":[],"footnotes":""},"categories":[144872],"tags":[261242,638,203599,231,177351,217618,10159,261240,261241,217323,98692,198500,206318,373],"class_list":["post-1088855","post","type-post","status-publish","format-standard","has-post-thumbnail","hentry","category-fashion","tag-american-artist","tag-art-exhibition","tag-artist","tag-arts","tag-contemporary-art","tag-grand-palais","tag-love","tag-mickalene-thomas","tag-mixed-media","tag-storytypeinterview","tag-survey","tag-textabovecenterfullbleed","tag-visual-art","tag-web"],"_links":{"self":[{"href":"https:\/\/dimensionturistica.com\/es\/wp-json\/wp\/v2\/posts\/1088855","targetHints":{"allow":["GET"]}}],"collection":[{"href":"https:\/\/dimensionturistica.com\/es\/wp-json\/wp\/v2\/posts"}],"about":[{"href":"https:\/\/dimensionturistica.com\/es\/wp-json\/wp\/v2\/types\/post"}],"author":[{"embeddable":true,"href":"https:\/\/dimensionturistica.com\/es\/wp-json\/wp\/v2\/users\/14"}],"replies":[{"embeddable":true,"href":"https:\/\/dimensionturistica.com\/es\/wp-json\/wp\/v2\/comments?post=1088855"}],"version-history":[{"count":1,"href":"https:\/\/dimensionturistica.com\/es\/wp-json\/wp\/v2\/posts\/1088855\/revisions"}],"predecessor-version":[{"id":1088857,"href":"https:\/\/dimensionturistica.com\/es\/wp-json\/wp\/v2\/posts\/1088855\/revisions\/1088857"}],"wp:featuredmedia":[{"embeddable":true,"href":"https:\/\/dimensionturistica.com\/es\/wp-json\/wp\/v2\/media\/1088856"}],"wp:attachment":[{"href":"https:\/\/dimensionturistica.com\/es\/wp-json\/wp\/v2\/media?parent=1088855"}],"wp:term":[{"taxonomy":"category","embeddable":true,"href":"https:\/\/dimensionturistica.com\/es\/wp-json\/wp\/v2\/categories?post=1088855"},{"taxonomy":"post_tag","embeddable":true,"href":"https:\/\/dimensionturistica.com\/es\/wp-json\/wp\/v2\/tags?post=1088855"}],"curies":[{"name":"wp","href":"https:\/\/api.w.org\/{rel}","templated":true}]}}