{"id":108878,"date":"2021-04-07T07:27:31","date_gmt":"2021-04-07T07:27:31","guid":{"rendered":"https:\/\/dimensionturistica.com\/es\/?p=108878"},"modified":"2021-04-07T07:27:31","modified_gmt":"2021-04-07T07:27:31","slug":"cecilia-patron-arranca-su-campana-para-ser-diputada-del-iv-distrito","status":"publish","type":"post","link":"https:\/\/dimensionturistica.com\/es\/cecilia-patron-arranca-su-campana-para-ser-diputada-del-iv-distrito\/","title":{"rendered":"Cecilia Patr\u00f3n arranca su campa\u00f1a para ser diputada del IV Distrito"},"content":{"rendered":"<p> <br \/>\n<\/p>\n<div>\n<p>M\u00c9RIDA, Yucat\u00e1n.- El arranque de la <strong>campa\u00f1a de Cecilia Patr\u00f3n<\/strong> en sus aspiraciones para ser <strong>diputada federal<\/strong> del <strong>PAN<\/strong> por el <strong>IV Distrito<\/strong> inici\u00f3 rindiendo homenaje a tres s\u00edmbolos que marcan su inspiraci\u00f3n y motivaci\u00f3n para este per\u00edodo: la maternidad, la patria y su trayectoria.<\/p>\n<p>La candidata arranc\u00f3 la campa\u00f1a desde muy temprano: se dirigi\u00f3 a llevar el desayuno a su madre, de quien, al despedirse luego de un cari\u00f1oso abrazo, le dio su bendici\u00f3n para que en esta campa\u00f1a le vaya bien.<\/p>\n<p>\u201cDe ella fue de quien aprend\u00ed a servir a la gente y a dar lo mejor de m\u00ed, de utilizar mis fuerzas por la gente que lo necesita, esa es una forma inmejorable de hacer pol\u00edtica\u201d.<\/p>\n<p>De ah\u00ed, la candidata se dirigi\u00f3 a Paseo de Montejo a los pies del Monumento a la Patria mexicana donde trep\u00f3 a las escalinatas y agit\u00f3 una bandera de su campa\u00f1a donde se comprometi\u00f3 a realizar una campa\u00f1a de propuestas, respeto y sobre todo de cumplimiento cabal de sus obligaciones en caso de resultar electa.<\/p>\n<p>Al bajar del Monumento, tom\u00f3 su bicicleta, atendi\u00f3 entrevistas de varios medios de comunicaci\u00f3n y comenz\u00f3 a recorrer la Biciruta y recordar este proyecto acquainted que se consolida a\u00f1o con a\u00f1o como una atractiva opci\u00f3n de esparcimiento acquainted, para festejar y marcar el arranque de su campa\u00f1a pol\u00edtica.<\/p>\n<p>Cecilia record\u00f3 que desde un inicio la Biciruta se concibi\u00f3 tambi\u00e9n como un proyecto encaminado a fomentar el uso de la bicicleta en vez del autom\u00f3vil el cual se ha arraigado con creciente \u00e9xito con la participaci\u00f3n de miles de familias, de grupos de j\u00f3venes, de escuelas, de adultos mayores y hasta para las mascotas.<\/p>\n<p>&#8220;Yo estoy feliz del crecimiento que este programa ha alcanzado, porque se ha consolidado a lo largo de seis administraciones. Se ha extendido a otros lados de la ciudad y para muchas familias es ya una costumbre venir todos los domingos como hoy con los ni\u00f1os y las mascotas&#8221;, expres\u00f3.<\/p>\n<p>\u201cSoy una mujer de resultados y qu\u00e9 mejor decirlo aqu\u00ed en la Biciruta, con hechos y con acciones concretas y claras y lo que Cecilia Patr\u00f3n logra unida con todos de la mano de todos los ciudadanos, y as\u00ed va a ser esta campa\u00f1a, cercana a la gente, en unidad, que busca seguir cambiando a Yucat\u00e1n como lo hemos hecho en los \u00faltimos a\u00f1os en Acci\u00f3n Nacional, estoy lista y comprometida, muy emocionada, como siempre dar\u00e9 lo mejor de m\u00ed con toda mi pasi\u00f3n y con toda mi alegr\u00eda\u201d.<\/p>\n<p>Pidi\u00f3 a la ciudadan\u00eda estar pendientes de las propuestas de trabajo que ha preparado y seguir en la lucha por aquellos proyectos de ley e iniciativas pendientes, en caso de obtener el triunfo.<\/p>\n<p>Luego de su visita y paseo en el programa ciclista, la candidata entreg\u00f3 volantes en el crucero de la calle 60 y Circuito Colonias.<\/p>\n<p>TAMBI\u00c9N TE PODR\u00cdAN INTERESAR:<\/p>\n<p><strong><span style=\"color: #00ccff;\"><a rel=\"nofollow noopener\" target=\"_blank\" style=\"color: #00ccff;\" href=\"https:\/\/sipse.com\/tecnologia-salud\/noticias-noticias-de-hoy-yucatan-robo-datos-personales-facebook-proteccion-have-i-been-pwned-tecnologia-395716.html\">Yucat\u00e1n: As\u00ed puedes saber si tus datos de Facebook han sido robados<\/a><\/span><\/strong><\/p>\n<p><strong><span style=\"color: #00ccff;\"><a rel=\"nofollow noopener\" target=\"_blank\" style=\"color: #00ccff;\" href=\"https:\/\/sipse.com\/merida\/noticias-noticias-de-hoy-yucatan-tribunal-electoral-teey-violencia-politica-de-genero-kanasin-flor-de-liz-xochitl-delgado-caballero-395710.html\">Yucat\u00e1n: Tribunal Electoral falla contra tesorero de Kanas\u00edn por violencia pol\u00edtica de g\u00e9nero<\/a><\/span><\/strong><\/p>\n<p><strong><span style=\"color: #00ccff;\"><a rel=\"nofollow noopener\" target=\"_blank\" style=\"color: #00ccff;\" href=\"https:\/\/sipse.com\/merida\/noticias-noticias-de-hoy-yucatan-nina-terno-huipil-izamal-395704.html\">Yucat\u00e1n: Orgullosa, ni\u00f1a norteamericana se hace viral por posar con terno<\/a><\/span><\/strong><\/p>\n<\/div>\n\n<p><em> &#8221; Fuentes sipse.com &#8221; <\/em><\/p>\n","protected":false},"excerpt":{"rendered":"<p>M\u00c9RIDA, Yucat\u00e1n.- El arranque de la campa\u00f1a de Cecilia Patr\u00f3n en sus aspiraciones para ser diputada federal del PAN por el IV Distrito inici\u00f3 rindiendo homenaje a tres s\u00edmbolos que marcan su inspiraci\u00f3n y motivaci\u00f3n para este per\u00edodo: la maternidad, la patria y su trayectoria. La candidata arranc\u00f3 la campa\u00f1a desde muy temprano: se dirigi\u00f3 [&hellip;]<\/p>\n","protected":false},"author":4,"featured_media":108879,"comment_status":"open","ping_status":"closed","sticky":false,"template":"","format":"standard","meta":{"om_disable_all_campaigns":false,"jnews-multi-image_gallery":[],"jnews_single_post":[],"jnews_primary_category":[],"jnews_social_meta":[],"footnotes":""},"categories":[41],"tags":[1445,21618,21619,6548,705,1173],"class_list":["post-108878","post","type-post","status-publish","format-standard","has-post-thumbnail","hentry","category-cruceros","tag-campana","tag-cecilia-patron","tag-iv-distrito","tag-merida","tag-noticias","tag-noticias-de-hoy"],"_links":{"self":[{"href":"https:\/\/dimensionturistica.com\/es\/wp-json\/wp\/v2\/posts\/108878","targetHints":{"allow":["GET"]}}],"collection":[{"href":"https:\/\/dimensionturistica.com\/es\/wp-json\/wp\/v2\/posts"}],"about":[{"href":"https:\/\/dimensionturistica.com\/es\/wp-json\/wp\/v2\/types\/post"}],"author":[{"embeddable":true,"href":"https:\/\/dimensionturistica.com\/es\/wp-json\/wp\/v2\/users\/4"}],"replies":[{"embeddable":true,"href":"https:\/\/dimensionturistica.com\/es\/wp-json\/wp\/v2\/comments?post=108878"}],"version-history":[{"count":0,"href":"https:\/\/dimensionturistica.com\/es\/wp-json\/wp\/v2\/posts\/108878\/revisions"}],"wp:featuredmedia":[{"embeddable":true,"href":"https:\/\/dimensionturistica.com\/es\/wp-json\/wp\/v2\/media\/108879"}],"wp:attachment":[{"href":"https:\/\/dimensionturistica.com\/es\/wp-json\/wp\/v2\/media?parent=108878"}],"wp:term":[{"taxonomy":"category","embeddable":true,"href":"https:\/\/dimensionturistica.com\/es\/wp-json\/wp\/v2\/categories?post=108878"},{"taxonomy":"post_tag","embeddable":true,"href":"https:\/\/dimensionturistica.com\/es\/wp-json\/wp\/v2\/tags?post=108878"}],"curies":[{"name":"wp","href":"https:\/\/api.w.org\/{rel}","templated":true}]}}