{"id":1088234,"date":"2025-12-19T16:14:22","date_gmt":"2025-12-19T16:14:22","guid":{"rendered":"https:\/\/dimensionturistica.com\/es\/?p=1088234"},"modified":"2025-12-19T16:14:22","modified_gmt":"2025-12-19T16:14:22","slug":"llega-a-bahia-de-banderas-una-experiencia-de-cocina-de-autor-de-alto-nivel","status":"publish","type":"post","link":"https:\/\/dimensionturistica.com\/es\/llega-a-bahia-de-banderas-una-experiencia-de-cocina-de-autor-de-alto-nivel\/","title":{"rendered":"Llega a Bah\u00eda de Banderas una experiencia de Cocina de Autor de alto nivel"},"content":{"rendered":"\n<p><\/p>\n\n\n\n<figure class=\"wp-block-gallery has-nested-images columns-default is-cropped wp-block-gallery-1 is-layout-flex wp-block-gallery-is-layout-flex\">\n<figure class=\"wp-block-image size-large\"><img decoding=\"async\" width=\"500\" height=\"264\" data-id=\"1088236\" src=\"https:\/\/dimensionturistica.com\/es\/wp-content\/uploads\/2025\/12\/1COCINA.jpg\" alt=\"\" class=\"wp-image-1088236\" srcset=\"https:\/\/dimensionturistica.com\/es\/wp-content\/uploads\/2025\/12\/1COCINA.jpg 500w, https:\/\/dimensionturistica.com\/es\/wp-content\/uploads\/2025\/12\/1COCINA-300x158.jpg 300w\" sizes=\"(max-width: 500px) 100vw, 500px\" \/><\/figure>\n<\/figure>\n\n\n\n<p>En un destino reconocido por su belleza natural, su ambiente acogedor y su vibrante escena culinaria, Riviera Nayarit recibe una propuesta que eleva a\u00fan m\u00e1s su oferta gastron\u00f3mica y cultural. La cocina de autor del chef Paco Ruano, una de las voces m\u00e1s influyentes de la gastronom\u00eda mexicana contempor\u00e1nea, llega por primera vez a la bah\u00eda de la mano del espect\u00e1culo nocturno #1 de M\u00e9xico: ALMA, Ritmos de la Noche.<\/p>\n\n\n\n<p>El resultado es Premier Gastronomic Journey, una experiencia \u00fanica que fusiona alta cocina, naturaleza y arte en un mismo escenario frente al mar.<\/p>\n\n\n\n<p>Paco Ruano: una trayectoria que coloca a M\u00e9xico en la escena mundial<\/p>\n\n\n\n<figure class=\"wp-block-gallery has-nested-images columns-default is-cropped wp-block-gallery-2 is-layout-flex wp-block-gallery-is-layout-flex\">\n<figure class=\"wp-block-image size-large\"><img decoding=\"async\" width=\"500\" height=\"333\" data-id=\"1088239\" src=\"https:\/\/dimensionturistica.com\/es\/wp-content\/uploads\/2025\/12\/6COCINA.jpg\" alt=\"\" class=\"wp-image-1088239\" srcset=\"https:\/\/dimensionturistica.com\/es\/wp-content\/uploads\/2025\/12\/6COCINA.jpg 500w, https:\/\/dimensionturistica.com\/es\/wp-content\/uploads\/2025\/12\/6COCINA-300x200.jpg 300w\" sizes=\"(max-width: 500px) 100vw, 500px\" \/><\/figure>\n<\/figure>\n\n\n\n<p>Reconocido por su enfoque innovador que emerge de las ra\u00edces de la cocina mexicana, el chef Paco Ruano ha construido una carrera s\u00f3lida en algunas de las cocinas m\u00e1s prestigiosas del mundo, ganadoras de estrellas Michelin y referentes globales de creatividad gastron\u00f3mica.<\/p>\n\n\n\n<p>Su restaurante Alcalde, figura en la lista The World\u2019s 50 Best Restaurants, alcanzando en<\/p>\n\n\n\n<p>2025 el puesto #15 de Latinoam\u00e9rica, adem\u00e1s de ocupar posiciones destacadas en ediciones previas a nivel internacional. En 2016 recibi\u00f3 el premio \u201cOne To Watch\u201d otorgado por Latin America\u2019s 50 Best Restaurants y su labor ha sido reconocida en su estado natal con el galard\u00f3n.<\/p>\n\n\n\n<p>Chef Consumado.<\/p>\n\n\n\n<figure class=\"wp-block-gallery has-nested-images columns-default is-cropped wp-block-gallery-3 is-layout-flex wp-block-gallery-is-layout-flex\">\n<figure class=\"wp-block-image size-large\"><img decoding=\"async\" width=\"500\" height=\"281\" data-id=\"1088240\" src=\"https:\/\/dimensionturistica.com\/es\/wp-content\/uploads\/2025\/12\/4COCINA.jpg\" alt=\"\" class=\"wp-image-1088240\" srcset=\"https:\/\/dimensionturistica.com\/es\/wp-content\/uploads\/2025\/12\/4COCINA.jpg 500w, https:\/\/dimensionturistica.com\/es\/wp-content\/uploads\/2025\/12\/4COCINA-300x169.jpg 300w\" sizes=\"(max-width: 500px) 100vw, 500px\" \/><\/figure>\n<\/figure>\n\n\n\n<p>Su conexi\u00f3n con nuestra bah\u00eda es profunda y significativa. Aqu\u00ed dio inicio a su carrera profesional bajo la tutela del reconocido chef Thierry Blouet, en Caf\u00e9 des Artistes. De esa etapa conserva recuerdos sensoriales muy vivos y sabores que ahora brillan en el nuevo men\u00fa Premier de ALMA, Ritmos de la Noche: la ic\u00f3nica raicilla de la sierra, la tradicional tuba que acompa\u00f1a los atardeceres del Malec\u00f3n, la frescura de la pesca local, la sedosidad del coco fresco y el aroma dulce de los mangos maduros durante el verano. Igualmente, imborrables son los paisajes que lo marcaron: la fuerza de la Sierra Madre al encontrarse con el oc\u00e9ano Pac\u00edfico, la intensidad de la selva tropical y la presencia imponente de las ballenas jorobadas que cada invierno llegan a la bah\u00eda. Estos escenarios, tan ligados al territorio, han influido de manera silenciosa pero constante en su forma de entender la cocina.<\/p>\n\n\n\n<p>La cocina de Paco Ruano \u2014contempor\u00e1nea, luminosa y profundamente apegada a los ingredientes locales\u2014 se ha convertido en un sello de excelencia mexicana que ahora llega por primera vez a la bah\u00eda que comparten Nayarit y Jalisco en un formato totalmente nuevo.<\/p>\n\n\n\n<p>Premier Gastronomic Journey: Una Nueva ExperienciaCulinaria junto al mar<\/p>\n\n\n\n<figure class=\"wp-block-gallery has-nested-images columns-default is-cropped wp-block-gallery-4 is-layout-flex wp-block-gallery-is-layout-flex\">\n<figure class=\"wp-block-image size-large\"><img decoding=\"async\" width=\"500\" height=\"333\" data-id=\"1088241\" src=\"https:\/\/dimensionturistica.com\/es\/wp-content\/uploads\/2025\/12\/2COCINA.jpg\" alt=\"\" class=\"wp-image-1088241\" srcset=\"https:\/\/dimensionturistica.com\/es\/wp-content\/uploads\/2025\/12\/2COCINA.jpg 500w, https:\/\/dimensionturistica.com\/es\/wp-content\/uploads\/2025\/12\/2COCINA-300x200.jpg 300w\" sizes=\"(max-width: 500px) 100vw, 500px\" \/><\/figure>\n<\/figure>\n\n\n\n<p>La nueva experiencia gastron\u00f3mica de ALMA, Ritmos de la Noche, presenta un men\u00fa de degustaci\u00f3n dise\u00f1ado exclusivamente por Ruano. Inspirado en los sabores del Pac\u00edfico y ejecutado con t\u00e9cnicas modernas, el men\u00fa resalta la pesca local, los vegetales de temporada y la herencia culinaria de la regi\u00f3n desde una perspectiva innovadora y refinada.<\/p>\n\n\n\n<p>Servida a la orilla del mar, entre velas, copas de champa\u00f1a y un entorno natural incomparable, la cena redefine la experiencia nocturna de la bah\u00eda, ofreciendo a los invitados un recorrido culinario al nivel de los mejores destinos gastron\u00f3micos del mundo.<\/p>\n\n\n\n<p>Una Noche donde la Cocina de Autor se encuentra con el Arte Esc\u00e9nico<\/p>\n\n\n\n<p>La velada inicia cruzando la bah\u00eda con un paseo en barco al atardecer, antes de arribar a un para\u00edso tropical, iluminado \u00fanicamente por velas y antorchas donde se despliega la cena de autor de Ruano. Los invitados luego disfrutan de acceso preferencial a ALMA, el aclamado espect\u00e1culo al aire libre creado por el director art\u00edstico Mukhtar Mukhtar, con escenograf\u00eda del mexicano ganador del \u00d3scar, Eugenio Caballero, y m\u00e1s de 30 artistas en escena provenientes de todo el mundo, incluyendo Mongolia, Brasil y M\u00e9xico. Danza, acrobacia, m\u00fasica en vivo y narrativa mitol\u00f3gica convergen para crear una experiencia multisensorial sin precedentes en M\u00e9xico.<\/p>\n\n\n\n<p>Riviera Nayarit consolida su posici\u00f3n como destino gastron\u00f3mico y cultural<\/p>\n\n\n\n<p>Con el lanzamiento de Premier Gastronomic Journey, nuestra regi\u00f3n inaugura un nuevo cap\u00edtulo en su evoluci\u00f3n como destino culinario y cultural de clase mundial. La colaboraci\u00f3n entre Paco Ruano y ALMA, Ritmos de la Noche, refuerza la posici\u00f3n del espect\u00e1culo como una de las experiencias m\u00e1s excepcionales de M\u00e9xico para viajeros que buscan noches inolvidables frente al Pac\u00edfico.<\/p>\n\n\n\n<p>Landing page: https:\/\/www.vallarta-adventures.com\/es\/tour\/ritmos-de-la-noche-premier<\/p>\n","protected":false},"excerpt":{"rendered":"<p>En un destino reconocido por su belleza natural, su ambiente acogedor y su vibrante escena culinaria, Riviera Nayarit recibe una propuesta que eleva a\u00fan m\u00e1s su oferta gastron\u00f3mica y cultural. La cocina de autor del chef Paco Ruano, una de las voces m\u00e1s influyentes de la gastronom\u00eda mexicana contempor\u00e1nea, llega por primera vez a la [&hellip;]<\/p>\n","protected":false},"author":1,"featured_media":0,"comment_status":"open","ping_status":"closed","sticky":false,"template":"","format":"standard","meta":{"om_disable_all_campaigns":false,"jnews-multi-image_gallery":[],"jnews_single_post":[],"jnews_primary_category":[],"jnews_social_meta":[],"footnotes":""},"categories":[43],"tags":[],"class_list":["post-1088234","post","type-post","status-publish","format-standard","hentry","category-gourmet"],"_links":{"self":[{"href":"https:\/\/dimensionturistica.com\/es\/wp-json\/wp\/v2\/posts\/1088234","targetHints":{"allow":["GET"]}}],"collection":[{"href":"https:\/\/dimensionturistica.com\/es\/wp-json\/wp\/v2\/posts"}],"about":[{"href":"https:\/\/dimensionturistica.com\/es\/wp-json\/wp\/v2\/types\/post"}],"author":[{"embeddable":true,"href":"https:\/\/dimensionturistica.com\/es\/wp-json\/wp\/v2\/users\/1"}],"replies":[{"embeddable":true,"href":"https:\/\/dimensionturistica.com\/es\/wp-json\/wp\/v2\/comments?post=1088234"}],"version-history":[{"count":1,"href":"https:\/\/dimensionturistica.com\/es\/wp-json\/wp\/v2\/posts\/1088234\/revisions"}],"predecessor-version":[{"id":1088242,"href":"https:\/\/dimensionturistica.com\/es\/wp-json\/wp\/v2\/posts\/1088234\/revisions\/1088242"}],"wp:attachment":[{"href":"https:\/\/dimensionturistica.com\/es\/wp-json\/wp\/v2\/media?parent=1088234"}],"wp:term":[{"taxonomy":"category","embeddable":true,"href":"https:\/\/dimensionturistica.com\/es\/wp-json\/wp\/v2\/categories?post=1088234"},{"taxonomy":"post_tag","embeddable":true,"href":"https:\/\/dimensionturistica.com\/es\/wp-json\/wp\/v2\/tags?post=1088234"}],"curies":[{"name":"wp","href":"https:\/\/api.w.org\/{rel}","templated":true}]}}