{"id":1088220,"date":"2025-12-19T15:44:53","date_gmt":"2025-12-19T15:44:53","guid":{"rendered":"https:\/\/dimensionturistica.com\/es\/?p=1088220"},"modified":"2025-12-19T15:44:53","modified_gmt":"2025-12-19T15:44:53","slug":"zero-by-fifty-the-good-cup-y-raval-se-unen-para-hacer-frente-a-la-contaminacion-global-por-tapas-de-plastico","status":"publish","type":"post","link":"https:\/\/dimensionturistica.com\/es\/zero-by-fifty-the-good-cup-y-raval-se-unen-para-hacer-frente-a-la-contaminacion-global-por-tapas-de-plastico\/","title":{"rendered":"Zero by Fifty, The Good Cup y Raval\u00a0 se unen para hacer frente a la contaminaci\u00f3n global por tapas de pl\u00e1stico"},"content":{"rendered":"\n<figure class=\"wp-block-gallery has-nested-images columns-default is-cropped wp-block-gallery-1 is-layout-flex wp-block-gallery-is-layout-flex\">\n<figure class=\"wp-block-image size-large\"><img decoding=\"async\" width=\"500\" height=\"666\" data-id=\"1088221\" src=\"https:\/\/dimensionturistica.com\/es\/wp-content\/uploads\/2025\/12\/3TAPAS.jpg\" alt=\"\" class=\"wp-image-1088221\" srcset=\"https:\/\/dimensionturistica.com\/es\/wp-content\/uploads\/2025\/12\/3TAPAS.jpg 500w, https:\/\/dimensionturistica.com\/es\/wp-content\/uploads\/2025\/12\/3TAPAS-225x300.jpg 225w\" sizes=\"(max-width: 500px) 100vw, 500px\" \/><\/figure>\n<\/figure>\n\n\n\n<p>El planeta est\u00e1 inmerso en una crisis de contaminaci\u00f3n pl\u00e1stica, en parte ocasionada por los residuos generados por las tapas de vasos desechables. Frente a este desaf\u00edo, y con el apoyo clave de la aceleradora de startups Zero by Fifty, emerge The Good Cup (empresa creadora de vasos port\u00e1tiles innovadores y 100% biodegradables), que se est\u00e1 convirtiendo en un agente de cambio crucial en la industria de packaging sostenible.<\/p>\n\n\n\n<p>La iniciativa de The Good Cup ofrece una soluci\u00f3n real y transformadora impulsada por un firme compromiso con el medio ambiente: vasos port\u00e1tiles con un dise\u00f1o \u00fanico y funcional que eliminan por completo la necesidad de tapas de pl\u00e1stico.<\/p>\n\n\n\n<figure class=\"wp-block-gallery has-nested-images columns-default is-cropped wp-block-gallery-2 is-layout-flex wp-block-gallery-is-layout-flex\">\n<figure class=\"wp-block-image size-large\"><img decoding=\"async\" width=\"500\" height=\"259\" data-id=\"1088222\" src=\"https:\/\/dimensionturistica.com\/es\/wp-content\/uploads\/2025\/12\/1TAPAS.jpg\" alt=\"\" class=\"wp-image-1088222\" srcset=\"https:\/\/dimensionturistica.com\/es\/wp-content\/uploads\/2025\/12\/1TAPAS.jpg 500w, https:\/\/dimensionturistica.com\/es\/wp-content\/uploads\/2025\/12\/1TAPAS-300x155.jpg 300w\" sizes=\"(max-width: 500px) 100vw, 500px\" \/><\/figure>\n<\/figure>\n\n\n\n<p>La agencia creativa Raval se suma a esta colaboraci\u00f3n estrat\u00e9gica, cuyo objetivo primordial es inspirar y lograr el cambio de h\u00e1bitos de consumo a nivel global.<\/p>\n\n\n\n<p>Las tapas, por su dise\u00f1o peque\u00f1o y ligero, se han convertido en contaminantes de larga distancia que flotan, viajan y persisten. El dato m\u00e1s alarmante es que una sola tapa puede tardar hasta 400 a\u00f1os en descomponerse, lo que significa que &#8220;cada tapa de pl\u00e1stico que se ha usado todav\u00eda existe en alg\u00fan lugar&#8221;.<\/p>\n\n\n\n<p>Con un consumo global anual de aproximadamente 800 mil millones de vasos y tapas desechables \u2014cerca de 100 por persona\u2014, y la cifra alarmante de 8 millones de toneladas de pl\u00e1stico que anualmente entran en los oc\u00e9anos, resulta indiscutible la acci\u00f3n urgente de todas las personas e industrias.<\/p>\n\n\n\n<figure class=\"wp-block-gallery has-nested-images columns-default is-cropped wp-block-gallery-3 is-layout-flex wp-block-gallery-is-layout-flex\">\n<figure class=\"wp-block-image size-large\"><img decoding=\"async\" width=\"500\" height=\"375\" data-id=\"1088223\" src=\"https:\/\/dimensionturistica.com\/es\/wp-content\/uploads\/2025\/12\/4TAPAS.jpg\" alt=\"\" class=\"wp-image-1088223\" srcset=\"https:\/\/dimensionturistica.com\/es\/wp-content\/uploads\/2025\/12\/4TAPAS.jpg 500w, https:\/\/dimensionturistica.com\/es\/wp-content\/uploads\/2025\/12\/4TAPAS-300x225.jpg 300w\" sizes=\"(max-width: 500px) 100vw, 500px\" \/><\/figure>\n<\/figure>\n\n\n\n<p>Como ejemplo de que no hay agentes de cambio peque\u00f1os, The Good Cup ha encontrado en&nbsp; las peque\u00f1as cafeter\u00edas a verdaderos aliados que apuestan por el uso de sus vasos port\u00e1tiles, cuyo dise\u00f1o \u00fanico y funcional elimina por completo la necesidad de una tapa de pl\u00e1stico; adoptando con ello alternativas sostenibles.<\/p>\n\n\n\n<p>Al integrar estas soluciones en su operaci\u00f3n diaria, estas cafeter\u00edas no solo reducen dr\u00e1sticamente su huella pl\u00e1stica, sino que tambi\u00e9n comparten informaci\u00f3n a sus clientes para establecer un nuevo est\u00e1ndar de sostenibilidad en la industria de alimentos y bebidas para llevar, rumbo a 2026.<\/p>\n\n\n\n<figure class=\"wp-block-gallery has-nested-images columns-default is-cropped wp-block-gallery-4 is-layout-flex wp-block-gallery-is-layout-flex\">\n<figure class=\"wp-block-image size-large\"><img decoding=\"async\" width=\"500\" height=\"525\" data-id=\"1088224\" src=\"https:\/\/dimensionturistica.com\/es\/wp-content\/uploads\/2025\/12\/2TAPAS.jpg\" alt=\"\" class=\"wp-image-1088224\" srcset=\"https:\/\/dimensionturistica.com\/es\/wp-content\/uploads\/2025\/12\/2TAPAS.jpg 500w, https:\/\/dimensionturistica.com\/es\/wp-content\/uploads\/2025\/12\/2TAPAS-286x300.jpg 286w\" sizes=\"(max-width: 500px) 100vw, 500px\" \/><\/figure>\n<\/figure>\n\n\n\n<p>Esta visi\u00f3n de econom\u00eda circular est\u00e1 siendo potenciada gracias al apoyo y la mentor\u00eda de Zero by Fifty,&nbsp; aceleradora comprometida con impulsar soluciones que prometen un futuro con cero residuos para el a\u00f1o 2050, demostrando que la transici\u00f3n hacia un planeta libre de residuos pl\u00e1sticos no es solo una meta, sino una realidad palpable cuando la innovaci\u00f3n se une a la acci\u00f3n comunitaria.<\/p>\n\n\n\n<p>\u201cTodo el equipo de The Good Cup junto a Zero by Fifty y Raval, estamos trabajando en una&nbsp; campa\u00f1a global de concientizaci\u00f3n rumbo a 2026, dise\u00f1ada para inspirar a la sociedad hacia un futuro sin tapas\u201d, puntualiza Andr\u00e9s Kiger, socio de Zero by Fifty.<\/p>\n","protected":false},"excerpt":{"rendered":"<p>El planeta est\u00e1 inmerso en una crisis de contaminaci\u00f3n pl\u00e1stica, en parte ocasionada por los residuos generados por las tapas de vasos desechables. Frente a este desaf\u00edo, y con el apoyo clave de la aceleradora de startups Zero by Fifty, emerge The Good Cup (empresa creadora de vasos port\u00e1tiles innovadores y 100% biodegradables), que se [&hellip;]<\/p>\n","protected":false},"author":1,"featured_media":0,"comment_status":"open","ping_status":"closed","sticky":false,"template":"","format":"standard","meta":{"om_disable_all_campaigns":false,"jnews-multi-image_gallery":[],"jnews_single_post":[],"jnews_primary_category":[],"jnews_social_meta":[],"footnotes":""},"categories":[40],"tags":[],"class_list":["post-1088220","post","type-post","status-publish","format-standard","hentry","category-industria"],"_links":{"self":[{"href":"https:\/\/dimensionturistica.com\/es\/wp-json\/wp\/v2\/posts\/1088220","targetHints":{"allow":["GET"]}}],"collection":[{"href":"https:\/\/dimensionturistica.com\/es\/wp-json\/wp\/v2\/posts"}],"about":[{"href":"https:\/\/dimensionturistica.com\/es\/wp-json\/wp\/v2\/types\/post"}],"author":[{"embeddable":true,"href":"https:\/\/dimensionturistica.com\/es\/wp-json\/wp\/v2\/users\/1"}],"replies":[{"embeddable":true,"href":"https:\/\/dimensionturistica.com\/es\/wp-json\/wp\/v2\/comments?post=1088220"}],"version-history":[{"count":1,"href":"https:\/\/dimensionturistica.com\/es\/wp-json\/wp\/v2\/posts\/1088220\/revisions"}],"predecessor-version":[{"id":1088225,"href":"https:\/\/dimensionturistica.com\/es\/wp-json\/wp\/v2\/posts\/1088220\/revisions\/1088225"}],"wp:attachment":[{"href":"https:\/\/dimensionturistica.com\/es\/wp-json\/wp\/v2\/media?parent=1088220"}],"wp:term":[{"taxonomy":"category","embeddable":true,"href":"https:\/\/dimensionturistica.com\/es\/wp-json\/wp\/v2\/categories?post=1088220"},{"taxonomy":"post_tag","embeddable":true,"href":"https:\/\/dimensionturistica.com\/es\/wp-json\/wp\/v2\/tags?post=1088220"}],"curies":[{"name":"wp","href":"https:\/\/api.w.org\/{rel}","templated":true}]}}