{"id":1088204,"date":"2025-12-19T15:22:49","date_gmt":"2025-12-19T15:22:49","guid":{"rendered":"https:\/\/dimensionturistica.com\/es\/?p=1088204"},"modified":"2025-12-19T15:22:49","modified_gmt":"2025-12-19T15:22:49","slug":"me-senti-tan-fuerte-y-atractiva-vistiendome-con-su-ropa-jerry-hall-recuerda-a-su-amigo-de-toda-la-vida-antony-price","status":"publish","type":"post","link":"https:\/\/dimensionturistica.com\/es\/me-senti-tan-fuerte-y-atractiva-vistiendome-con-su-ropa-jerry-hall-recuerda-a-su-amigo-de-toda-la-vida-antony-price\/","title":{"rendered":"&#8220;Me Sent\u00ed Tan Fuerte y Atractiva Visti\u00e9ndome con Su Ropa&#8221;: Jerry Hall Recuerda a Su Amigo de Toda la Vida Antony Price."},"content":{"rendered":"<h3>La Huella de un Visionario: Recordando el Legado de Antony Price<\/h3>\n<p>La industria de la moda ha sido testigo de la p\u00e9rdida de un \u00edcono cuya influencia persiste en las fibras del estilo contempor\u00e1neo. Antony Price, c\u00e9lebre por sus dise\u00f1os audaces y su capacidad para capturar la esencia de la belleza femenina, dej\u00f3 una marca indeleble en el mundo de la moda que va m\u00e1s all\u00e1 de los pasarelas.<\/p>\n<h4>Un Estilo Inconfundible<\/h4>\n<p>Reconocido por su est\u00e9tica innovadora, Price transform\u00f3 la percepci\u00f3n del glamour en las d\u00e9cadas de 1970 y 1980. Sus creaciones, que combinaban la sensualidad con un enfoque estructurado, se convirtieron en la elecci\u00f3n preferida de figuras destacadas de la \u00e9poca. Models como Jerry Hall no solo lucieron sus dise\u00f1os, sino que se convirtieron en embajadoras de un estilo que redefin\u00eda la feminidad.<\/p>\n<h4>La Relaci\u00f3n con Jerry Hall<\/h4>\n<p>Su asociaci\u00f3n con Jerry Hall fue emblem\u00e1tica. Con una conexi\u00f3n que trascend\u00eda el simple hecho de ser dise\u00f1adora y modelo, su colaboraci\u00f3n reflej\u00f3 un profundo entendimiento del arte de la presentaci\u00f3n. Las prendas de Price realzaron la figura de Hall, creando im\u00e1genes memorables que se grabaron en la historia de la moda. Juntos, desafiaron normas y pensaron fuera de la caja, sentando las bases para lo que hoy entendemos como \u201cmoda atrevida\u201d.<\/p>\n<h4>La Tribu de los Creativos<\/h4>\n<p>El impacto de Price no se limit\u00f3 a sus dise\u00f1os. Su esp\u00edritu innovador inspir\u00f3 a generaciones de dise\u00f1adores y creativos a experimentar con texturas, cortes y siluetas. En un contexto donde la originalidad era esencial, Price foment\u00f3 una cultura de colaboraci\u00f3n, proponiendo que la moda es un esfuerzo colectivo que trasciende las estaciones y las tendencias.<\/p>\n<h4>La Celebraci\u00f3n de su Vida<\/h4>\n<p>La reciente conmemoraci\u00f3n de su vida y legado reuni\u00f3 a una constelaci\u00f3n de personalidades que reflejan su influencia en la actualidad. Desde modelos ic\u00f3nicas hasta dise\u00f1adores emergentes, todos recordaron c\u00f3mo Price ilumin\u00f3 el camino hacia un futuro donde la creatividad no conoce l\u00edmites. Este tributo no solo fue una celebraci\u00f3n de su vida, sino tambi\u00e9n un recordatorio del poder de la moda como un veh\u00edculo para el autoexpresi\u00f3n.<\/p>\n<h4>Reflexiones para el Futuro<\/h4>\n<p>El legado de Antony Price sirve como un foco de inspiraci\u00f3n en un mundo donde las tendencias cambian continuamente. Su dedicaci\u00f3n a la innovaci\u00f3n, la belleza y la colaboraci\u00f3n en el sector resuena fuertemente, record\u00e1ndonos que detr\u00e1s de cada prenda hay una historia de creatividad y resistencia. En una industria en constante evoluci\u00f3n, la esencia de Price contin\u00faa viva, inspirando a todos los que buscan dejar su propia huella en el vasto lienzo de la moda.<\/p>\n<p>La vida y obra de Antony Price es un testamento a la magia que puede surgir cuando la pasi\u00f3n se encuentra con el dise\u00f1o. Su influencia perdurar\u00e1, invitando a las futuras generaciones a so\u00f1ar sin l\u00edmites y a explorar el amplio horizonte de posibilidades que la moda tiene para ofrecer.<\/p>\n<p><em> &#8221; Fuentes www.vogue.com &#8221; <\/em><\/p>\n","protected":false},"excerpt":{"rendered":"<p>La Huella de un Visionario: Recordando el Legado de Antony Price La industria de la moda ha sido testigo de la p\u00e9rdida de un \u00edcono cuya influencia persiste en las fibras del estilo contempor\u00e1neo. Antony Price, c\u00e9lebre por sus dise\u00f1os audaces y su capacidad para capturar la esencia de la belleza femenina, dej\u00f3 una marca [&hellip;]<\/p>\n","protected":false},"author":14,"featured_media":1088205,"comment_status":"open","ping_status":"closed","sticky":false,"template":"","format":"standard","meta":{"om_disable_all_campaigns":false,"jnews-multi-image_gallery":[],"jnews_single_post":[],"jnews_primary_category":[],"jnews_social_meta":[],"footnotes":""},"categories":[144872],"tags":[257071,237,34402,166,70724,225358,27866,139481,56196,205229,372],"class_list":["post-1088204","post","type-post","status-publish","format-standard","has-post-thumbnail","hentry","category-fashion","tag-antony-price","tag-celebrity","tag-empowerment","tag-fashion","tag-friendship","tag-jerry-hall","tag-nostalgia","tag-obituary","tag-power","tag-remembrance","tag-style"],"_links":{"self":[{"href":"https:\/\/dimensionturistica.com\/es\/wp-json\/wp\/v2\/posts\/1088204","targetHints":{"allow":["GET"]}}],"collection":[{"href":"https:\/\/dimensionturistica.com\/es\/wp-json\/wp\/v2\/posts"}],"about":[{"href":"https:\/\/dimensionturistica.com\/es\/wp-json\/wp\/v2\/types\/post"}],"author":[{"embeddable":true,"href":"https:\/\/dimensionturistica.com\/es\/wp-json\/wp\/v2\/users\/14"}],"replies":[{"embeddable":true,"href":"https:\/\/dimensionturistica.com\/es\/wp-json\/wp\/v2\/comments?post=1088204"}],"version-history":[{"count":1,"href":"https:\/\/dimensionturistica.com\/es\/wp-json\/wp\/v2\/posts\/1088204\/revisions"}],"predecessor-version":[{"id":1088206,"href":"https:\/\/dimensionturistica.com\/es\/wp-json\/wp\/v2\/posts\/1088204\/revisions\/1088206"}],"wp:featuredmedia":[{"embeddable":true,"href":"https:\/\/dimensionturistica.com\/es\/wp-json\/wp\/v2\/media\/1088205"}],"wp:attachment":[{"href":"https:\/\/dimensionturistica.com\/es\/wp-json\/wp\/v2\/media?parent=1088204"}],"wp:term":[{"taxonomy":"category","embeddable":true,"href":"https:\/\/dimensionturistica.com\/es\/wp-json\/wp\/v2\/categories?post=1088204"},{"taxonomy":"post_tag","embeddable":true,"href":"https:\/\/dimensionturistica.com\/es\/wp-json\/wp\/v2\/tags?post=1088204"}],"curies":[{"name":"wp","href":"https:\/\/api.w.org\/{rel}","templated":true}]}}