{"id":1088067,"date":"2025-12-19T05:20:52","date_gmt":"2025-12-19T05:20:52","guid":{"rendered":"https:\/\/dimensionturistica.com\/es\/?p=1088067"},"modified":"2025-12-19T05:20:52","modified_gmt":"2025-12-19T05:20:52","slug":"tendencias-de-belleza-2026-estilos-de-cabello-cejas-y-maquillaje-innovadores","status":"publish","type":"post","link":"https:\/\/dimensionturistica.com\/es\/tendencias-de-belleza-2026-estilos-de-cabello-cejas-y-maquillaje-innovadores\/","title":{"rendered":"Tendencias de belleza 2026: Estilos de cabello, cejas y maquillaje innovadores"},"content":{"rendered":"<h3>La Belleza del Futuro: Tendencias que Marcar\u00e1n el 2026<\/h3>\n<p>El mundo de la belleza se encuentra en constante evoluci\u00f3n, y hacia 2026 se nos presentan tendencias que no solo reinventan lo que conocemos, sino que desaf\u00edan la forma en que concebimos el estilo y el cuidado personal. Aqu\u00ed te presentamos un vistazo anticipado a lo que ser\u00e1 un nuevo paradigma en la industria de la belleza.<\/p>\n<h4>1. <strong>Est\u00e9tica Sostenible<\/strong><\/h4>\n<p>La sostenibilidad no es solo una tendencia, es una necesidad. Las marcas est\u00e1n comenzando a adoptar pr\u00e1cticas m\u00e1s responsables, utilizando ingredientes naturales y envases biodegradables. El compromiso con el medio ambiente ser\u00e1 un imperativo, ofreciendo productos que sean tanto efectivos como amables con el planeta. Consumidores informados y conscientes buscar\u00e1n marcas que reflejen estos valores.<\/p>\n<h4>2. <strong>Tecnolog\u00eda Integrada<\/strong><\/h4>\n<p>La digitalizaci\u00f3n se consolidar\u00e1 en el \u00e1mbito de la belleza, con herramientas que personalizan la experiencia del usuario. Desde aplicaciones que analizan la piel en tiempo real hasta dispositivos port\u00e1tiles que segmentan tratamientos. Esta fusi\u00f3n entre tecnolog\u00eda y belleza no solo optimiza resultados, sino que tambi\u00e9n ofrece un nivel de personalizaci\u00f3n in\u00e9dito.<\/p>\n<h4>3. <strong>Inclusividad Radical<\/strong><\/h4>\n<p>El concepto de belleza se redefine para incluir a todas las identidades y tipos de piel. La industria se mover\u00e1 hacia una representaci\u00f3n m\u00e1s aut\u00e9ntica, celebrando la diversidad de tonos, texturas y formas. Las campa\u00f1as publicitarias y las colaboraciones se centraran en reflejar esta pluralidad, enviando un mensaje claro: la belleza es diversa y universal.<\/p>\n<h4>4. <strong>Nuevas Formas de Expresi\u00f3n<\/strong><\/h4>\n<p>El maquillaje llegar\u00e1 a ser visto como una forma de arte a\u00fan m\u00e1s que como un simple producto cosm\u00e9tico. Con colores vibrantes y acabados no convencionales, los looks se convertir\u00e1n en una declaraci\u00f3n personal del estilo de cada individuo. Las redes sociales jugar\u00e1n un papel crucial, sirviendo como plataforma para que los creativos compartan sus innovaciones y se inspiren mutuamente.<\/p>\n<h4>5. <strong>Cuidado Integral y Hol\u00edstico<\/strong><\/h4>\n<p>El bienestar pasar\u00e1 a ser un pilar fundamental en la rutina de belleza. De la mano de pr\u00e1cticas de autocuidado, desde el yoga hasta la meditaci\u00f3n, la belleza interior se reflejar\u00e1 en el exterior. Los productos no solo buscar\u00e1n embellecer, sino tambi\u00e9n nutrir el alma. Esta conexi\u00f3n entre mente y cuerpo se volver\u00e1 esencial.<\/p>\n<h4>6. <strong>Enfoque Cient\u00edfico en la Belleza<\/strong><\/h4>\n<p>La beauty science tomar\u00e1 protagonismo, con una creciente demanda por productos basados en evidencias cient\u00edficas. Ingredientes respaldados por investigaciones y f\u00f3rmulas innovadoras, formuladas con precisi\u00f3n, marcar\u00e1n el camino hacia una piel m\u00e1s saludable. Este enfoque ofrecer\u00e1 soluciones efectivas a preocupaciones espec\u00edficas, elevando el est\u00e1ndar en la industria.<\/p>\n<h3>Ultimando Detalles<\/h3>\n<p>Estas tendencias constituyen solo una muestra de lo que se avecina. La belleza del futuro se basa en la inclusi\u00f3n, la responsabilidad y la innovaci\u00f3n. La audiencia busca algo m\u00e1s que productos; quiere ser parte de un movimiento que no solo embellece, sino que tambi\u00e9n transforma y empodera. Mantente atento, porque el futuro de la belleza promete ser fascinante y multifac\u00e9tico.<\/p>\n<p><em> &#8221; Fuentes www.vogue.mx &#8221; <\/em><\/p>\n","protected":false},"excerpt":{"rendered":"<p>La Belleza del Futuro: Tendencias que Marcar\u00e1n el 2026 El mundo de la belleza se encuentra en constante evoluci\u00f3n, y hacia 2026 se nos presentan tendencias que no solo reinventan lo que conocemos, sino que desaf\u00edan la forma en que concebimos el estilo y el cuidado personal. Aqu\u00ed te presentamos un vistazo anticipado a lo [&hellip;]<\/p>\n","protected":false},"author":14,"featured_media":1088068,"comment_status":"open","ping_status":"closed","sticky":false,"template":"","format":"standard","meta":{"om_disable_all_campaigns":false,"jnews-multi-image_gallery":[],"jnews_single_post":[],"jnews_primary_category":[],"jnews_social_meta":[],"footnotes":""},"categories":[144872],"tags":[55723,3381,39783,58791,223512,200508,21502,202184,2182,12543],"class_list":["post-1088067","post","type-post","status-publish","format-standard","has-post-thumbnail","hentry","category-fashion","tag-55723","tag-belleza","tag-cabello","tag-cejas","tag-color-de-cabello","tag-cortes-de-cabello","tag-maquillaje","tag-peinados","tag-tendencias","tag-unas"],"_links":{"self":[{"href":"https:\/\/dimensionturistica.com\/es\/wp-json\/wp\/v2\/posts\/1088067","targetHints":{"allow":["GET"]}}],"collection":[{"href":"https:\/\/dimensionturistica.com\/es\/wp-json\/wp\/v2\/posts"}],"about":[{"href":"https:\/\/dimensionturistica.com\/es\/wp-json\/wp\/v2\/types\/post"}],"author":[{"embeddable":true,"href":"https:\/\/dimensionturistica.com\/es\/wp-json\/wp\/v2\/users\/14"}],"replies":[{"embeddable":true,"href":"https:\/\/dimensionturistica.com\/es\/wp-json\/wp\/v2\/comments?post=1088067"}],"version-history":[{"count":1,"href":"https:\/\/dimensionturistica.com\/es\/wp-json\/wp\/v2\/posts\/1088067\/revisions"}],"predecessor-version":[{"id":1088069,"href":"https:\/\/dimensionturistica.com\/es\/wp-json\/wp\/v2\/posts\/1088067\/revisions\/1088069"}],"wp:featuredmedia":[{"embeddable":true,"href":"https:\/\/dimensionturistica.com\/es\/wp-json\/wp\/v2\/media\/1088068"}],"wp:attachment":[{"href":"https:\/\/dimensionturistica.com\/es\/wp-json\/wp\/v2\/media?parent=1088067"}],"wp:term":[{"taxonomy":"category","embeddable":true,"href":"https:\/\/dimensionturistica.com\/es\/wp-json\/wp\/v2\/categories?post=1088067"},{"taxonomy":"post_tag","embeddable":true,"href":"https:\/\/dimensionturistica.com\/es\/wp-json\/wp\/v2\/tags?post=1088067"}],"curies":[{"name":"wp","href":"https:\/\/api.w.org\/{rel}","templated":true}]}}