{"id":1087956,"date":"2025-12-18T23:58:45","date_gmt":"2025-12-18T23:58:45","guid":{"rendered":"https:\/\/dimensionturistica.com\/es\/?p=1087956"},"modified":"2025-12-18T23:58:45","modified_gmt":"2025-12-18T23:58:45","slug":"karol-g-transforma-su-largo-cabello-en-un-elegante-corte-bob-perfecto-para-cerrar-el-ano-2025","status":"publish","type":"post","link":"https:\/\/dimensionturistica.com\/es\/karol-g-transforma-su-largo-cabello-en-un-elegante-corte-bob-perfecto-para-cerrar-el-ano-2025\/","title":{"rendered":"Karol G transforma su largo cabello en un elegante corte bob perfecto para cerrar el a\u00f1o 2025."},"content":{"rendered":"<h3>El Peinado de Moda que Marcar\u00e1 el Final de 2025<\/h3>\n<p>A medida que el a\u00f1o 2025 se aproxima a su fin, las tendencias en peinados se reinventan, y en esta ocasi\u00f3n, un estilo ha captado la atenci\u00f3n de todos: el shot bob. Este corte, que ya ha resonado en pasarelas y redes sociales, se presenta como la opci\u00f3n ideal para despedir el a\u00f1o con un toque de frescura y modernidad.<\/p>\n<h4>\u00bfQu\u00e9 es el Shot Bob?<\/h4>\n<p>El shot bob se distingue por su corte recto y limpio, con un ligero efecto de textura que a\u00f1ade volumen y movimiento. Se trata de un estilo vers\u00e1til que se adapta a diversas formas de rostro, lo que lo convierte en una elecci\u00f3n universal. La clave de este peinado radica en su capacidad para proyectar tanto sofisticaci\u00f3n como un aire desenfadado, lo que lo hace perfecto para cualquier ocasi\u00f3n.<\/p>\n<h4>Inspiraci\u00f3n de Estilo<\/h4>\n<p>Artistas y celebridades est\u00e1n adoptando este look, usando el shot bob como un s\u00edmbolo de empoderamiento y renovaci\u00f3n. A trav\u00e9s de las plataformas digitales, se ha vuelto viral, con miles de versiones que muestran c\u00f3mo este corte puede ser personalizado con diferentes colores, ondas y accesorios para el cabello. Desde lo m\u00e1s cl\u00e1sico hasta lo m\u00e1s audaz, las posibilidades son infinitas.<\/p>\n<h4>C\u00f3mo Lograr el Shot Bob Perfecto<\/h4>\n<ol>\n<li>\n<p><strong>Di\u00e1logos con Tu Estilista<\/strong>: Antes de tomar la decisi\u00f3n, es fundamental consultar con un profesional. Cada rostro tiene sus caracter\u00edsticas \u00fanicas, y un buen estilista podr\u00e1 recomendar el largo y la textura que m\u00e1s te favorezcan.<\/p>\n<\/li>\n<li>\n<p><strong>Texturiza<\/strong>: Para lograr ese acabado din\u00e1mico y moderno, se pueden utilizar productos texturizantes. Espumas y sprays de sal marina son excelentes aliados para conseguir un look desenfadado sin esfuerzo.<\/p>\n<\/li>\n<li>\n<p><strong>Mantenlo Fresco<\/strong>: La clave de este estilo radica en mantener las puntas saludables. Un buen corte regular asegura que el shot bob siempre luzca fresco y en su mejor forma.<\/p>\n<\/li>\n<\/ol>\n<h4>Estilo para Todos<\/h4>\n<p>El shot bob no solo es una tendencia de peinado; es un s\u00edmbolo de cambio y adaptabilidad en la moda actual. Desde un acabado slick hasta un look m\u00e1s natural y voluminoso, este corte se puede adaptar a las diversas personalidades y est\u00e9ticas de quienes lo llevan. <\/p>\n<h4>Conclusi\u00f3n<\/h4>\n<p>A medida que cerramos el cap\u00edtulo de 2025, el shot bob se posiciona como una de las elecciones m\u00e1s elegantes y chic. Su creciente popularidad entre celebridades y fashionistas solo destaca su relevancia en el mundo del estilo. Entonces, \u00bfest\u00e1s lista para este cambio radical que promete romper moldes y establecer nuevas tendencias? La respuesta parece estar en este corte de pelo que ofrece tanto versatilidad como un toque de audacia. \u00a1Es hora de atrevernos!<\/p>\n<p><em> &#8221; Fuentes www.vogue.mx &#8221; <\/em><\/p>\n","protected":false},"excerpt":{"rendered":"<p>El Peinado de Moda que Marcar\u00e1 el Final de 2025 A medida que el a\u00f1o 2025 se aproxima a su fin, las tendencias en peinados se reinventan, y en esta ocasi\u00f3n, un estilo ha captado la atenci\u00f3n de todos: el shot bob. Este corte, que ya ha resonado en pasarelas y redes sociales, se presenta [&hellip;]<\/p>\n","protected":false},"author":14,"featured_media":1087957,"comment_status":"open","ping_status":"closed","sticky":false,"template":"","format":"standard","meta":{"om_disable_all_campaigns":false,"jnews-multi-image_gallery":[],"jnews_single_post":[],"jnews_primary_category":[],"jnews_social_meta":[],"footnotes":""},"categories":[144872],"tags":[27305,3381,208025,39783,200508,200385,7758,64511,659,2182,10368],"class_list":["post-1087956","post","type-post","status-publish","format-standard","has-post-thumbnail","hentry","category-fashion","tag-27305","tag-belleza","tag-bob","tag-cabello","tag-cortes-de-cabello","tag-despedida-de-ano","tag-estilo","tag-karol-g","tag-moda","tag-tendencias","tag-transformacion"],"_links":{"self":[{"href":"https:\/\/dimensionturistica.com\/es\/wp-json\/wp\/v2\/posts\/1087956","targetHints":{"allow":["GET"]}}],"collection":[{"href":"https:\/\/dimensionturistica.com\/es\/wp-json\/wp\/v2\/posts"}],"about":[{"href":"https:\/\/dimensionturistica.com\/es\/wp-json\/wp\/v2\/types\/post"}],"author":[{"embeddable":true,"href":"https:\/\/dimensionturistica.com\/es\/wp-json\/wp\/v2\/users\/14"}],"replies":[{"embeddable":true,"href":"https:\/\/dimensionturistica.com\/es\/wp-json\/wp\/v2\/comments?post=1087956"}],"version-history":[{"count":1,"href":"https:\/\/dimensionturistica.com\/es\/wp-json\/wp\/v2\/posts\/1087956\/revisions"}],"predecessor-version":[{"id":1087958,"href":"https:\/\/dimensionturistica.com\/es\/wp-json\/wp\/v2\/posts\/1087956\/revisions\/1087958"}],"wp:featuredmedia":[{"embeddable":true,"href":"https:\/\/dimensionturistica.com\/es\/wp-json\/wp\/v2\/media\/1087957"}],"wp:attachment":[{"href":"https:\/\/dimensionturistica.com\/es\/wp-json\/wp\/v2\/media?parent=1087956"}],"wp:term":[{"taxonomy":"category","embeddable":true,"href":"https:\/\/dimensionturistica.com\/es\/wp-json\/wp\/v2\/categories?post=1087956"},{"taxonomy":"post_tag","embeddable":true,"href":"https:\/\/dimensionturistica.com\/es\/wp-json\/wp\/v2\/tags?post=1087956"}],"curies":[{"name":"wp","href":"https:\/\/api.w.org\/{rel}","templated":true}]}}