{"id":1087903,"date":"2025-12-18T22:15:09","date_gmt":"2025-12-18T22:15:09","guid":{"rendered":"https:\/\/dimensionturistica.com\/es\/?p=1087903"},"modified":"2025-12-18T22:17:35","modified_gmt":"2025-12-18T22:17:35","slug":"el-ballet-folklorico-de-mexico-regresa-con-su-18-temporada-a-uno-de-los-espacios-mas-iconicos-de-la-ciudad-de-mexico-el-castillo-de-chapultepec","status":"publish","type":"post","link":"https:\/\/dimensionturistica.com\/es\/el-ballet-folklorico-de-mexico-regresa-con-su-18-temporada-a-uno-de-los-espacios-mas-iconicos-de-la-ciudad-de-mexico-el-castillo-de-chapultepec\/","title":{"rendered":"El Ballet Folkl\u00f3rico de M\u00e9xico regresa con su 18 temporada a uno de los espacios m\u00e1s ic\u00f3nicos de la Ciudad de M\u00e9xico, el Castillo de Chapultepec"},"content":{"rendered":"\n<p><\/p>\n\n\n\n<figure class=\"wp-block-gallery has-nested-images columns-default is-cropped wp-block-gallery-1 is-layout-flex wp-block-gallery-is-layout-flex\">\n<figure class=\"wp-block-image size-large\"><img decoding=\"async\" width=\"500\" height=\"333\" data-id=\"1087904\" src=\"https:\/\/dimensionturistica.com\/es\/wp-content\/uploads\/2025\/12\/5AMA.jpg\" alt=\"\" class=\"wp-image-1087904\" srcset=\"https:\/\/dimensionturistica.com\/es\/wp-content\/uploads\/2025\/12\/5AMA.jpg 500w, https:\/\/dimensionturistica.com\/es\/wp-content\/uploads\/2025\/12\/5AMA-300x200.jpg 300w\" sizes=\"(max-width: 500px) 100vw, 500px\" \/><\/figure>\n<\/figure>\n\n\n\n<p>Llega al Castillo de Chapultepec el espect\u00e1culo \u201cNavidades M\u00e9xico\u201d, presentado por el Ballet Folkl\u00f3rico de Amalia Hern\u00e1ndez, en conjunto con Banamex; una representaci\u00f3n en la que m\u00e1s de 100 bailares y m\u00fasicos puestos en escena con el vestuario original dise\u00f1ado por la propia Amalia Hern\u00e1ndez, se presenta a\u00f1o con a\u00f1o en la explanada de este ic\u00f3nico lugar en la Ciudad de M\u00e9xico para celebrar las tradiciones decembrinas mexicanas, mismo que arrancar\u00e1 su corta temporada este 25 de diciembre.<\/p>\n\n\n\n<figure class=\"wp-block-gallery has-nested-images columns-default is-cropped wp-block-gallery-2 is-layout-flex wp-block-gallery-is-layout-flex\">\n<figure class=\"wp-block-image size-large\"><img decoding=\"async\" width=\"500\" height=\"333\" data-id=\"1087905\" src=\"https:\/\/dimensionturistica.com\/es\/wp-content\/uploads\/2025\/12\/1AMA.jpg\" alt=\"\" class=\"wp-image-1087905\" srcset=\"https:\/\/dimensionturistica.com\/es\/wp-content\/uploads\/2025\/12\/1AMA.jpg 500w, https:\/\/dimensionturistica.com\/es\/wp-content\/uploads\/2025\/12\/1AMA-300x200.jpg 300w\" sizes=\"(max-width: 500px) 100vw, 500px\" \/><\/figure>\n<\/figure>\n\n\n\n<p>Navidades en M\u00e9xico, presentado nuevamente por Banamex, est\u00e1 inspirado en las festividades tradicionales de nuestro pa\u00eds, mismas que se traducen en tres actos. El primero recrea el momento de la anunciaci\u00f3n, que contin\u00faa con el montaje de un nacimiento viviente. En el segundo acto, los Reyes Magos ofrecen regalos al ni\u00f1o Dios, representados con danzas provenientes de diferentes regiones, as\u00ed como bailes inspirados en las costumbres mexicanas. Por \u00faltimo, se muestra una posada t\u00edpica mexicana: los peregrinos, el canto de letan\u00edas, la luz de las velas, que representan la gu\u00eda de los caminantes, y la tradicional pi\u00f1ata, que simboliza los siete pecados capitales y la fuerza que acaba con el pecado y las tentaciones.<\/p>\n\n\n\n<figure class=\"wp-block-gallery has-nested-images columns-default is-cropped wp-block-gallery-3 is-layout-flex wp-block-gallery-is-layout-flex\">\n<figure class=\"wp-block-image size-large\"><img decoding=\"async\" width=\"500\" height=\"333\" data-id=\"1087906\" src=\"https:\/\/dimensionturistica.com\/es\/wp-content\/uploads\/2025\/12\/2AMA.jpg\" alt=\"\" class=\"wp-image-1087906\" srcset=\"https:\/\/dimensionturistica.com\/es\/wp-content\/uploads\/2025\/12\/2AMA.jpg 500w, https:\/\/dimensionturistica.com\/es\/wp-content\/uploads\/2025\/12\/2AMA-300x200.jpg 300w\" sizes=\"(max-width: 500px) 100vw, 500px\" \/><\/figure>\n<\/figure>\n\n\n\n<p>Los boletos para esta edici\u00f3n como lo ha sido desde hace 18 a\u00f1os ser\u00e1n vendidos a trav\u00e9s de Ticketmaster, boletos digitales que cuentan con funciones como transferencia entre usuarios, c\u00f3digo din\u00e1mico que evita su falsificaci\u00f3n y combate la reventa; adem\u00e1s de su f\u00e1cil uso y portabilidad, ya que puede descargarse y utilizarse desde los dispositivos m\u00f3viles sin necesidad de contar con internet una vez descargados, brindando una mejor experiencia para los asistentes.<\/p>\n\n\n\n<figure class=\"wp-block-gallery has-nested-images columns-default is-cropped wp-block-gallery-4 is-layout-flex wp-block-gallery-is-layout-flex\">\n<figure class=\"wp-block-image size-large\"><img decoding=\"async\" width=\"500\" height=\"333\" data-id=\"1087907\" src=\"https:\/\/dimensionturistica.com\/es\/wp-content\/uploads\/2025\/12\/3AMA.jpg\" alt=\"\" class=\"wp-image-1087907\" srcset=\"https:\/\/dimensionturistica.com\/es\/wp-content\/uploads\/2025\/12\/3AMA.jpg 500w, https:\/\/dimensionturistica.com\/es\/wp-content\/uploads\/2025\/12\/3AMA-300x200.jpg 300w\" sizes=\"(max-width: 500px) 100vw, 500px\" \/><\/figure>\n<\/figure>\n\n\n\n<p>Al respecto, Alejandro Ordaz, director de Marketing de Ticketmaster coment\u00f3, \u201cestamos muy felices de formar parte de un evento \u00fanico y de tanta tradici\u00f3n como lo es \u201cNavidades en M\u00e9xico\u201d, sin lugar a duda ser\u00e1 un evento con alta demanda e invitamos a las personas interesadas a comprar sus accesos siempre a trav\u00e9s de canales oficiales y recurrir a nuestras redes en caso de tener alguna duda sobre c\u00f3mo descargar sus boletos o c\u00f3mo poderlos transferir\u201d.<\/p>\n\n\n\n<p>El Ballet Folkl\u00f3rico de M\u00e9xico agradece profundamente el apoyo de Salvador Rueda Smithers, Director del Museo Nacional de Historia &#8211; Castillo de Chapultepec por formar parte de la historia del ballet en uno de los recintos m\u00e1s importantes de M\u00e9xico, el Castillo de Chapultepec.<\/p>\n\n\n\n<figure class=\"wp-block-gallery has-nested-images columns-default is-cropped wp-block-gallery-5 is-layout-flex wp-block-gallery-is-layout-flex\">\n<figure class=\"wp-block-image size-large\"><img decoding=\"async\" width=\"500\" height=\"333\" data-id=\"1087908\" src=\"https:\/\/dimensionturistica.com\/es\/wp-content\/uploads\/2025\/12\/6AMA.jpg\" alt=\"\" class=\"wp-image-1087908\" srcset=\"https:\/\/dimensionturistica.com\/es\/wp-content\/uploads\/2025\/12\/6AMA.jpg 500w, https:\/\/dimensionturistica.com\/es\/wp-content\/uploads\/2025\/12\/6AMA-300x200.jpg 300w\" sizes=\"(max-width: 500px) 100vw, 500px\" \/><\/figure>\n<\/figure>\n\n\n\n<p>Salvador L\u00f3pez L\u00f3pez, director general y nieto de Amalia Hern\u00e1ndez, destac\u00f3 lo importante que es para el Ballet Folkl\u00f3rico conservar y promover las tradiciones de M\u00e9xico: \u201cEl Ballet Folkl\u00f3rico de M\u00e9xico tiene el honor de ser embajador de nuestras tradiciones, de llevar el colorido, la m\u00fasica y la danza que nos caracteriza m\u00e1s all\u00e1 de nuestras fronteras. Agradecemos profundamente poder seguir llevando la alegr\u00eda de la Navidad a todos los mexicanos en este ic\u00f3nico recinto, el Castillo de Chapultepec. LO MEJOR DE M\u00c9XICO ES SU GENTE Y SU CULTURA\u201d.<\/p>\n\n\n\n<p>Banamex, a lo largo de 17 a\u00f1os, ha sido el presentador oficial de Navidades en M\u00e9xico, en el que, a trav\u00e9s de sus tarjetas y promociones, brinda beneficios y experiencias \u00fanicas a cada uno de sus clientes para llenarlos de regocijo y esp\u00edritu navide\u00f1o en estas festividades.<\/p>\n\n\n\n<p>Navidades en M\u00e9xico, presentado por Citibanamex, brindar\u00e1 funciones a las 19 hrs en el Castillo de Chapultepec los siguientes d\u00edas:<\/p>\n\n\n\n<p>Diciembre<\/p>\n\n\n\n<figure class=\"wp-block-gallery has-nested-images columns-default is-cropped wp-block-gallery-6 is-layout-flex wp-block-gallery-is-layout-flex\">\n<figure class=\"wp-block-image size-large\"><img decoding=\"async\" width=\"500\" height=\"333\" data-id=\"1087911\" src=\"https:\/\/dimensionturistica.com\/es\/wp-content\/uploads\/2025\/12\/9AMA.jpg\" alt=\"\" class=\"wp-image-1087911\" srcset=\"https:\/\/dimensionturistica.com\/es\/wp-content\/uploads\/2025\/12\/9AMA.jpg 500w, https:\/\/dimensionturistica.com\/es\/wp-content\/uploads\/2025\/12\/9AMA-300x200.jpg 300w\" sizes=\"(max-width: 500px) 100vw, 500px\" \/><\/figure>\n<\/figure>\n\n\n\n<p>\u00b7&nbsp;&nbsp;&nbsp;&nbsp;&nbsp;&nbsp; jueves 25<\/p>\n\n\n\n<p>\u00b7&nbsp;&nbsp;&nbsp;&nbsp;&nbsp;&nbsp; viernes 26<\/p>\n\n\n\n<p>\u00b7&nbsp;&nbsp;&nbsp;&nbsp;&nbsp;&nbsp; s\u00e1bado 27<\/p>\n\n\n\n<p>\u00b7&nbsp;&nbsp;&nbsp;&nbsp;&nbsp;&nbsp; domingo 28<\/p>\n\n\n\n<p>\u00b7&nbsp;&nbsp;&nbsp;&nbsp;&nbsp;&nbsp; martes 30<\/p>\n\n\n\n<p>Enero<\/p>\n\n\n\n<p>\u00b7&nbsp;&nbsp;&nbsp;&nbsp;&nbsp;&nbsp; jueves 1<\/p>\n\n\n\n<p>\u00b7&nbsp;&nbsp;&nbsp;&nbsp;&nbsp;&nbsp; s\u00e1bado 3<\/p>\n\n\n\n<p>\u00b7&nbsp;&nbsp;&nbsp;&nbsp;&nbsp;&nbsp; domingo 4<\/p>\n\n\n\n<p>\u00b7&nbsp;&nbsp;&nbsp;&nbsp;&nbsp;&nbsp; mi\u00e9rcoles 7<\/p>\n\n\n\n<p>\u00b7&nbsp;&nbsp;&nbsp;&nbsp;&nbsp;&nbsp; s\u00e1bado 10<\/p>\n\n\n\n<p>\u00b7&nbsp;&nbsp;&nbsp;&nbsp;&nbsp;&nbsp; domingo 11<\/p>\n","protected":false},"excerpt":{"rendered":"<p>Llega al Castillo de Chapultepec el espect\u00e1culo \u201cNavidades M\u00e9xico\u201d, presentado por el Ballet Folkl\u00f3rico de Amalia Hern\u00e1ndez, en conjunto con Banamex; una representaci\u00f3n en la que m\u00e1s de 100 bailares y m\u00fasicos puestos en escena con el vestuario original dise\u00f1ado por la propia Amalia Hern\u00e1ndez, se presenta a\u00f1o con a\u00f1o en la explanada de este [&hellip;]<\/p>\n","protected":false},"author":1,"featured_media":0,"comment_status":"open","ping_status":"closed","sticky":false,"template":"","format":"standard","meta":{"om_disable_all_campaigns":false,"jnews-multi-image_gallery":[],"jnews_single_post":[],"jnews_primary_category":[],"jnews_social_meta":[],"footnotes":""},"categories":[40],"tags":[],"class_list":["post-1087903","post","type-post","status-publish","format-standard","hentry","category-industria"],"_links":{"self":[{"href":"https:\/\/dimensionturistica.com\/es\/wp-json\/wp\/v2\/posts\/1087903","targetHints":{"allow":["GET"]}}],"collection":[{"href":"https:\/\/dimensionturistica.com\/es\/wp-json\/wp\/v2\/posts"}],"about":[{"href":"https:\/\/dimensionturistica.com\/es\/wp-json\/wp\/v2\/types\/post"}],"author":[{"embeddable":true,"href":"https:\/\/dimensionturistica.com\/es\/wp-json\/wp\/v2\/users\/1"}],"replies":[{"embeddable":true,"href":"https:\/\/dimensionturistica.com\/es\/wp-json\/wp\/v2\/comments?post=1087903"}],"version-history":[{"count":3,"href":"https:\/\/dimensionturistica.com\/es\/wp-json\/wp\/v2\/posts\/1087903\/revisions"}],"predecessor-version":[{"id":1087913,"href":"https:\/\/dimensionturistica.com\/es\/wp-json\/wp\/v2\/posts\/1087903\/revisions\/1087913"}],"wp:attachment":[{"href":"https:\/\/dimensionturistica.com\/es\/wp-json\/wp\/v2\/media?parent=1087903"}],"wp:term":[{"taxonomy":"category","embeddable":true,"href":"https:\/\/dimensionturistica.com\/es\/wp-json\/wp\/v2\/categories?post=1087903"},{"taxonomy":"post_tag","embeddable":true,"href":"https:\/\/dimensionturistica.com\/es\/wp-json\/wp\/v2\/tags?post=1087903"}],"curies":[{"name":"wp","href":"https:\/\/api.w.org\/{rel}","templated":true}]}}