{"id":1087845,"date":"2025-12-18T20:17:10","date_gmt":"2025-12-18T20:17:10","guid":{"rendered":"https:\/\/dimensionturistica.com\/es\/?p=1087845"},"modified":"2025-12-18T20:17:10","modified_gmt":"2025-12-18T20:17:10","slug":"fortalece-yucatan-su-liderazgo-turistico-con-crecimiento-sostenido-inversion-y-proyeccion-internacional","status":"publish","type":"post","link":"https:\/\/dimensionturistica.com\/es\/fortalece-yucatan-su-liderazgo-turistico-con-crecimiento-sostenido-inversion-y-proyeccion-internacional\/","title":{"rendered":"Fortalece Yucat\u00e1n su liderazgo tur\u00edstico con crecimiento sostenido inversi\u00f3n y proyecci\u00f3n Internacional"},"content":{"rendered":"\n<p><\/p>\n\n\n\n<figure class=\"wp-block-gallery has-nested-images columns-default is-cropped wp-block-gallery-1 is-layout-flex wp-block-gallery-is-layout-flex\">\n<figure class=\"wp-block-image size-large\"><img decoding=\"async\" width=\"474\" height=\"127\" data-id=\"1087846\" src=\"https:\/\/dimensionturistica.com\/es\/wp-content\/uploads\/2025\/12\/1YUCATAN.jpg\" alt=\"\" class=\"wp-image-1087846\" srcset=\"https:\/\/dimensionturistica.com\/es\/wp-content\/uploads\/2025\/12\/1YUCATAN.jpg 474w, https:\/\/dimensionturistica.com\/es\/wp-content\/uploads\/2025\/12\/1YUCATAN-300x80.jpg 300w\" sizes=\"(max-width: 474px) 100vw, 474px\" \/><\/figure>\n<\/figure>\n\n\n\n<p>&nbsp;Yucat\u00e1n contin\u00faa consolid\u00e1ndose como uno de los destinos tur\u00edsticos m\u00e1s s\u00f3lidos y competitivos de M\u00e9xico, impulsado por una estrategia integral que combina crecimiento econ\u00f3mico, inversi\u00f3n privada, conectividad a\u00e9rea y mar\u00edtima, promoci\u00f3n internacional y un modelo de turismo sostenible con identidad cultural.<\/p>\n\n\n\n<p>En el escenario global donde M\u00e9xico se ubica como el sexto pa\u00eds con mayor llegada de turistas internacionales, Yucat\u00e1n sobresale por el papel central del turismo en su desarrollo econ\u00f3mico, al aportar 16.1% del PIB estatal y consolidarse dentro del Top 10 nacional en participaci\u00f3n tur\u00edstica Impacto econ\u00f3mico y empleo<\/p>\n\n\n\n<figure class=\"wp-block-gallery has-nested-images columns-default is-cropped wp-block-gallery-2 is-layout-flex wp-block-gallery-is-layout-flex\">\n<figure class=\"wp-block-image size-large\"><img decoding=\"async\" width=\"500\" height=\"375\" data-id=\"1087847\" src=\"https:\/\/dimensionturistica.com\/es\/wp-content\/uploads\/2025\/12\/6YUCANATN.jpg\" alt=\"\" class=\"wp-image-1087847\" srcset=\"https:\/\/dimensionturistica.com\/es\/wp-content\/uploads\/2025\/12\/6YUCANATN.jpg 500w, https:\/\/dimensionturistica.com\/es\/wp-content\/uploads\/2025\/12\/6YUCANATN-300x225.jpg 300w\" sizes=\"(max-width: 500px) 100vw, 500px\" \/><\/figure>\n<\/figure>\n\n\n\n<p>El turismo se reafirma como uno de los principales motores econ\u00f3micos de Yucat\u00e1n: al tercer trimestre de 2025, 126,907 personas se encontraban empleadas en actividades de hoteler\u00eda y restaurantes, lo que representa el 10.2% de la poblaci\u00f3n ocupada del estado, mientras que la derrama tur\u00edstica mantiene una tendencia al alza, con un gasto promedio por visitante de $3,471 pesos (+2.1% vs. 2024) y un crecimiento del 23.4% en la oferta hotelera respecto a 2019, reflejo de la confianza del sector privado en el destino.<\/p>\n\n\n\n<p>Inversi\u00f3n privada y desarrollo regional<\/p>\n\n\n\n<p>Entre octubre de 2024 y noviembre de 2025, Yucat\u00e1n registr\u00f3 61 proyectos de inversi\u00f3n privada tur\u00edstica, con una inversi\u00f3n acumulada de 9,224 millones de pesos, que han generado 11,005 empleos directos e indirectos. La inversi\u00f3n se concentra principalmente en hoteler\u00eda (58.9%), parques tem\u00e1ticos y complejos tur\u00edsticos (33.8%), con una distribuci\u00f3n equilibrada entre M\u00e9rida (43.7%) y el interior del estado (56.3%), fortaleciendo el desarrollo regional.<\/p>\n\n\n\n<figure class=\"wp-block-gallery has-nested-images columns-default is-cropped wp-block-gallery-3 is-layout-flex wp-block-gallery-is-layout-flex\">\n<figure class=\"wp-block-image size-large\"><img decoding=\"async\" width=\"500\" height=\"281\" data-id=\"1087848\" src=\"https:\/\/dimensionturistica.com\/es\/wp-content\/uploads\/2025\/12\/2YUCANATN.jpg\" alt=\"\" class=\"wp-image-1087848\" srcset=\"https:\/\/dimensionturistica.com\/es\/wp-content\/uploads\/2025\/12\/2YUCANATN.jpg 500w, https:\/\/dimensionturistica.com\/es\/wp-content\/uploads\/2025\/12\/2YUCANATN-300x169.jpg 300w\" sizes=\"(max-width: 500px) 100vw, 500px\" \/><\/figure>\n<\/figure>\n\n\n\n<p>Conectividad a\u00e9rea y mar\u00edtima en expansi\u00f3n<\/p>\n\n\n\n<p>La conectividad es uno de los pilares del crecimiento tur\u00edstico de Yucat\u00e1n: el Aeropuerto Internacional de M\u00e9rida opera actualmente 12 rutas nacionales y 7 internacionales, con hitos como la consolidaci\u00f3n de la ruta M\u00e9rida\u2013Toronto operada por WestJet durante la temporada invernal y el retorno de M\u00e9rida\u2013Los \u00c1ngeles con Viva Aerobus, con proyecci\u00f3n de permanencia en 2026. En el \u00e1mbito mar\u00edtimo, el Puerto de Progreso se posicion\u00f3 en 2025 como el sexto puerto del pa\u00eds en arribo de pasajeros de cruceros, con un crecimiento del 69.4% entre enero y octubre, y una proyecci\u00f3n de 173 arribos y m\u00e1s de 484 mil pasajeros en 2026, fortaleciendo la visibilidad internacional del destino.<\/p>\n\n\n\n<p>Promoci\u00f3n tur\u00edstica y presencia global<\/p>\n\n\n\n<p>Entre octubre de 2024 y diciembre de 2025, Yucat\u00e1n despleg\u00f3 una s\u00f3lida estrategia de promoci\u00f3n tur\u00edstica con 96 acciones que incluyeron ferias internacionales, presentaciones de destino, webinars y viajes de familiarizaci\u00f3n, logrando presencia en los principales foros del sector como FITUR Madrid, ITB Berl\u00edn, WTM Londres, Seatrade Cruise Global, Virtuoso Travel Week y USTOA.<\/p>\n\n\n\n<figure class=\"wp-block-gallery has-nested-images columns-default is-cropped wp-block-gallery-4 is-layout-flex wp-block-gallery-is-layout-flex\">\n<figure class=\"wp-block-image size-large\"><img decoding=\"async\" width=\"500\" height=\"281\" data-id=\"1087849\" src=\"https:\/\/dimensionturistica.com\/es\/wp-content\/uploads\/2025\/12\/8YUCATAN.jpg\" alt=\"\" class=\"wp-image-1087849\" srcset=\"https:\/\/dimensionturistica.com\/es\/wp-content\/uploads\/2025\/12\/8YUCATAN.jpg 500w, https:\/\/dimensionturistica.com\/es\/wp-content\/uploads\/2025\/12\/8YUCATAN-300x169.jpg 300w\" sizes=\"(max-width: 500px) 100vw, 500px\" \/><\/figure>\n<\/figure>\n\n\n\n<p>Estas acciones se reforzaron con 22 campa\u00f1as cooperativas en mercados nacionales, europeos y norteamericanos, con una inversi\u00f3n de 8.5 millones de pesos, adem\u00e1s de una estrategia de relaciones p\u00fablicas que atendi\u00f3 112 producciones nacionales e internacionales, consolidando la visibilidad global del destino.<\/p>\n\n\n\n<p>\u201cSantuario Maya\u201d: identidad, sostenibilidad y valor cultural<\/p>\n\n\n\n<p>La campa\u00f1a institucional \u201cSantuario Maya\u201d es el eje rector de la promoci\u00f3n tur\u00edstica de Yucat\u00e1n.<\/p>\n\n\n\n<p>Su narrativa pone en valor la cultura maya viva, la naturaleza, la gastronom\u00eda y el turismo comunitario, posicionando al estado como un destino sostenible y aut\u00e9ntico. La campa\u00f1a integra segmentos estrat\u00e9gicos como turismo de reuniones, romance, wellness y lujo, y se difunde en medios tradicionales y digitales a nivel nacional e internacional.<\/p>\n\n\n\n<p>Turismo comunitario, gastronom\u00eda y bienestar<\/p>\n\n\n\n<figure class=\"wp-block-gallery has-nested-images columns-default is-cropped wp-block-gallery-5 is-layout-flex wp-block-gallery-is-layout-flex\">\n<figure class=\"wp-block-image size-large\"><img decoding=\"async\" width=\"500\" height=\"301\" data-id=\"1087850\" src=\"https:\/\/dimensionturistica.com\/es\/wp-content\/uploads\/2025\/12\/4YUCATAN.jpg\" alt=\"\" class=\"wp-image-1087850\" srcset=\"https:\/\/dimensionturistica.com\/es\/wp-content\/uploads\/2025\/12\/4YUCATAN.jpg 500w, https:\/\/dimensionturistica.com\/es\/wp-content\/uploads\/2025\/12\/4YUCATAN-300x181.jpg 300w\" sizes=\"(max-width: 500px) 100vw, 500px\" \/><\/figure>\n<\/figure>\n\n\n\n<p>Yucat\u00e1n ha fortalecido su propuesta tur\u00edstica a partir del turismo comunitario, mediante programas y cat\u00e1logos desarrollados en alianza con UNESCO M\u00e9xico, Airbnb y cooperativas locales, impulsando experiencias aut\u00e9nticas en comunidades mayas y el posicionamiento de sus siete Pueblos M\u00e1gicos. En 2025, el estado fue distinguido como Capital Iberoamericana de la Cultura Gastron\u00f3mica Precolombina, consolidando su valor culinario y cultural, y lanz\u00f3 la estrategia \u201cMaya Wellness\u201d, con un cl\u00faster de 87 prestadores de servicios, reafirmando su liderazgo como un destino sostenible, incluyente y de experiencias \u00fanicas con identidad propia.<\/p>\n","protected":false},"excerpt":{"rendered":"<p>&nbsp;Yucat\u00e1n contin\u00faa consolid\u00e1ndose como uno de los destinos tur\u00edsticos m\u00e1s s\u00f3lidos y competitivos de M\u00e9xico, impulsado por una estrategia integral que combina crecimiento econ\u00f3mico, inversi\u00f3n privada, conectividad a\u00e9rea y mar\u00edtima, promoci\u00f3n internacional y un modelo de turismo sostenible con identidad cultural. En el escenario global donde M\u00e9xico se ubica como el sexto pa\u00eds con mayor [&hellip;]<\/p>\n","protected":false},"author":1,"featured_media":0,"comment_status":"open","ping_status":"closed","sticky":false,"template":"","format":"standard","meta":{"om_disable_all_campaigns":false,"jnews-multi-image_gallery":[],"jnews_single_post":{"format":"standard"},"jnews_primary_category":[],"jnews_social_meta":[],"footnotes":""},"categories":[39],"tags":[],"class_list":["post-1087845","post","type-post","status-publish","format-standard","hentry","category-viajes"],"_links":{"self":[{"href":"https:\/\/dimensionturistica.com\/es\/wp-json\/wp\/v2\/posts\/1087845","targetHints":{"allow":["GET"]}}],"collection":[{"href":"https:\/\/dimensionturistica.com\/es\/wp-json\/wp\/v2\/posts"}],"about":[{"href":"https:\/\/dimensionturistica.com\/es\/wp-json\/wp\/v2\/types\/post"}],"author":[{"embeddable":true,"href":"https:\/\/dimensionturistica.com\/es\/wp-json\/wp\/v2\/users\/1"}],"replies":[{"embeddable":true,"href":"https:\/\/dimensionturistica.com\/es\/wp-json\/wp\/v2\/comments?post=1087845"}],"version-history":[{"count":1,"href":"https:\/\/dimensionturistica.com\/es\/wp-json\/wp\/v2\/posts\/1087845\/revisions"}],"predecessor-version":[{"id":1087852,"href":"https:\/\/dimensionturistica.com\/es\/wp-json\/wp\/v2\/posts\/1087845\/revisions\/1087852"}],"wp:attachment":[{"href":"https:\/\/dimensionturistica.com\/es\/wp-json\/wp\/v2\/media?parent=1087845"}],"wp:term":[{"taxonomy":"category","embeddable":true,"href":"https:\/\/dimensionturistica.com\/es\/wp-json\/wp\/v2\/categories?post=1087845"},{"taxonomy":"post_tag","embeddable":true,"href":"https:\/\/dimensionturistica.com\/es\/wp-json\/wp\/v2\/tags?post=1087845"}],"curies":[{"name":"wp","href":"https:\/\/api.w.org\/{rel}","templated":true}]}}