{"id":1087700,"date":"2025-12-18T14:02:38","date_gmt":"2025-12-18T14:02:38","guid":{"rendered":"https:\/\/dimensionturistica.com\/es\/?p=1087700"},"modified":"2025-12-18T14:02:38","modified_gmt":"2025-12-18T14:02:38","slug":"espana-madrid-nueva-sede-del-consejo-mundial-de-viajes-y-turismo-wttc","status":"publish","type":"post","link":"https:\/\/dimensionturistica.com\/es\/espana-madrid-nueva-sede-del-consejo-mundial-de-viajes-y-turismo-wttc\/","title":{"rendered":"Espa\u00f1a (Madrid), nueva sede del Consejo Mundial de Viajes y Turismo (WTTC)"},"content":{"rendered":"\n<figure class=\"wp-block-gallery has-nested-images columns-default is-cropped wp-block-gallery-1 is-layout-flex wp-block-gallery-is-layout-flex\">\n<figure class=\"wp-block-image size-large\"><img decoding=\"async\" width=\"500\" height=\"494\" data-id=\"1087701\" src=\"https:\/\/dimensionturistica.com\/es\/wp-content\/uploads\/2025\/12\/1VIAJES.jpg\" alt=\"\" class=\"wp-image-1087701\" srcset=\"https:\/\/dimensionturistica.com\/es\/wp-content\/uploads\/2025\/12\/1VIAJES.jpg 500w, https:\/\/dimensionturistica.com\/es\/wp-content\/uploads\/2025\/12\/1VIAJES-300x296.jpg 300w, https:\/\/dimensionturistica.com\/es\/wp-content\/uploads\/2025\/12\/1VIAJES-75x75.jpg 75w\" sizes=\"(max-width: 500px) 100vw, 500px\" \/><\/figure>\n<\/figure>\n\n\n\n<p>El Consejo Mundial de Viajes y Turismo (WTTC, por sus siglas en ingl\u00e9s) anunci\u00f3 hoy que su Comit\u00e9 Operativo aprob\u00f3 por unanimidad a Espa\u00f1a (Madrid), como la nueva sede de la Oficina Global de la organizaci\u00f3n, la cual contribuir\u00e1 a generar un valor tangible para sus miembros y a impulsar el potencial de crecimiento del sector.<\/p>\n\n\n\n<p>Otros pa\u00edses manifestaron su inter\u00e9s en albergar la Oficina Global \u2014 Emiratos Arabes (Dub\u00e1i), Francia, Italia y Suiza\u2014 y los criterios de evaluaci\u00f3n se basaron en seis \u00e1reas: costos de alquiler y operaci\u00f3n de oficinas; entorno fiscal, incentivos y competitividad; marcos de visados acelerados y permisos de trabajo en el destino; apoyo gubernamental; costo de vida para atraer y retener talento; y proximidad a organizaciones internacionales.<\/p>\n\n\n\n<p>La decisi\u00f3n de elegir a Espa\u00f1a (Madrid) fue respaldada por los 17 miembros del Comit\u00e9 Operativo del WTTC, tras una evaluaci\u00f3n exhaustiva de las necesidades estrat\u00e9gicas y operativas de largo plazo para&nbsp; la organizaci\u00f3n. Los miembros coincidieron en que Madrid es la mejor opci\u00f3n respecto a los criterios de evaluaci\u00f3n.<\/p>\n\n\n\n<figure class=\"wp-block-gallery has-nested-images columns-default is-cropped wp-block-gallery-2 is-layout-flex wp-block-gallery-is-layout-flex\">\n<figure class=\"wp-block-image size-large\"><img decoding=\"async\" width=\"500\" height=\"434\" data-id=\"1087705\" src=\"https:\/\/dimensionturistica.com\/es\/wp-content\/uploads\/2025\/12\/3VIAJES.jpg\" alt=\"\" class=\"wp-image-1087705\" srcset=\"https:\/\/dimensionturistica.com\/es\/wp-content\/uploads\/2025\/12\/3VIAJES.jpg 500w, https:\/\/dimensionturistica.com\/es\/wp-content\/uploads\/2025\/12\/3VIAJES-300x260.jpg 300w\" sizes=\"(max-width: 500px) 100vw, 500px\" \/><\/figure>\n<\/figure>\n\n\n\n<p>Los desaf\u00edos vinculados al Brexit, como las restricciones a la movilidad del talento, hicieron que el Reino Unido resultara menos atractivo, en un momento en el que el WTTC busca seguir fortaleciendo su posici\u00f3n de liderazgo y ser a\u00fan m\u00e1s \u00e1gil dentro del sector.<\/p>\n\n\n\n<p>El establecimiento de una oficina en Espa\u00f1a (Madrid) otorga al WTTC acceso inmediato a un grupo de talento significativamente m\u00e1s amplio y diverso, que abarca cerca de 350 millones de profesionales calificados en la regi\u00f3n, as\u00ed como proximidad a organizaciones internacionales, lo que permitir\u00e1 una colaboraci\u00f3n estructurada.<\/p>\n\n\n\n<p>Espa\u00f1a (Madrid) tambi\u00e9n fue seleccionada por su s\u00f3lida conectividad internacional, a trav\u00e9s del Aeropuerto Adolfo Su\u00e1rez Madrid-Barajas, su entorno empresarial competitivo, el apoyo gubernamental, las sinergias con organizaciones internacionales del sector como ONU Turismo, y su alineaci\u00f3n con la misi\u00f3n global del WTTC.<\/p>\n\n\n\n<p>La nueva oficina formar\u00e1 parte central de la red mundial del WTTC, apoyando sus altamente reconocidas actividades de defensa del sector, investigaci\u00f3n y vinculaci\u00f3n con sus miembros a nivel global.<\/p>\n\n\n\n<p>Manfredi Lefebvre, Presidente del Consejo de Administraci\u00f3n del WTTC, se\u00f1al\u00f3:<\/p>\n\n\n\n<p>\u201cLa decisi\u00f3n un\u00e1nime de establecer nuestra Oficina Global en Espa\u00f1a refleja una visi\u00f3n clara dentro del Comit\u00e9 Operativo sobre lo que el WTTC necesita para tener \u00e9xito en los pr\u00f3ximos a\u00f1os. Este paso garantiza que operemos de manera m\u00e1s eficiente, que entreguemos mayor valor a nuestros miembros, que tengamos acceso al mejor talento global y que mantengamos una verdadera perspectiva internacional, con el s\u00f3lido respaldo del gobierno espa\u00f1ol. El 2026 ser\u00e1 un a\u00f1o en el que transformaremos al WTTC para que est\u00e9 m\u00e1s enfocado en sus miembros, con una mayor capacidad de investigaci\u00f3n y una defensa m\u00e1s profunda ante los gobiernos en el sector de viajes y turismo\u201d.<\/p>\n\n\n\n<p>Por su parte, Gloria Guevara, CEO y Presidenta Interina del WTTC, a\u00f1adi\u00f3:<\/p>\n\n\n\n<figure class=\"wp-block-gallery has-nested-images columns-default is-cropped wp-block-gallery-3 is-layout-flex wp-block-gallery-is-layout-flex\">\n<figure class=\"wp-block-image size-large\"><img decoding=\"async\" width=\"500\" height=\"281\" data-id=\"1087706\" src=\"https:\/\/dimensionturistica.com\/es\/wp-content\/uploads\/2025\/12\/4VOAJES.jpg\" alt=\"\" class=\"wp-image-1087706\" srcset=\"https:\/\/dimensionturistica.com\/es\/wp-content\/uploads\/2025\/12\/4VOAJES.jpg 500w, https:\/\/dimensionturistica.com\/es\/wp-content\/uploads\/2025\/12\/4VOAJES-300x169.jpg 300w\" sizes=\"(max-width: 500px) 100vw, 500px\" \/><\/figure>\n<\/figure>\n\n\n\n<p>\u201cQueremos agradecer al gobierno de Espa\u00f1a por su apoyo durante este proceso para crear la nueva Oficina Global del WTTC. Espa\u00f1a ha priorizado al sector de viajes y turismo y entiende claramente la enorme contribuci\u00f3n que esta industria realiza al crecimiento global. Estar ubicados en una ciudad competitiva como Madrid ayudar\u00e1 al WTTC a fortalecerse a\u00fan m\u00e1s, a ofrecer una relaci\u00f3n m\u00e1s cercana con nuestros miembros en todo el mundo y a desempe\u00f1ar un papel clave en el asesoramiento sobre el desarrollo de pol\u00edticas que impulsen el crecimiento del turismo y la creaci\u00f3n de empleo entre nuestros miembros.<\/p>\n\n\n\n<p>Asimismo, quiero agradecer a los otros pa\u00edses que manifestaron su inter\u00e9s en albergar la nueva Oficina Global del WTTC \u2014 Francia, Italia, Suiza y Emiratos Arabes (Dub\u00e1i)\u2014 Nos sentimos honrados por el enorme inter\u00e9s mostrado por gobiernos de todo el mundo\u201d.<\/p>\n","protected":false},"excerpt":{"rendered":"<p>El Consejo Mundial de Viajes y Turismo (WTTC, por sus siglas en ingl\u00e9s) anunci\u00f3 hoy que su Comit\u00e9 Operativo aprob\u00f3 por unanimidad a Espa\u00f1a (Madrid), como la nueva sede de la Oficina Global de la organizaci\u00f3n, la cual contribuir\u00e1 a generar un valor tangible para sus miembros y a impulsar el potencial de crecimiento del [&hellip;]<\/p>\n","protected":false},"author":1,"featured_media":0,"comment_status":"open","ping_status":"closed","sticky":false,"template":"","format":"standard","meta":{"om_disable_all_campaigns":false,"jnews-multi-image_gallery":[],"jnews_single_post":[],"jnews_primary_category":[],"jnews_social_meta":[],"footnotes":""},"categories":[39],"tags":[],"class_list":["post-1087700","post","type-post","status-publish","format-standard","hentry","category-viajes"],"_links":{"self":[{"href":"https:\/\/dimensionturistica.com\/es\/wp-json\/wp\/v2\/posts\/1087700","targetHints":{"allow":["GET"]}}],"collection":[{"href":"https:\/\/dimensionturistica.com\/es\/wp-json\/wp\/v2\/posts"}],"about":[{"href":"https:\/\/dimensionturistica.com\/es\/wp-json\/wp\/v2\/types\/post"}],"author":[{"embeddable":true,"href":"https:\/\/dimensionturistica.com\/es\/wp-json\/wp\/v2\/users\/1"}],"replies":[{"embeddable":true,"href":"https:\/\/dimensionturistica.com\/es\/wp-json\/wp\/v2\/comments?post=1087700"}],"version-history":[{"count":1,"href":"https:\/\/dimensionturistica.com\/es\/wp-json\/wp\/v2\/posts\/1087700\/revisions"}],"predecessor-version":[{"id":1087707,"href":"https:\/\/dimensionturistica.com\/es\/wp-json\/wp\/v2\/posts\/1087700\/revisions\/1087707"}],"wp:attachment":[{"href":"https:\/\/dimensionturistica.com\/es\/wp-json\/wp\/v2\/media?parent=1087700"}],"wp:term":[{"taxonomy":"category","embeddable":true,"href":"https:\/\/dimensionturistica.com\/es\/wp-json\/wp\/v2\/categories?post=1087700"},{"taxonomy":"post_tag","embeddable":true,"href":"https:\/\/dimensionturistica.com\/es\/wp-json\/wp\/v2\/tags?post=1087700"}],"curies":[{"name":"wp","href":"https:\/\/api.w.org\/{rel}","templated":true}]}}