{"id":108739,"date":"2021-04-06T23:31:30","date_gmt":"2021-04-06T23:31:30","guid":{"rendered":"https:\/\/dimensionturistica.com\/es\/?p=108739"},"modified":"2021-04-06T23:31:30","modified_gmt":"2021-04-06T23:31:30","slug":"el-viaje-a-aspen-con-el-que-carolyn-adams-sorprendio-al-hijo-mayor-de-amlo","status":"publish","type":"post","link":"https:\/\/dimensionturistica.com\/es\/el-viaje-a-aspen-con-el-que-carolyn-adams-sorprendio-al-hijo-mayor-de-amlo\/","title":{"rendered":"El viaje a Aspen con el que Carolyn Adams sorprendi\u00f3 al hijo mayor de AMLO"},"content":{"rendered":"<p> <br \/>\n<\/p>\n<div>\n<p>En redes sociales, sobre todo en Twitter, circularon fotos estilo &#8220;paparazzi&#8221; de las vacaciones de la familia tomadas por algunos cibernautas, pero fue la misma Carolyn quien poste\u00f3 detalles del viaje del que fue c\u00f3mplice su hija Natalia, fruto de una relaci\u00f3n anterior.<\/p>\n<p>\u201cMis amores\u2026 &#8220;Familia completa\u201d, escribi\u00f3 junto a una foto en la que posa en las monta\u00f1as con su esposo, su hija y Salom\u00f3n, el primer nieto de AMLO, que el pasado mes de enero cumpli\u00f3 un a\u00f1o.<\/p>\n<p>\u201cFeliz cumplea\u00f1os mi amorsote. Que dios te colme de felicidad y que haga todos tus sue\u00f1os realidad, que sigas siendo el ser maravilloso, bondadoso, noble y pap\u00e1 incre\u00edble que eres. Gracias por tanto beb\u00e9, te amamos Jos\u00e9! #Capitandemicrucero\u201d, fue la dedicatoria para L\u00f3pez Beltr\u00e1n.<\/p>\n<div class=\"Enhancement\">\n           <span class=\"Enhancement-item\"> <\/p>\n<figure class=\"Figure\" itemscope=\"\" itemtype=\"http:\/\/schema.org\/ImageObject\">\n             <img loading=\"lazy\" decoding=\"async\" src=\"https:\/\/cdn-3.expansion.mx\/dims4\/default\/7d70af6\/2147483647\/strip\/true\/crop\/1073x1074+0+0\/resize\/600x601!\/quality\/90\/?url=https%3A%2F%2Fcdn-3.expansion.mx%2Fb7%2F12%2F23c3e175448a8739bed21ab4199a%2Funnamed-1.jpg\" class=\"lazyload\" alt=\"unnamed-1.jpg\" srcset=\"https:\/\/cdn-3.expansion.mx\/dims4\/default\/7d70af6\/2147483647\/strip\/true\/crop\/1073x1074+0+0\/resize\/600x601!\/quality\/90\/?url=https%3A%2F%2Fcdn-3.expansion.mx%2Fb7%2F12%2F23c3e175448a8739bed21ab4199a%2Funnamed-1.jpg 1x,https:\/\/cdn-3.expansion.mx\/dims4\/default\/37fd8b4\/2147483647\/strip\/true\/crop\/1073x1074+0+0\/resize\/1200x1202!\/quality\/90\/?url=https%3A%2F%2Fcdn-3.expansion.mx%2Fb7%2F12%2F23c3e175448a8739bed21ab4199a%2Funnamed-1.jpg 2x\" width=\"600\" height=\"601\"\/><figcaption class=\"Figure-info\">\n              <span class=\"Figure-caption\" itemprop=\"caption\"><b>Carolyn Adams<\/b><\/span><br \/>\n              <span class=\"Figure-credit\" itemprop=\"author\">(Instagram\/<b>Carolyn Adams<\/b>)<\/span><br \/>\n             <\/figcaption><\/figure>\n<p> <\/span>\n          <\/div>\n<p>Carolyn siempre ha sido discreta en sus redes sociales, sobre todo despu\u00e9s del nacimiento de Salom\u00f3n y su cambio de residencia a Houston, a finales de 2019.<\/p>\n<p>Es por todos sabido que a la mam\u00e1 del hasta ahora \u00fanico nieto del presidente le gusta verse bien, no importa si se trata de un informe de gobierno en Palacio Nacional o unas vacaciones en la nieve, y por ello ha generado controversia en por lo menos un par de ocasiones. Antes del viaje a Aspen, dio de qu\u00e9 hablar por llevar una bolsa Chanel y zapatos Valentino.<\/p>\n<p>Aunque desde antes de pertenecer a la \u201cfamilia presidencial\u201d Carolyn ya compart\u00eda fotos de vuelos privados, botellas de champa\u00f1a y entradas a los eventos deportivos m\u00e1s exclusivos en Estados Unidos, M\u00e9xico y Europa, los detractores de la 4T han criticado su estilo de vida \u201cen un pa\u00eds en crisis y con un gobierno que se jacta de austero\u201d.<\/p>\n<p>No es un personaje p\u00fablico, pero se sabe que Carolyn es originaria de Brasil, tiene la ciudadan\u00eda estadounidense, habla \u00e1rabe, ingl\u00e9s, portugu\u00e9s y espa\u00f1ol (vivi\u00f3 muchos a\u00f1os en los Emiratos \u00c1rabes Unidos mientras colaboraba para una compa\u00f1\u00eda brit\u00e1nica) y que actualmente trabaja en la empresa petrolera Cava Power, proveedora en la construcci\u00f3n de gasoductos de Petr\u00f3leos Mexicanos.<\/p>\n<\/p><\/div>\n<p><script>\n    window.fbAsyncInit = function() {\n        FB.init({\n                appId : '580735355658488',\n            cookie     : true,\n            xfbml      : true,\n            version    : 'v8.0'\n        });\n        FB.AppEvents.logPageView();\n    };\n    (function(d, s, id){\n        var js, fjs = d.getElementsByTagName(s)[0];\n        if (d.getElementById(id)) {return;}\n        js = d.createElement(s); js.id = id;\n        js.src = \"https:\/\/connect.facebook.net\/en_US\/sdk.js\";\n        fjs.parentNode.insertBefore(js, fjs);\n    }(document, 'script', 'facebook-jssdk'));\n<\/script><br \/>\n<br \/><\/p>\n<p><em> &#8221; Fuentes www.quien.com &#8221; <\/em><\/p>\n","protected":false},"excerpt":{"rendered":"<p>En redes sociales, sobre todo en Twitter, circularon fotos estilo &#8220;paparazzi&#8221; de las vacaciones de la familia tomadas por algunos cibernautas, pero fue la misma Carolyn quien poste\u00f3 detalles del viaje del que fue c\u00f3mplice su hija Natalia, fruto de una relaci\u00f3n anterior. \u201cMis amores\u2026 &#8220;Familia completa\u201d, escribi\u00f3 junto a una foto en la que [&hellip;]<\/p>\n","protected":false},"author":4,"featured_media":108740,"comment_status":"open","ping_status":"closed","sticky":false,"template":"","format":"standard","meta":{"om_disable_all_campaigns":false,"jnews-multi-image_gallery":[],"jnews_single_post":[],"jnews_primary_category":[],"jnews_social_meta":[],"footnotes":""},"categories":[39],"tags":[973,21590,21589,21591,546],"class_list":["post-108739","post","type-post","status-publish","format-standard","has-post-thumbnail","hentry","category-viajes","tag-amlo","tag-carolyn-adams","tag-jose-ramon-lopez","tag-nuera-amlo","tag-politica"],"_links":{"self":[{"href":"https:\/\/dimensionturistica.com\/es\/wp-json\/wp\/v2\/posts\/108739","targetHints":{"allow":["GET"]}}],"collection":[{"href":"https:\/\/dimensionturistica.com\/es\/wp-json\/wp\/v2\/posts"}],"about":[{"href":"https:\/\/dimensionturistica.com\/es\/wp-json\/wp\/v2\/types\/post"}],"author":[{"embeddable":true,"href":"https:\/\/dimensionturistica.com\/es\/wp-json\/wp\/v2\/users\/4"}],"replies":[{"embeddable":true,"href":"https:\/\/dimensionturistica.com\/es\/wp-json\/wp\/v2\/comments?post=108739"}],"version-history":[{"count":0,"href":"https:\/\/dimensionturistica.com\/es\/wp-json\/wp\/v2\/posts\/108739\/revisions"}],"wp:featuredmedia":[{"embeddable":true,"href":"https:\/\/dimensionturistica.com\/es\/wp-json\/wp\/v2\/media\/108740"}],"wp:attachment":[{"href":"https:\/\/dimensionturistica.com\/es\/wp-json\/wp\/v2\/media?parent=108739"}],"wp:term":[{"taxonomy":"category","embeddable":true,"href":"https:\/\/dimensionturistica.com\/es\/wp-json\/wp\/v2\/categories?post=108739"},{"taxonomy":"post_tag","embeddable":true,"href":"https:\/\/dimensionturistica.com\/es\/wp-json\/wp\/v2\/tags?post=108739"}],"curies":[{"name":"wp","href":"https:\/\/api.w.org\/{rel}","templated":true}]}}