{"id":1087350,"date":"2025-12-17T22:16:25","date_gmt":"2025-12-17T22:16:25","guid":{"rendered":"https:\/\/dimensionturistica.com\/es\/?p=1087350"},"modified":"2025-12-17T22:16:25","modified_gmt":"2025-12-17T22:16:25","slug":"asetur-alista-la-participacion-de-mexico-en-las-ferias-internacionales-de-turismo-en-2026","status":"publish","type":"post","link":"https:\/\/dimensionturistica.com\/es\/asetur-alista-la-participacion-de-mexico-en-las-ferias-internacionales-de-turismo-en-2026\/","title":{"rendered":"ASETUR alista la participaci\u00f3n de M\u00e9xico en las ferias internacionales de turismo en 2026"},"content":{"rendered":"\n<p><\/p>\n\n\n\n<figure class=\"wp-block-gallery has-nested-images columns-default is-cropped wp-block-gallery-1 is-layout-flex wp-block-gallery-is-layout-flex\">\n<figure class=\"wp-block-image size-large\"><img decoding=\"async\" width=\"500\" height=\"104\" data-id=\"1087351\" src=\"https:\/\/dimensionturistica.com\/es\/wp-content\/uploads\/2025\/12\/9ASETUR.jpg\" alt=\"\" class=\"wp-image-1087351\" srcset=\"https:\/\/dimensionturistica.com\/es\/wp-content\/uploads\/2025\/12\/9ASETUR.jpg 500w, https:\/\/dimensionturistica.com\/es\/wp-content\/uploads\/2025\/12\/9ASETUR-300x62.jpg 300w\" sizes=\"(max-width: 500px) 100vw, 500px\" \/><\/figure>\n<\/figure>\n\n\n\n<p>El presidente de las Secretarias y Secretarios de Turismo de M\u00e9xico (ASETUR), Bernardo Cueto Riestra, dio a conocer que todo est\u00e1 listo para la participaci\u00f3n de M\u00e9xico en las principales ferias internacionales de turismo durante 2026, con la representaci\u00f3n de las 32 entidades y como parte de la estrategia para impulsar a este importante sector de la econom\u00eda nacional.<\/p>\n\n\n\n<p>En conferencia de prensa virtual, Cueto Riestra inform\u00f3 que desde ASETUR se coordinan los esfuerzos contemplados por el Gobierno de M\u00e9xico, a trav\u00e9s de la Secretar\u00eda de Turismo (Sectur) para la hist\u00f3rica presencia de M\u00e9xico como Pa\u00eds Socio en la Feria Internacional de Turismo 2026 (FITUR), en Madrid, Espa\u00f1a, y que por primera vez contar\u00e1 con la representaci\u00f3n de los 32 estados.<\/p>\n\n\n\n<figure class=\"wp-block-gallery has-nested-images columns-default is-cropped wp-block-gallery-2 is-layout-flex wp-block-gallery-is-layout-flex\">\n<figure class=\"wp-block-image size-large\"><img decoding=\"async\" width=\"500\" height=\"274\" data-id=\"1087352\" src=\"https:\/\/dimensionturistica.com\/es\/wp-content\/uploads\/2025\/12\/7ASETUR.jpg\" alt=\"\" class=\"wp-image-1087352\" srcset=\"https:\/\/dimensionturistica.com\/es\/wp-content\/uploads\/2025\/12\/7ASETUR.jpg 500w, https:\/\/dimensionturistica.com\/es\/wp-content\/uploads\/2025\/12\/7ASETUR-300x164.jpg 300w\" sizes=\"(max-width: 500px) 100vw, 500px\" \/><\/figure>\n<\/figure>\n\n\n\n<p>Inform\u00f3 que, entre las actividades programadas, el pr\u00f3ximo 19 de enero se llevar\u00e1 a cabo un desayuno con el apoyo de la Asociaci\u00f3n Nacional de Cadenas Hoteleras (ANCH) en donde las secretarias y secretarios de Turismo de M\u00e9xico se reunir\u00e1n con empresarios mexicanos, espa\u00f1oles y de otras partes del mundo con el prop\u00f3sito de impulsar la inversi\u00f3n tur\u00edstica en los diferentes destinos nacionales.<\/p>\n\n\n\n<p>El presidente de ASETUR indic\u00f3 tambi\u00e9n que, durante la 66 Asamblea, celebrada la semana pasada, la secretaria de Turismo de Jalisco, Michelle Fridman Hirsch, present\u00f3 los detalles de la feria ITB Am\u00e9ricas, primera feria internacional que tendr\u00e1 como sede nuestro pa\u00eds del 10 al 12 de noviembre de 2026, en Guadalajara.<\/p>\n\n\n\n<p>Se\u00f1al\u00f3 que este evento permitir\u00e1 mostrar a M\u00e9xico como importante destino de la industria de reuniones al albergar esta importante feria tur\u00edstica, adem\u00e1s de potenciar el posicionamiento del producto tur\u00edstico de nuestro pa\u00eds ante el mundo.<\/p>\n\n\n\n<p>ferias internacionales<\/p>\n\n\n\n<figure class=\"wp-block-gallery has-nested-images columns-default is-cropped wp-block-gallery-3 is-layout-flex wp-block-gallery-is-layout-flex\">\n<figure class=\"wp-block-image size-full\"><img decoding=\"async\" width=\"500\" height=\"322\" data-id=\"1087354\" src=\"https:\/\/dimensionturistica.com\/es\/wp-content\/uploads\/2025\/12\/3ASETUR.jpg\" alt=\"\" class=\"wp-image-1087354\" srcset=\"https:\/\/dimensionturistica.com\/es\/wp-content\/uploads\/2025\/12\/3ASETUR.jpg 500w, https:\/\/dimensionturistica.com\/es\/wp-content\/uploads\/2025\/12\/3ASETUR-300x193.jpg 300w\" sizes=\"(max-width: 500px) 100vw, 500px\" \/><\/figure>\n<\/figure>\n\n\n\n<p>Como parte de las acciones para promover el turismo de cruceros, Cueto Riestra mencion\u00f3 los acuerdos alcanzados en la pasada reuni\u00f3n con la Asociaci\u00f3n de Cruceros de Florida y el Caribe (FCCA, por sus siglas en ingl\u00e9s), que agrupa a las principales navieras que operan en M\u00e9xico; y con quienes desde ASETUR se suman esfuerzos, no solo con los destinos que reciben cruceros sino con todos para incrementar la compra de bienes y proveedur\u00eda mexicana, adem\u00e1s de impulsar la comercializaci\u00f3n de artesan\u00edas, buscar m\u00e1s inversi\u00f3n y mayor derrama econ\u00f3mica de los cruceristas.<\/p>\n\n\n\n<p>En ese tenor, el secretario de Turismo de Yucat\u00e1n, Dar\u00edo Flota Ocampo, resalt\u00f3 que M\u00e9xico tambi\u00e9n participar\u00e1 en el Seatrade Cruise Global, la feria especializada en turismo de cruceros a nivel global, que se llevar\u00e1 a cabo del 13 al 16 de abril de 2026, en Miami, Florida, en la cual se tendr\u00e1 la presencia de siete estados del pa\u00eds de manera unida y coordinada, en l\u00ednea con el objetivo de incrementar la llegada de embarcaciones y cruceristas, as\u00ed como fomentar la proveedur\u00eda mexicana, ser un escaparate para el trabajo artesanal y fomentar el empleo de mexicanos en las tripulaciones.<\/p>\n\n\n\n<p>Por su parte, la secretaria de Turismo de Hidalgo, Elizabeth Quintanar G\u00f3mez, detall\u00f3 los resultados de la 7\u00aa edici\u00f3n del Tianguis Nacional de Pueblos M\u00e1gicos, que tuvo lugar en la ciudad de Pachuca del 14 al 16 de noviembre, la cual registr\u00f3 una asistencia de 62 mil 745 personas y una derrama econ\u00f3mica de 67 millones 605 mil pesos.<\/p>\n\n\n\n<p>Subray\u00f3 que se concretaron 12 mil 130 citas de negocios que tan solo por operaciones concretadas generaron 26 millones 468 mil 758 pesos; en tanto, la derrama econ\u00f3mica en Pachuca durante esos d\u00edas fue de 24 millones 362 mil 345 pesos, y en el Recinto Ferial se alcanz\u00f3 una cifra de 16 millones 775 mil pesos.<\/p>\n\n\n\n<p>Durante la conferencia de prensa virtual, el presidente de ASETUR destac\u00f3 las acciones emprendidas durante este a\u00f1o bajo los ejes de trabajo de la Mesa Directiva a trav\u00e9s de las Comisiones de Promoci\u00f3n, Competitividad, Conectividad, Sustentabilidad y Protecci\u00f3n al Turista.<\/p>\n\n\n\n<figure class=\"wp-block-gallery has-nested-images columns-default is-cropped wp-block-gallery-4 is-layout-flex wp-block-gallery-is-layout-flex\">\n<figure class=\"wp-block-image size-large\"><img decoding=\"async\" width=\"500\" height=\"255\" data-id=\"1087353\" src=\"https:\/\/dimensionturistica.com\/es\/wp-content\/uploads\/2025\/12\/1ASETUR.jpg\" alt=\"\" class=\"wp-image-1087353\" srcset=\"https:\/\/dimensionturistica.com\/es\/wp-content\/uploads\/2025\/12\/1ASETUR.jpg 500w, https:\/\/dimensionturistica.com\/es\/wp-content\/uploads\/2025\/12\/1ASETUR-300x153.jpg 300w\" sizes=\"(max-width: 500px) 100vw, 500px\" \/><\/figure>\n<\/figure>\n\n\n\n<p>Precis\u00f3 que a lo largo del a\u00f1o se llevaron a cabo ocho Asambleas, teniendo como sedes: Nayarit, Ciudad de M\u00e9xico, Baja California, Oaxaca, Zacatecas, San Luis Potos\u00ed, Hidalgo y una virtual; y adelant\u00f3 que para 2026 varios estados han mostrado su inter\u00e9s para recibir a las secretarias y secretarios de Turismo de M\u00e9xico.<\/p>\n\n\n\n<p>\u201cEl objetivo de ASETUR es hacer del turismo una prioridad para M\u00e9xico. Con base en estas acciones se est\u00e1 logrando, pues este sector es cada vez m\u00e1s relevante en la agenda nacional y la opini\u00f3n p\u00fablica. El a\u00f1o 2026 ser\u00e1 fundamental, debemos aprovechar la oportunidad que nos dar\u00e1 recibir la Copa Mundial de Futbol, entre otras acciones, que con el trabajo en unidad que estamos llevando a cabo fortalecer\u00e1n a M\u00e9xico como referente tur\u00edstico internacional\u201d, concluy\u00f3 Bernardo Cueto.<\/p>\n","protected":false},"excerpt":{"rendered":"<p>El presidente de las Secretarias y Secretarios de Turismo de M\u00e9xico (ASETUR), Bernardo Cueto Riestra, dio a conocer que todo est\u00e1 listo para la participaci\u00f3n de M\u00e9xico en las principales ferias internacionales de turismo durante 2026, con la representaci\u00f3n de las 32 entidades y como parte de la estrategia para impulsar a este importante sector [&hellip;]<\/p>\n","protected":false},"author":1,"featured_media":0,"comment_status":"open","ping_status":"closed","sticky":false,"template":"","format":"standard","meta":{"om_disable_all_campaigns":false,"jnews-multi-image_gallery":[],"jnews_single_post":{"format":"standard"},"jnews_primary_category":[],"jnews_social_meta":[],"footnotes":""},"categories":[39],"tags":[],"class_list":["post-1087350","post","type-post","status-publish","format-standard","hentry","category-viajes"],"_links":{"self":[{"href":"https:\/\/dimensionturistica.com\/es\/wp-json\/wp\/v2\/posts\/1087350","targetHints":{"allow":["GET"]}}],"collection":[{"href":"https:\/\/dimensionturistica.com\/es\/wp-json\/wp\/v2\/posts"}],"about":[{"href":"https:\/\/dimensionturistica.com\/es\/wp-json\/wp\/v2\/types\/post"}],"author":[{"embeddable":true,"href":"https:\/\/dimensionturistica.com\/es\/wp-json\/wp\/v2\/users\/1"}],"replies":[{"embeddable":true,"href":"https:\/\/dimensionturistica.com\/es\/wp-json\/wp\/v2\/comments?post=1087350"}],"version-history":[{"count":1,"href":"https:\/\/dimensionturistica.com\/es\/wp-json\/wp\/v2\/posts\/1087350\/revisions"}],"predecessor-version":[{"id":1087356,"href":"https:\/\/dimensionturistica.com\/es\/wp-json\/wp\/v2\/posts\/1087350\/revisions\/1087356"}],"wp:attachment":[{"href":"https:\/\/dimensionturistica.com\/es\/wp-json\/wp\/v2\/media?parent=1087350"}],"wp:term":[{"taxonomy":"category","embeddable":true,"href":"https:\/\/dimensionturistica.com\/es\/wp-json\/wp\/v2\/categories?post=1087350"},{"taxonomy":"post_tag","embeddable":true,"href":"https:\/\/dimensionturistica.com\/es\/wp-json\/wp\/v2\/tags?post=1087350"}],"curies":[{"name":"wp","href":"https:\/\/api.w.org\/{rel}","templated":true}]}}