{"id":1087266,"date":"2025-12-17T19:52:13","date_gmt":"2025-12-17T19:52:13","guid":{"rendered":"https:\/\/dimensionturistica.com\/es\/?p=1087266"},"modified":"2025-12-17T19:52:13","modified_gmt":"2025-12-17T19:52:13","slug":"celebra-casio-60-anos-de-innovacion-tecnologica-de-sus-calculadoras-con-valor-para-la-educacion-de-matematicas-y-ciencias","status":"publish","type":"post","link":"https:\/\/dimensionturistica.com\/es\/celebra-casio-60-anos-de-innovacion-tecnologica-de-sus-calculadoras-con-valor-para-la-educacion-de-matematicas-y-ciencias\/","title":{"rendered":"Celebra CASIO 60 a\u00f1os de innovaci\u00f3n tecnol\u00f3gica de sus calculadoras con valor para la educaci\u00f3n de matem\u00e1ticas y ciencias."},"content":{"rendered":"\n<p><\/p>\n\n\n\n<figure class=\"wp-block-gallery has-nested-images columns-default is-cropped wp-block-gallery-1 is-layout-flex wp-block-gallery-is-layout-flex\">\n<figure class=\"wp-block-image size-large\"><img decoding=\"async\" width=\"474\" height=\"118\" data-id=\"1087267\" src=\"https:\/\/dimensionturistica.com\/es\/wp-content\/uploads\/2025\/12\/2CASIO-1.jpg\" alt=\"\" class=\"wp-image-1087267\" srcset=\"https:\/\/dimensionturistica.com\/es\/wp-content\/uploads\/2025\/12\/2CASIO-1.jpg 474w, https:\/\/dimensionturistica.com\/es\/wp-content\/uploads\/2025\/12\/2CASIO-1-300x75.jpg 300w\" sizes=\"(max-width: 474px) 100vw, 474px\" \/><\/figure>\n<\/figure>\n\n\n\n<p>&nbsp;Casio celebr\u00f3 el 60 aniversario de la primera calculadora de escritorio que dio al mundo, un desarrollo que transform\u00f3 para siempre la manera de resolver problemas y abri\u00f3 el acceso al c\u00e1lculo para millones de personas. Para conmemorar este hito, la compa\u00f1\u00eda inaugur\u00f3 el evento \u201cLas Mentes que Calcularon el Futuro\u201d, que cont\u00f3 con la presencia del Ministro de la Embajada de Jap\u00f3n en M\u00e9xico, el Sr. Tsukasa Hirota, autoridades educativas, docentes, aliados acad\u00e9micos y distribuidores para reflexionar sobre el uso de la tecnolog\u00eda Casio en el aula de matem\u00e1ticas y ciencias de M\u00e9xico; as\u00ed como la distribuci\u00f3n del producto en todo el pa\u00eds.<\/p>\n\n\n\n<p>El Ministro Hirota, ofreci\u00f3 unas palabras para enfatizar el intercambio comercial, cultural y educativo entre ambas naciones.<\/p>\n\n\n\n<p>Al inaugurar la exposici\u00f3n, el Sr Hifofumi Takeda, Director General de Casio M\u00e9xico, destac\u00f3 que \u201cla historia de la calculadora Casio es tambi\u00e9n la historia de c\u00f3mo el c\u00e1lculo se volvi\u00f3 una herramienta cotidiana y universal. Hoy celebramos a quienes han construido el conocimiento que nos permite entender el mundo y transformar la<\/p>\n\n\n\n<p>vida de las personas.\u201d<\/p>\n\n\n\n<figure class=\"wp-block-gallery has-nested-images columns-default is-cropped wp-block-gallery-2 is-layout-flex wp-block-gallery-is-layout-flex\">\n<figure class=\"wp-block-image size-large\"><img decoding=\"async\" width=\"1024\" height=\"576\" data-id=\"1087269\" src=\"https:\/\/dimensionturistica.com\/es\/wp-content\/uploads\/2025\/12\/682e19627c5f3-1024x576.webp\" alt=\"\" class=\"wp-image-1087269\" srcset=\"https:\/\/dimensionturistica.com\/es\/wp-content\/uploads\/2025\/12\/682e19627c5f3-1024x576.webp 1024w, https:\/\/dimensionturistica.com\/es\/wp-content\/uploads\/2025\/12\/682e19627c5f3-300x169.webp 300w, https:\/\/dimensionturistica.com\/es\/wp-content\/uploads\/2025\/12\/682e19627c5f3-768x432.webp 768w, https:\/\/dimensionturistica.com\/es\/wp-content\/uploads\/2025\/12\/682e19627c5f3-750x422.webp 750w, https:\/\/dimensionturistica.com\/es\/wp-content\/uploads\/2025\/12\/682e19627c5f3-1140x641.webp 1140w, https:\/\/dimensionturistica.com\/es\/wp-content\/uploads\/2025\/12\/682e19627c5f3.webp 1280w\" sizes=\"(max-width: 1024px) 100vw, 1024px\" \/><\/figure>\n<\/figure>\n\n\n\n<p>La exhibici\u00f3n recorre seis d\u00e9cadas de innovaci\u00f3n y muestra c\u00f3mo la evoluci\u00f3n del c\u00e1lculo ha permitido avances tecnol\u00f3gicos, descubrimientos cient\u00edficos y transformaciones sociales en todo el mundo. Desde la forma en que abrimos una app, elegimos m\u00fasica, conducimos un coche o presenciamos un lanzamiento espacial, el c\u00e1lculo forma parte de nuestra vida diaria de manera tan natural que a menudo pasa desapercibido.<\/p>\n\n\n\n<p>El evento tambi\u00e9n present\u00f3 los resultados del programa Casio Educaci\u00f3n, una iniciativa que por m\u00e1s de 20 a\u00f1os ha impulsado la formaci\u00f3n matem\u00e1tica y cient\u00edfica en M\u00e9xico. Su filosof\u00eda es clara: la tecnolog\u00eda debe acompa\u00f1ar al aprendizaje, no sustituirlo.<\/p>\n\n\n\n<p>El Lic Alfredo Cano, Director del Programa Casio Educaci\u00f3n en nuestro pa\u00eds afirm\u00f3:<\/p>\n\n\n\n<p>\u201cNuestro compromiso es social y educativo: ofrecemos herramientas que fortalecen al docente y abren oportunidades para los estudiantes. Y lo hacemos con acceso gratuito, acompa\u00f1amiento y colaboraci\u00f3n institucional.\u201d<\/p>\n\n\n\n<p>Adem\u00e1s, Casio Educaci\u00f3n ha construido alianzas con instituciones como el TecNM, DGETI, EBC, ANPM, CLAME, SMM, RMEE y SOMIDEM, lo que ha convertido a M\u00e9xico en un punto de referencia regional para proyectos de innovaci\u00f3n educativa.<\/p>\n\n\n\n<p>Por su parte la Dra. Claudia M\u00e9ndez, Coordinadora Acad\u00e9mica de Casio Educaci\u00f3n en M\u00e9xico, coment\u00f3: \u201cEl programa pone a disposici\u00f3n de los docentes una plataforma educativa denominada Casio Teacher Members CTM, en la que se ofrecen recursos que nacen de la investigaci\u00f3n pedag\u00f3gica, apegada a los programas de estudio y en colaboraci\u00f3n con las autoridades educativas\u201d, y comparti\u00f3 algunos de los impactos que ha logrado el programa a nivel nacional:<\/p>\n\n\n\n<p>\u2022 M\u00e1s de 78 mil docentes han participado en actividades de formaci\u00f3n.<\/p>\n\n\n\n<figure class=\"wp-block-gallery has-nested-images columns-default is-cropped wp-block-gallery-3 is-layout-flex wp-block-gallery-is-layout-flex\">\n<figure class=\"wp-block-image size-large\"><img decoding=\"async\" width=\"500\" height=\"312\" data-id=\"1087272\" src=\"https:\/\/dimensionturistica.com\/es\/wp-content\/uploads\/2025\/12\/1CASIO.jpg\" alt=\"\" class=\"wp-image-1087272\" srcset=\"https:\/\/dimensionturistica.com\/es\/wp-content\/uploads\/2025\/12\/1CASIO.jpg 500w, https:\/\/dimensionturistica.com\/es\/wp-content\/uploads\/2025\/12\/1CASIO-300x187.jpg 300w\" sizes=\"(max-width: 500px) 100vw, 500px\" \/><\/figure>\n<\/figure>\n\n\n\n<p>\u2022 M\u00e1s de 20 mil escuelas han trabajado con los recursos que ofrece el programa.<\/p>\n\n\n\n<p>\u2022 M\u00e1s de 15 millones de estudiantes han sido beneficiados en dos d\u00e9cadas.<\/p>\n\n\n\n<p>\u2022 120 mil estudiantes han utilizado Casio Lab.<\/p>\n\n\n\n<p>\u2022 40 millones de reproducciones de videos en colaboraci\u00f3n con Edutubers producidos con tecnolog\u00eda Casio.<\/p>\n\n\n\n<p>Para impulsar el aprendizaje y la conexi\u00f3n con las nuevas generaciones, populares Edutubers, aliados de Casio Educaci\u00f3n, como: Daniel Carre\u00f3n; Alejandro Andal\u00f3n de \u201cMath2Me\u201d; Marisol Maldonado de \u201cEstudia con Marisol\u201d y Jes\u00fas Grajeda de \u201cMatem\u00e1ticas con Grajeda\u201d, estuvieron presentes para compartir su experiencia incorporando la tecnolog\u00eda y los recursos de Casio Educaci\u00f3n en sus canales.<\/p>\n\n\n\n<p>Durante el evento, se llev\u00f3 a cabo un mesa redonda de expertos, en la que,participaron: la Dra. Guadalupe Sim\u00f3n, Presidenta de la Red CIMATES; Dr. Francisco Cordero, Jefe del Dpto. Matem\u00e1tica Educativa CINVESTAV; Dr. Rodrigo Lugo,<\/p>\n\n\n\n<p>Presidente Nacional de Pensamiento Matem\u00e1tico de la DGETI; Dr. Rolando L\u00f3pez,&nbsp; Director General de DGETI y la Dra. Claudia M\u00e9ndez, Coordinadora Casio Educaci\u00f3n, como moderadora, donde se discutieron los retos del sistema educativo y las acciones que cada uno de los participantes realiza desde sus instituciones.<\/p>\n\n\n\n<figure class=\"wp-block-gallery has-nested-images columns-default is-cropped wp-block-gallery-4 is-layout-flex wp-block-gallery-is-layout-flex\">\n<figure class=\"wp-block-image size-large\"><img decoding=\"async\" width=\"500\" height=\"332\" data-id=\"1087274\" src=\"https:\/\/dimensionturistica.com\/es\/wp-content\/uploads\/2025\/12\/4CASIO.jpg\" alt=\"\" class=\"wp-image-1087274\" srcset=\"https:\/\/dimensionturistica.com\/es\/wp-content\/uploads\/2025\/12\/4CASIO.jpg 500w, https:\/\/dimensionturistica.com\/es\/wp-content\/uploads\/2025\/12\/4CASIO-300x199.jpg 300w\" sizes=\"(max-width: 500px) 100vw, 500px\" \/><\/figure>\n<\/figure>\n\n\n\n<p>Adem\u00e1s, el Mtro. Jes\u00fas Ponce, Master Trainer de Casio Educaci\u00f3n present\u00f3 las innovaciones tecnol\u00f3gicas de Casio para el escenario escolar, entre las que destacan la calculadora cient\u00edfica con generaci\u00f3n de c\u00f3digo QR, financiera cumpliendo con la diversidad de programas educativos y graficadora con mejor visualizaci\u00f3n de gr\u00e1ficos, adem\u00e1s de incluir en todas ellas sus nuevos dise\u00f1os y est\u00e9tica incorporados a su l\u00ednea de productos.<\/p>\n\n\n\n<p>Tambi\u00e9n habl\u00f3 sobre la pirater\u00eda en calculadoras y las acciones que Casio toma para proteger la confianza que el consumidor ha depositado en la marca, ofreciendo siempre calidad, precisi\u00f3n y anunci\u00f3 que entre otras medidas ha extendido a 3 a\u00f1os la garant\u00eda de las calculadoras Classwiz y Graficadoras.<\/p>\n\n\n\n<p>El Lic. Cano, tambi\u00e9n subray\u00f3 el compromiso de la compa\u00f1\u00eda. \u201cNuestra filosof\u00eda de creatividad y contribuci\u00f3n incluye responsabilidad social, con programas como Casio Educaci\u00f3n que premite la inclusi\u00f3n y alcance a comunidades menos favorecidas. Adem\u00e1s, cuidamos del entorno, con acciones concretas en empaques y materiales. Innovamos para las personas y para el futuro del planeta\u201d, coment\u00f3.<\/p>\n\n\n\n<p>Despu\u00e9s de todo un d\u00eda de actividades, el evento concluy\u00f3 con un llamado a la acci\u00f3n para sumar esfuerzos en la ense\u00f1anza de matem\u00e1ticaCasio colabora con el desarrollo de tecnolog\u00eda para la movilidad social y la competitividad. Invitamos a todos los actores educativos a construir este futuro con nosotros\u201d, se\u00f1al\u00f3 el equipo de Casio Educaci\u00f3n.<\/p>\n","protected":false},"excerpt":{"rendered":"<p>&nbsp;Casio celebr\u00f3 el 60 aniversario de la primera calculadora de escritorio que dio al mundo, un desarrollo que transform\u00f3 para siempre la manera de resolver problemas y abri\u00f3 el acceso al c\u00e1lculo para millones de personas. Para conmemorar este hito, la compa\u00f1\u00eda inaugur\u00f3 el evento \u201cLas Mentes que Calcularon el Futuro\u201d, que cont\u00f3 con la [&hellip;]<\/p>\n","protected":false},"author":1,"featured_media":0,"comment_status":"open","ping_status":"closed","sticky":false,"template":"","format":"standard","meta":{"om_disable_all_campaigns":false,"jnews-multi-image_gallery":[],"jnews_single_post":[],"jnews_primary_category":[],"jnews_social_meta":[],"footnotes":""},"categories":[40],"tags":[],"class_list":["post-1087266","post","type-post","status-publish","format-standard","hentry","category-industria"],"_links":{"self":[{"href":"https:\/\/dimensionturistica.com\/es\/wp-json\/wp\/v2\/posts\/1087266","targetHints":{"allow":["GET"]}}],"collection":[{"href":"https:\/\/dimensionturistica.com\/es\/wp-json\/wp\/v2\/posts"}],"about":[{"href":"https:\/\/dimensionturistica.com\/es\/wp-json\/wp\/v2\/types\/post"}],"author":[{"embeddable":true,"href":"https:\/\/dimensionturistica.com\/es\/wp-json\/wp\/v2\/users\/1"}],"replies":[{"embeddable":true,"href":"https:\/\/dimensionturistica.com\/es\/wp-json\/wp\/v2\/comments?post=1087266"}],"version-history":[{"count":1,"href":"https:\/\/dimensionturistica.com\/es\/wp-json\/wp\/v2\/posts\/1087266\/revisions"}],"predecessor-version":[{"id":1087277,"href":"https:\/\/dimensionturistica.com\/es\/wp-json\/wp\/v2\/posts\/1087266\/revisions\/1087277"}],"wp:attachment":[{"href":"https:\/\/dimensionturistica.com\/es\/wp-json\/wp\/v2\/media?parent=1087266"}],"wp:term":[{"taxonomy":"category","embeddable":true,"href":"https:\/\/dimensionturistica.com\/es\/wp-json\/wp\/v2\/categories?post=1087266"},{"taxonomy":"post_tag","embeddable":true,"href":"https:\/\/dimensionturistica.com\/es\/wp-json\/wp\/v2\/tags?post=1087266"}],"curies":[{"name":"wp","href":"https:\/\/api.w.org\/{rel}","templated":true}]}}