{"id":1087238,"date":"2025-12-17T18:45:32","date_gmt":"2025-12-17T18:45:32","guid":{"rendered":"https:\/\/dimensionturistica.com\/es\/?p=1087238"},"modified":"2025-12-17T18:45:32","modified_gmt":"2025-12-17T18:45:32","slug":"volaris-lanza-la-nueva-ruta-guadalajara-mazatlan-los-boletos-ya-estan-a-la-venta-la-ruta-iniciara-operaciones-el-29-de-marzo-de-2026","status":"publish","type":"post","link":"https:\/\/dimensionturistica.com\/es\/volaris-lanza-la-nueva-ruta-guadalajara-mazatlan-los-boletos-ya-estan-a-la-venta-la-ruta-iniciara-operaciones-el-29-de-marzo-de-2026\/","title":{"rendered":"Volaris lanza la nueva ruta Guadalajara \u2013 Mazatl\u00e1n. Los boletos ya est\u00e1n a la venta; la ruta iniciar\u00e1 operaciones el 29 de marzo de 2026."},"content":{"rendered":"\n<figure class=\"wp-block-gallery has-nested-images columns-default is-cropped wp-block-gallery-1 is-layout-flex wp-block-gallery-is-layout-flex\">\n<figure class=\"wp-block-image size-large\"><img decoding=\"async\" width=\"500\" height=\"286\" data-id=\"1087240\" src=\"https:\/\/dimensionturistica.com\/es\/wp-content\/uploads\/2025\/12\/2VOLARIS.jpg\" alt=\"\" class=\"wp-image-1087240\" srcset=\"https:\/\/dimensionturistica.com\/es\/wp-content\/uploads\/2025\/12\/2VOLARIS.jpg 500w, https:\/\/dimensionturistica.com\/es\/wp-content\/uploads\/2025\/12\/2VOLARIS-300x172.jpg 300w\" sizes=\"(max-width: 500px) 100vw, 500px\" \/><\/figure>\n<\/figure>\n\n\n\n<p>Volaris, la aerol\u00ednea mexicana de ultra bajo costo que opera en M\u00e9xico, Estados Unidos, Centro y Sudam\u00e9rica, anuncia el inicio de venta de boletos para su nueva ruta Guadalajara &#8211; Mazatl\u00e1n.<\/p>\n\n\n\n<p>La nueva ruta comenzar\u00e1 operaciones el 29 de marzo de 2026 con tres frecuencias semanales: martes, jueves y domingo. Con esta apertura, la compa\u00f1\u00eda fortalece su estrategia de expansi\u00f3n y conectividad nacional, al unir dos de los principales centros econ\u00f3micos y tur\u00edsticos del occidente del pa\u00eds.<\/p>\n\n\n\n<figure class=\"wp-block-gallery has-nested-images columns-default is-cropped wp-block-gallery-2 is-layout-flex wp-block-gallery-is-layout-flex\">\n<figure class=\"wp-block-image size-large\"><img decoding=\"async\" width=\"500\" height=\"333\" data-id=\"1087241\" src=\"https:\/\/dimensionturistica.com\/es\/wp-content\/uploads\/2025\/12\/1VOLA.jpg\" alt=\"\" class=\"wp-image-1087241\" srcset=\"https:\/\/dimensionturistica.com\/es\/wp-content\/uploads\/2025\/12\/1VOLA.jpg 500w, https:\/\/dimensionturistica.com\/es\/wp-content\/uploads\/2025\/12\/1VOLA-300x200.jpg 300w\" sizes=\"(max-width: 500px) 100vw, 500px\" \/><\/figure>\n<\/figure>\n\n\n\n<p>Guadalajara, uno de los hubs m\u00e1s importantes de Volaris, destaca por su desarrollo tecnol\u00f3gico, industrial e innovador. Desde esta base, la aerol\u00ednea opera la mayor cantidad de destinos internacionales del pa\u00eds \u2014principalmente hacia Estados Unidos, adem\u00e1s de Costa Rica y Colombia\u2014. Desde su llegada a la ciudad, Volaris ha transportado a m\u00e1s de 89 millones de pasajeros y actualmente opera 54 rutas que conectan con 48 destinos, fortaleciendo la conectividad a\u00e9rea en el occidente del pa\u00eds y contribuyendo al desarrollo tur\u00edstico y econ\u00f3mico de la regi\u00f3n.<\/p>\n\n\n\n<p>Mazatl\u00e1n se ha consolidado como uno de los destinos m\u00e1s atractivos del Pac\u00edfico mexicano gracias a su amplia oferta tur\u00edstica, cultural y gastron\u00f3mica, as\u00ed como a su creciente actividad econ\u00f3mica en sectores como la pesca, el comercio y los servicios.<\/p>\n\n\n\n<figure class=\"wp-block-gallery has-nested-images columns-default is-cropped wp-block-gallery-3 is-layout-flex wp-block-gallery-is-layout-flex\">\n<figure class=\"wp-block-image size-large\"><img decoding=\"async\" width=\"500\" height=\"281\" data-id=\"1087242\" src=\"https:\/\/dimensionturistica.com\/es\/wp-content\/uploads\/2025\/12\/7VOLARIS-1.jpg\" alt=\"\" class=\"wp-image-1087242\" srcset=\"https:\/\/dimensionturistica.com\/es\/wp-content\/uploads\/2025\/12\/7VOLARIS-1.jpg 500w, https:\/\/dimensionturistica.com\/es\/wp-content\/uploads\/2025\/12\/7VOLARIS-1-300x169.jpg 300w\" sizes=\"(max-width: 500px) 100vw, 500px\" \/><\/figure>\n<\/figure>\n\n\n\n<p>\u201cCon esta nueva ruta, reforzamos nuestro compromiso con los Clientes de Guadalajara y Mazatl\u00e1n al ofrecerles m\u00e1s alternativas para viajar a precios accesibles y con conexiones que les permitan reunirse con sus seres queridos, hacer negocios o disfrutar de unas vacaciones inolvidables\u201d, se\u00f1al\u00f3 Jorge Roberto Garc\u00eda Rojas, Director de Distribuci\u00f3n, Desarrollo de Mercados y Cargo de Volaris.<\/p>\n\n\n\n<p>Los boletos para la nueva ruta Mazatl\u00e1n \u2013 Guadalajara ya est\u00e1n disponibles en www.volaris.com y en la aplicaci\u00f3n m\u00f3vil de la aerol\u00ednea.<\/p>\n","protected":false},"excerpt":{"rendered":"<p>Volaris, la aerol\u00ednea mexicana de ultra bajo costo que opera en M\u00e9xico, Estados Unidos, Centro y Sudam\u00e9rica, anuncia el inicio de venta de boletos para su nueva ruta Guadalajara &#8211; Mazatl\u00e1n. La nueva ruta comenzar\u00e1 operaciones el 29 de marzo de 2026 con tres frecuencias semanales: martes, jueves y domingo. Con esta apertura, la compa\u00f1\u00eda [&hellip;]<\/p>\n","protected":false},"author":1,"featured_media":0,"comment_status":"open","ping_status":"closed","sticky":false,"template":"","format":"standard","meta":{"om_disable_all_campaigns":false,"jnews-multi-image_gallery":[],"jnews_single_post":{"format":"standard"},"jnews_primary_category":[],"jnews_social_meta":[],"footnotes":""},"categories":[39],"tags":[],"class_list":["post-1087238","post","type-post","status-publish","format-standard","hentry","category-viajes"],"_links":{"self":[{"href":"https:\/\/dimensionturistica.com\/es\/wp-json\/wp\/v2\/posts\/1087238","targetHints":{"allow":["GET"]}}],"collection":[{"href":"https:\/\/dimensionturistica.com\/es\/wp-json\/wp\/v2\/posts"}],"about":[{"href":"https:\/\/dimensionturistica.com\/es\/wp-json\/wp\/v2\/types\/post"}],"author":[{"embeddable":true,"href":"https:\/\/dimensionturistica.com\/es\/wp-json\/wp\/v2\/users\/1"}],"replies":[{"embeddable":true,"href":"https:\/\/dimensionturistica.com\/es\/wp-json\/wp\/v2\/comments?post=1087238"}],"version-history":[{"count":1,"href":"https:\/\/dimensionturistica.com\/es\/wp-json\/wp\/v2\/posts\/1087238\/revisions"}],"predecessor-version":[{"id":1087243,"href":"https:\/\/dimensionturistica.com\/es\/wp-json\/wp\/v2\/posts\/1087238\/revisions\/1087243"}],"wp:attachment":[{"href":"https:\/\/dimensionturistica.com\/es\/wp-json\/wp\/v2\/media?parent=1087238"}],"wp:term":[{"taxonomy":"category","embeddable":true,"href":"https:\/\/dimensionturistica.com\/es\/wp-json\/wp\/v2\/categories?post=1087238"},{"taxonomy":"post_tag","embeddable":true,"href":"https:\/\/dimensionturistica.com\/es\/wp-json\/wp\/v2\/tags?post=1087238"}],"curies":[{"name":"wp","href":"https:\/\/api.w.org\/{rel}","templated":true}]}}