{"id":1087199,"date":"2025-12-17T18:03:08","date_gmt":"2025-12-17T18:03:08","guid":{"rendered":"https:\/\/dimensionturistica.com\/es\/?p=1087199"},"modified":"2025-12-17T18:03:08","modified_gmt":"2025-12-17T18:03:08","slug":"christmas-in-the-park-regresa-a-six-flags-mexico-la-magia-la-luz-y-la-ilusion-de-la-navidad-vuelven-mas-brillantes-que-nunca","status":"publish","type":"post","link":"https:\/\/dimensionturistica.com\/es\/christmas-in-the-park-regresa-a-six-flags-mexico-la-magia-la-luz-y-la-ilusion-de-la-navidad-vuelven-mas-brillantes-que-nunca\/","title":{"rendered":"Christmas in the Park regresa a Six Flags M\u00e9xico: La magia, la luz y la ilusi\u00f3n de la Navidad vuelven m\u00e1s brillantes que nunca."},"content":{"rendered":"\n<p><\/p>\n\n\n\n<figure class=\"wp-block-gallery has-nested-images columns-default is-cropped wp-block-gallery-1 is-layout-flex wp-block-gallery-is-layout-flex\">\n<figure class=\"wp-block-image size-large\"><img decoding=\"async\" width=\"500\" height=\"333\" data-id=\"1087203\" src=\"https:\/\/dimensionturistica.com\/es\/wp-content\/uploads\/2025\/12\/11SIX.jpg\" alt=\"\" class=\"wp-image-1087203\" srcset=\"https:\/\/dimensionturistica.com\/es\/wp-content\/uploads\/2025\/12\/11SIX.jpg 500w, https:\/\/dimensionturistica.com\/es\/wp-content\/uploads\/2025\/12\/11SIX-300x200.jpg 300w\" sizes=\"(max-width: 500px) 100vw, 500px\" \/><\/figure>\n<\/figure>\n\n\n\n<p>Six Flags M\u00e9xico da la bienvenida una vez m\u00e1s a Christmas in the Park, el evento navide\u00f1o m\u00e1s grande y espectacular del pa\u00eds. Del 27 de noviembre de 2025 al 18 de enero de 2026, los visitantes podr\u00e1n sumergirse en una temporada llena de magia, luz y experiencias inolvidables creadas especialmente para compartir en familia.<\/p>\n\n\n\n<p>Desde el momento en que las puertas del parque se abren, cada calle, edificio y pueblo tem\u00e1tico se transforma en un universo resplandeciente decorado con, colores vibrantes, m\u00fasica festiva, millones de luces y actividades pensadas para todas las edades. Cada rinc\u00f3n est\u00e1 dise\u00f1ado para despertar emociones, revivir tradiciones y crear recuerdos c\u00e1lidos que acompa\u00f1ar\u00e1n a los visitantes por muchos a\u00f1os.<\/p>\n\n\n\n<figure class=\"wp-block-gallery has-nested-images columns-default is-cropped wp-block-gallery-2 is-layout-flex wp-block-gallery-is-layout-flex\">\n<figure class=\"wp-block-image size-large\"><img decoding=\"async\" width=\"500\" height=\"333\" data-id=\"1087204\" src=\"https:\/\/dimensionturistica.com\/es\/wp-content\/uploads\/2025\/12\/1SIX.jpg\" alt=\"\" class=\"wp-image-1087204\" srcset=\"https:\/\/dimensionturistica.com\/es\/wp-content\/uploads\/2025\/12\/1SIX.jpg 500w, https:\/\/dimensionturistica.com\/es\/wp-content\/uploads\/2025\/12\/1SIX-300x200.jpg 300w\" sizes=\"(max-width: 500px) 100vw, 500px\" \/><\/figure>\n<\/figure>\n\n\n\n<p>Nueve nuevos espect\u00e1culos<\/p>\n\n\n\n<p>Como cada a\u00f1o, los festivales de Six Flags M\u00e9xico evolucionan y elevan su producci\u00f3n, y esta temporada no ser\u00e1 la excepci\u00f3n. Nueve nuevos espect\u00e1culos, distribuidos a lo largo del parque, estar\u00e1n listos para ofrecer momentos llenos de alegr\u00eda y fantas\u00eda.<\/p>\n\n\n\n<figure class=\"wp-block-gallery has-nested-images columns-default is-cropped wp-block-gallery-3 is-layout-flex wp-block-gallery-is-layout-flex\">\n<figure class=\"wp-block-image size-large\"><img decoding=\"async\" width=\"500\" height=\"369\" data-id=\"1087205\" src=\"https:\/\/dimensionturistica.com\/es\/wp-content\/uploads\/2025\/12\/2SIX.jpg\" alt=\"\" class=\"wp-image-1087205\" srcset=\"https:\/\/dimensionturistica.com\/es\/wp-content\/uploads\/2025\/12\/2SIX.jpg 500w, https:\/\/dimensionturistica.com\/es\/wp-content\/uploads\/2025\/12\/2SIX-300x221.jpg 300w\" sizes=\"(max-width: 500px) 100vw, 500px\" \/><\/figure>\n<\/figure>\n\n\n\n<p>Cada show ha sido dise\u00f1ado tanto para quienes disfrutan las emociones fuertes, como para quienes aman la m\u00fasica, el baile y la mezcla perfecta entre adrenalina y magia.<\/p>\n\n\n\n<p>La distribuci\u00f3n de los shows est\u00e1 dise\u00f1ada de tal forma que los visitantes pueden pasar m\u00e1s de 6 horas viendo espect\u00e1culos diferentes. Una programaci\u00f3n completamente renovada para transformar cada visita en una celebraci\u00f3n navide\u00f1a continua.<\/p>\n\n\n\n<figure class=\"wp-block-gallery has-nested-images columns-default is-cropped wp-block-gallery-4 is-layout-flex wp-block-gallery-is-layout-flex\">\n<figure class=\"wp-block-image size-large\"><img decoding=\"async\" width=\"500\" height=\"333\" data-id=\"1087206\" src=\"https:\/\/dimensionturistica.com\/es\/wp-content\/uploads\/2025\/12\/5SIX.jpg\" alt=\"\" class=\"wp-image-1087206\" srcset=\"https:\/\/dimensionturistica.com\/es\/wp-content\/uploads\/2025\/12\/5SIX.jpg 500w, https:\/\/dimensionturistica.com\/es\/wp-content\/uploads\/2025\/12\/5SIX-300x200.jpg 300w\" sizes=\"(max-width: 500px) 100vw, 500px\" \/><\/figure>\n<\/figure>\n\n\n\n<p>\u2022 Voces del Invierno: Un coro celestial recibe a los visitantes desde su llegada con melod\u00edas cl\u00e1sicas que anuncian la llegada de la Navidad y envuelven el parque en un ambiente lleno de armon\u00eda.<\/p>\n\n\n\n<p>\u2022 La Natividad:El ic\u00f3nico espect\u00e1culo regresa completamente renovado con proyecciones envolventes, m\u00fasica y actuaciones en vivo que narran la magia de una de las historias m\u00e1s importantes de la temporada.<\/p>\n\n\n\n<p>\u2022 Entre Regalos y Travesuras: La Abuela Claus y sus duendes revelan, con humor y energ\u00eda, c\u00f3mo los regalos llegan a cada hogar. Un show<\/p>\n\n\n\n<figure class=\"wp-block-gallery has-nested-images columns-default is-cropped wp-block-gallery-5 is-layout-flex wp-block-gallery-is-layout-flex\">\n<figure class=\"wp-block-image size-large\"><img decoding=\"async\" width=\"500\" height=\"336\" data-id=\"1087207\" src=\"https:\/\/dimensionturistica.com\/es\/wp-content\/uploads\/2025\/12\/3SIX.jpg\" alt=\"\" class=\"wp-image-1087207\" srcset=\"https:\/\/dimensionturistica.com\/es\/wp-content\/uploads\/2025\/12\/3SIX.jpg 500w, https:\/\/dimensionturistica.com\/es\/wp-content\/uploads\/2025\/12\/3SIX-300x202.jpg 300w\" sizes=\"(max-width: 500px) 100vw, 500px\" \/><\/figure>\n<\/figure>\n\n\n\n<p>lleno de sorpresas para ni\u00f1os y adultos.<\/p>\n\n\n\n<p>\u2022 El Taller Encantado: Un mago navide\u00f1o ense\u00f1a trucos fascinantes y comparte momentos entra\u00f1ables junto a los personajes favoritos de la temporada.<\/p>\n\n\n\n<figure class=\"wp-block-gallery has-nested-images columns-default is-cropped wp-block-gallery-6 is-layout-flex wp-block-gallery-is-layout-flex\">\n<figure class=\"wp-block-image size-large\"><img decoding=\"async\" width=\"500\" height=\"281\" data-id=\"1087208\" src=\"https:\/\/dimensionturistica.com\/es\/wp-content\/uploads\/2025\/12\/6SIX.jpg\" alt=\"\" class=\"wp-image-1087208\" srcset=\"https:\/\/dimensionturistica.com\/es\/wp-content\/uploads\/2025\/12\/6SIX.jpg 500w, https:\/\/dimensionturistica.com\/es\/wp-content\/uploads\/2025\/12\/6SIX-300x169.jpg 300w\" sizes=\"(max-width: 500px) 100vw, 500px\" \/><\/figure>\n<\/figure>\n\n\n\n<p>\u2022 Jingle Beats: Santa Claus, Rodolfo y sus duendes protagonizan un espect\u00e1culo din\u00e1mico que mezcla ritmos modernos e inspiraci\u00f3n hip hop con la alegr\u00eda navide\u00f1a.<\/p>\n\n\n\n<p>\u2022 Christmas Country Band: Pueblo Vaquero cobra vida con m\u00fasica al estilo country que celebra el esp\u00edritu navide\u00f1o al ritmo del viejo oeste.<\/p>\n\n\n\n<p>\u2022 Winter Jazz: La elegancia y calidez del jazz se fusionan con los colores y sonidos de la Navidad en un espect\u00e1culo vibrante.<\/p>\n\n\n\n<figure class=\"wp-block-gallery has-nested-images columns-default is-cropped wp-block-gallery-7 is-layout-flex wp-block-gallery-is-layout-flex\">\n<figure class=\"wp-block-image size-large\"><img decoding=\"async\" width=\"500\" height=\"333\" data-id=\"1087209\" src=\"https:\/\/dimensionturistica.com\/es\/wp-content\/uploads\/2025\/12\/7SEX.jpg\" alt=\"\" class=\"wp-image-1087209\" srcset=\"https:\/\/dimensionturistica.com\/es\/wp-content\/uploads\/2025\/12\/7SEX.jpg 500w, https:\/\/dimensionturistica.com\/es\/wp-content\/uploads\/2025\/12\/7SEX-300x200.jpg 300w\" sizes=\"(max-width: 500px) 100vw, 500px\" \/><\/figure>\n<\/figure>\n\n\n\n<p>\u2022 Christmas LIVE Parade: El desfile m\u00e1s esperado del a\u00f1o regresa con todos los personajes favoritos, carros aleg\u00f3ricos iluminados y una novedad emocionante: una cantante en vivo que llenar\u00e1 el recorrido de magia y emoci\u00f3n.<\/p>\n\n\n\n<p>\u2022 Beyond Christmas: El espect\u00e1culo nocturno m\u00e1s impresionante de la temporada. Cantantes, violinistas, bailarines y pirotecnia se unen a un despliegue de cientos de drones sincronizados que iluminar\u00e1n el cielo de Six Flags M\u00e9xico como nunca antes.<\/p>\n\n\n\n<p>Snow Race \u2013 M\u00e1s grande que nunca La cl\u00e1sica rampa de nieve vuelve renovada. Por primera vez ser\u00e1 m\u00e1s grande, m\u00e1s alta y a\u00fan m\u00e1s emocionante, lista para desatar risas, competencia y diversi\u00f3n entre amigos y familias.<\/p>\n\n\n\n<p>Nieve por todo el parque: Vive la magia invernal recorriendo nuestras ic\u00f3nicas zonas de nieve, espacios llenos de encanto que te har\u00e1n sentir como si estuvieras dentro de un verdadero mundo navide\u00f1o.<\/p>\n\n\n\n<figure class=\"wp-block-gallery has-nested-images columns-default is-cropped wp-block-gallery-8 is-layout-flex wp-block-gallery-is-layout-flex\">\n<figure class=\"wp-block-image size-large\"><img decoding=\"async\" width=\"500\" height=\"375\" data-id=\"1087211\" src=\"https:\/\/dimensionturistica.com\/es\/wp-content\/uploads\/2025\/12\/22SEX.jpg\" alt=\"\" class=\"wp-image-1087211\" srcset=\"https:\/\/dimensionturistica.com\/es\/wp-content\/uploads\/2025\/12\/22SEX.jpg 500w, https:\/\/dimensionturistica.com\/es\/wp-content\/uploads\/2025\/12\/22SEX-300x225.jpg 300w\" sizes=\"(max-width: 500px) 100vw, 500px\" \/><\/figure>\n<\/figure>\n\n\n\n<p>Sabores de la Navidad<\/p>\n\n\n\n<p>Las tradicionales fogatas de s\u2019mores regresan para ofrecer un momento c\u00e1lido y delicioso: bombones tost\u00e1ndose sobre el fuego, chocolate derretido y ese aroma \u00fanico que solo existe en Navidad.<\/p>\n\n\n\n<p>Este a\u00f1o llega el Pasaporte de Sabores, una tarjeta especial con la que los visitantes podr\u00e1n elegir hasta seis platillos ic\u00f3nicos de la temporada dentro de un men\u00fa con m\u00e1s de 30 opciones inspiradas en la Navidad. Entre los favoritos destacan el stromboli de strudel de manzana, sliders de pulled pork, esquites con suadero, tamales, rosca de reyes y otras creaciones navide\u00f1as preparadas exclusivamente para este m\u00e1gico festival.<\/p>\n\n\n\n<figure class=\"wp-block-gallery has-nested-images columns-default is-cropped wp-block-gallery-9 is-layout-flex wp-block-gallery-is-layout-flex\">\n<figure class=\"wp-block-image size-large\"><img decoding=\"async\" width=\"500\" height=\"333\" data-id=\"1087214\" src=\"https:\/\/dimensionturistica.com\/es\/wp-content\/uploads\/2025\/12\/11SIX-1.jpg\" alt=\"\" class=\"wp-image-1087214\" srcset=\"https:\/\/dimensionturistica.com\/es\/wp-content\/uploads\/2025\/12\/11SIX-1.jpg 500w, https:\/\/dimensionturistica.com\/es\/wp-content\/uploads\/2025\/12\/11SIX-1-300x200.jpg 300w\" sizes=\"(max-width: 500px) 100vw, 500px\" \/><\/figure>\n<\/figure>\n\n\n\n<p>Experiencia VIP Navide\u00f1a<\/p>\n\n\n\n<p>La Experiencia VIP de Christmas in the Park ofrece beneficios exclusivos que convierten la visita en una noche simplemente inolvidable:<\/p>\n\n\n\n<p>\u2022 Acceso por fila r\u00e1pida a juegos mec\u00e1nicos<\/p>\n\n\n\n<p>\u2022 Dos accesos a la rampa de nieve<\/p>\n\n\n\n<p>\u2022 Un s\u2019more<\/p>\n\n\n\n<p>\u2022 Cena VIP con una selecci\u00f3n especial de platillos tradicionales de la temporada Perfecta para quienes desean vivir la Navidad en su m\u00e1ximo esplendor.<\/p>\n\n\n\n<figure class=\"wp-block-gallery has-nested-images columns-default is-cropped wp-block-gallery-10 is-layout-flex wp-block-gallery-is-layout-flex\">\n<figure class=\"wp-block-image size-large\"><img decoding=\"async\" width=\"500\" height=\"366\" data-id=\"1087215\" src=\"https:\/\/dimensionturistica.com\/es\/wp-content\/uploads\/2025\/12\/33SIX.jpg\" alt=\"\" class=\"wp-image-1087215\" srcset=\"https:\/\/dimensionturistica.com\/es\/wp-content\/uploads\/2025\/12\/33SIX.jpg 500w, https:\/\/dimensionturistica.com\/es\/wp-content\/uploads\/2025\/12\/33SIX-300x220.jpg 300w\" sizes=\"(max-width: 500px) 100vw, 500px\" \/><\/figure>\n<\/figure>\n\n\n\n<p>Una celebraci\u00f3n para todos<\/p>\n\n\n\n<p>Christmas in the Park es un evento 360\u00b0, pensado para que cada miembro de la familia encuentre su momento especial. Con millones de luces, espect\u00e1culos \u00fanicos, experiencias recreativas, sabores reconfortantes y la calidez de la temporada, Six Flags M\u00e9xico se consolida nuevamente como el destino navide\u00f1o por excelencia del pa\u00eds.<\/p>\n","protected":false},"excerpt":{"rendered":"<p>Six Flags M\u00e9xico da la bienvenida una vez m\u00e1s a Christmas in the Park, el evento navide\u00f1o m\u00e1s grande y espectacular del pa\u00eds. Del 27 de noviembre de 2025 al 18 de enero de 2026, los visitantes podr\u00e1n sumergirse en una temporada llena de magia, luz y experiencias inolvidables creadas especialmente para compartir en familia. [&hellip;]<\/p>\n","protected":false},"author":1,"featured_media":0,"comment_status":"open","ping_status":"closed","sticky":false,"template":"","format":"standard","meta":{"om_disable_all_campaigns":false,"jnews-multi-image_gallery":[],"jnews_single_post":[],"jnews_primary_category":[],"jnews_social_meta":[],"footnotes":""},"categories":[144872],"tags":[],"class_list":["post-1087199","post","type-post","status-publish","format-standard","hentry","category-fashion"],"_links":{"self":[{"href":"https:\/\/dimensionturistica.com\/es\/wp-json\/wp\/v2\/posts\/1087199","targetHints":{"allow":["GET"]}}],"collection":[{"href":"https:\/\/dimensionturistica.com\/es\/wp-json\/wp\/v2\/posts"}],"about":[{"href":"https:\/\/dimensionturistica.com\/es\/wp-json\/wp\/v2\/types\/post"}],"author":[{"embeddable":true,"href":"https:\/\/dimensionturistica.com\/es\/wp-json\/wp\/v2\/users\/1"}],"replies":[{"embeddable":true,"href":"https:\/\/dimensionturistica.com\/es\/wp-json\/wp\/v2\/comments?post=1087199"}],"version-history":[{"count":1,"href":"https:\/\/dimensionturistica.com\/es\/wp-json\/wp\/v2\/posts\/1087199\/revisions"}],"predecessor-version":[{"id":1087219,"href":"https:\/\/dimensionturistica.com\/es\/wp-json\/wp\/v2\/posts\/1087199\/revisions\/1087219"}],"wp:attachment":[{"href":"https:\/\/dimensionturistica.com\/es\/wp-json\/wp\/v2\/media?parent=1087199"}],"wp:term":[{"taxonomy":"category","embeddable":true,"href":"https:\/\/dimensionturistica.com\/es\/wp-json\/wp\/v2\/categories?post=1087199"},{"taxonomy":"post_tag","embeddable":true,"href":"https:\/\/dimensionturistica.com\/es\/wp-json\/wp\/v2\/tags?post=1087199"}],"curies":[{"name":"wp","href":"https:\/\/api.w.org\/{rel}","templated":true}]}}