{"id":1087182,"date":"2025-12-17T16:53:27","date_gmt":"2025-12-17T16:53:27","guid":{"rendered":"https:\/\/dimensionturistica.com\/es\/?p=1087182"},"modified":"2025-12-17T16:53:27","modified_gmt":"2025-12-17T16:53:27","slug":"el-tono-fucsia-de-los-anos-noventa-resplandecera-en-diciembre-de-2025","status":"publish","type":"post","link":"https:\/\/dimensionturistica.com\/es\/el-tono-fucsia-de-los-anos-noventa-resplandecera-en-diciembre-de-2025\/","title":{"rendered":"El tono fucsia de los a\u00f1os noventa resplandecer\u00e1 en diciembre de 2025."},"content":{"rendered":"<h3>El Rosa de los 90: Un Viaje Estil\u00edstico al Glamour de Gwyneth Paltrow<\/h3>\n<p>El color rosa ha resurgido con fuerza en la moda contempor\u00e1nea, evocando un aire nost\u00e1lgico que nos transporta a la era de los a\u00f1os 90, donde estrellas como Gwyneth Paltrow definieron tendencias ic\u00f3nicas. En este art\u00edculo, exploraremos c\u00f3mo incorporar este vibrante color en tu guardarropa festivo, fusionando lo cl\u00e1sico y lo moderno para brillar en cualquier evento.<\/p>\n<h4>Rosa: M\u00e1s que un Color<\/h4>\n<p>En los a\u00f1os 90, el rosa era sin\u00f3nimo de sofisticaci\u00f3n relajada y juvenil. Gwyneth Paltrow, en su papel protag\u00f3nico, deslumbraba con tonos que iban desde el suave blush hasta el intenso fucsia. Este resurgir actual no solo captura la esencia de esa \u00e9poca, sino que tambi\u00e9n ofrece versatilidad, permitiendo a cada persona adaptarlo a su estilo \u00fanico.<\/p>\n<h4>Combina Texturas y Tonos<\/h4>\n<p>La clave para llevar el rosa con \u00e9xito radica en la combinaci\u00f3n de texturas. Optar por un vestido de seda en tonos pasteles aporta un aire rom\u00e1ntico, mientras que una chaqueta de cuero fucsia puede transformar un look casual en algo audaz. La superposici\u00f3n de prendas y la mezcla de tonos dentro de la misma paleta crean un efecto asombroso, asegurando que el rosa no se vea mon\u00f3tono, sino vibrante y din\u00e1mico.<\/p>\n<h4>Estampados y Accesorios: El Toque Decisivo<\/h4>\n<p>Incorporar estampados en rosa es una excelente estrategia para destacar. Desde flores hasta geom\u00e9tricos, la diversidad de patrones permite personalizar cualquier atuendo. Adem\u00e1s, los accesorios juegan un papel fundamental. Un bolso en un tono complementario o bijoux que jueguen con el brillo del rosa pueden elevar un conjunto sencillo a uno digno de una alfombra roja.<\/p>\n<h4>El Rosa en el Maquillaje<\/h4>\n<p>El maquillaje rosa es otra forma efectiva de rendir tributo a esta tendencia. Un labial en un espectacular tono de fucsia realza cualquier look, mientras que los rubores en tonos suaves aportan frescura y luminosidad al rostro. Esta elecci\u00f3n no solo complementa el atuendo, sino que tambi\u00e9n resalta las caracter\u00edsticas faciales, evocando una belleza natural y atemporal.<\/p>\n<h4>La Influencia de Gwyneth Paltrow en el Estilo Contempor\u00e1neo<\/h4>\n<p>Las apariciones de Gwyneth en alfombras rojas durante los 90 no solo marcaban tendencias, sino que tambi\u00e9n inspiraban a nuevas generaciones. Hoy, su legado perdura y se traduce en prendas que reflejan esa elegancia casual pero statement. No se trata solo de revivir estilos, sino de reinterpretarlos con un toque personal.<\/p>\n<h4>Tips Pr\u00e1cticos para Incorporar el Rosa en tu Guardarropa<\/h4>\n<ol>\n<li>\n<p><strong>Elige el tono adecuado<\/strong>: Encuentra el rosa que complemente tu tono de piel. No todos los rosas son iguales; lo que favorece a una persona puede no ser ideal para otra.<\/p>\n<\/li>\n<li>\n<p><strong>No temas mezclar<\/strong>: Combina el rosa con otros colores. El gris y el blanco suavizan, mientras que el negro a\u00f1ade un aire moderno y atrevido.<\/p>\n<\/li>\n<li>\n<p><strong>Accessoriza con intenci\u00f3n<\/strong>: Utiliza accesorios en rosa para dar vida a atuendos m\u00e1s neutros. Un par de zapatos o una bufanda pueden ser el cambio necesario.<\/p>\n<\/li>\n<li>\n<p><strong>Confianza ante todo<\/strong>: El rosa es un color que exige seguridad. La actitud es la clave. Si te sientes bien, se notar\u00e1.<\/p>\n<\/li>\n<\/ol>\n<p>En resumen, el rosa de los a\u00f1os 90 no solo evoca recuerdos, sino que tambi\u00e9n ofrece infinitas posibilidades estil\u00edsticas. Adoptar este color con influencias modernas y el toque distintivo de Gwyneth Paltrow puede ser la mejor manera de destacar en cualquier fiesta. Con cada pieza que elijas, estar\u00e1s no solo actualizando tu armario, sino tambi\u00e9n asegur\u00e1ndote de hacer una declaraci\u00f3n memorable.<\/p>\n<p><em> &#8221; Fuentes www.vogue.mx &#8221; <\/em><\/p>\n","protected":false},"excerpt":{"rendered":"<p>El Rosa de los 90: Un Viaje Estil\u00edstico al Glamour de Gwyneth Paltrow El color rosa ha resurgido con fuerza en la moda contempor\u00e1nea, evocando un aire nost\u00e1lgico que nos transporta a la era de los a\u00f1os 90, donde estrellas como Gwyneth Paltrow definieron tendencias ic\u00f3nicas. En este art\u00edculo, exploraremos c\u00f3mo incorporar este vibrante color [&hellip;]<\/p>\n","protected":false},"author":14,"featured_media":1087183,"comment_status":"open","ping_status":"closed","sticky":false,"template":"","format":"standard","meta":{"om_disable_all_campaigns":false,"jnews-multi-image_gallery":[],"jnews_single_post":[],"jnews_primary_category":[],"jnews_social_meta":[],"footnotes":""},"categories":[144872],"tags":[138368,84611,200839,120836,22890,659,27866,203269,2182],"class_list":["post-1087182","post","type-post","status-publish","format-standard","has-post-thumbnail","hentry","category-fashion","tag-anos-90","tag-color-rosa","tag-colores-de-moda","tag-diciembre-2025","tag-gwyneth-paltrow","tag-moda","tag-nostalgia","tag-otono-invierno-2025","tag-tendencias"],"_links":{"self":[{"href":"https:\/\/dimensionturistica.com\/es\/wp-json\/wp\/v2\/posts\/1087182","targetHints":{"allow":["GET"]}}],"collection":[{"href":"https:\/\/dimensionturistica.com\/es\/wp-json\/wp\/v2\/posts"}],"about":[{"href":"https:\/\/dimensionturistica.com\/es\/wp-json\/wp\/v2\/types\/post"}],"author":[{"embeddable":true,"href":"https:\/\/dimensionturistica.com\/es\/wp-json\/wp\/v2\/users\/14"}],"replies":[{"embeddable":true,"href":"https:\/\/dimensionturistica.com\/es\/wp-json\/wp\/v2\/comments?post=1087182"}],"version-history":[{"count":1,"href":"https:\/\/dimensionturistica.com\/es\/wp-json\/wp\/v2\/posts\/1087182\/revisions"}],"predecessor-version":[{"id":1087184,"href":"https:\/\/dimensionturistica.com\/es\/wp-json\/wp\/v2\/posts\/1087182\/revisions\/1087184"}],"wp:featuredmedia":[{"embeddable":true,"href":"https:\/\/dimensionturistica.com\/es\/wp-json\/wp\/v2\/media\/1087183"}],"wp:attachment":[{"href":"https:\/\/dimensionturistica.com\/es\/wp-json\/wp\/v2\/media?parent=1087182"}],"wp:term":[{"taxonomy":"category","embeddable":true,"href":"https:\/\/dimensionturistica.com\/es\/wp-json\/wp\/v2\/categories?post=1087182"},{"taxonomy":"post_tag","embeddable":true,"href":"https:\/\/dimensionturistica.com\/es\/wp-json\/wp\/v2\/tags?post=1087182"}],"curies":[{"name":"wp","href":"https:\/\/api.w.org\/{rel}","templated":true}]}}