{"id":1086911,"date":"2025-12-16T23:53:32","date_gmt":"2025-12-16T23:53:32","guid":{"rendered":"https:\/\/dimensionturistica.com\/es\/?p=1086911"},"modified":"2025-12-16T23:53:32","modified_gmt":"2025-12-16T23:53:32","slug":"la-semana-de-la-moda-en-quito-destaco-el-verdadero-potencial-de-la-indumentaria-ecuatoriana-en-su-version-2025","status":"publish","type":"post","link":"https:\/\/dimensionturistica.com\/es\/la-semana-de-la-moda-en-quito-destaco-el-verdadero-potencial-de-la-indumentaria-ecuatoriana-en-su-version-2025\/","title":{"rendered":"La Semana de la Moda en Quito destac\u00f3 el verdadero potencial de la indumentaria ecuatoriana en su versi\u00f3n 2025."},"content":{"rendered":"<p><strong>Quito Fashion Week 2025: La Revoluci\u00f3n de la Moda Andina<\/strong><\/p>\n<p>En el vibrante coraz\u00f3n de Ecuador, la capital se prepara para recibir un evento que promete revolucionar el panorama de la moda en Am\u00e9rica Latina: el Quito Fashion Week 2025. Este ambicioso acontecimiento no solo pone de relieve la creatividad y el talento local, sino que tambi\u00e9n establece a Quito como un epicentro de innovaci\u00f3n y sostenibilidad en la industria de la moda.<\/p>\n<p>El evento, que se celebrar\u00e1 del 7 al 10 de octubre, reunir\u00e1 a destacados dise\u00f1adores emergentes y consagrados, quienes exhibir\u00e1n sus colecciones en escenarios que fusionan la modernidad con la rica herencia cultural de la regi\u00f3n. A trav\u00e9s de pasarelas que recorrer\u00e1n emblem\u00e1ticos espacios de la ciudad, los asistentes podr\u00e1n disfrutar de una experiencia visual \u00fanica, donde cada presentaci\u00f3n ser\u00e1 un reflejo de la diversidad cultural y la riqueza de los materiales locales.<\/p>\n<p>Uno de los aspectos m\u00e1s relevantes de esta edici\u00f3n es el enfoque en la sostenibilidad. Los organizadores han hecho un llamado a los dise\u00f1adores para que implementen pr\u00e1cticas responsables y materiales ecol\u00f3gicos en sus creaciones. La moda consciente se posiciona como un tema central, buscando generar un impacto positivo en el medio ambiente y en las comunidades que proveen los recursos.<\/p>\n<p>Adem\u00e1s, el evento contar\u00e1 con charlas y paneles de discusi\u00f3n donde expertos en moda y sostenibilidad compartir\u00e1n sus conocimientos y experiencias, enriqueciendo el di\u00e1logo sobre el futuro de la industria. Estas iniciativas no solo ser\u00e1n \u00fatiles para los profesionales del sector, sino que tambi\u00e9n invitar\u00e1n al p\u00fablico en general a entender la necesidad de un cambio de paradigma en la forma en que consumimos y producimos moda.<\/p>\n<p>Las expectativas son altas y, como parte de esta celebraci\u00f3n, se prev\u00e9n actividades paralelas que incluir\u00e1n exposiciones de arte, pop-ups de marcas locales y un mercado donde el dise\u00f1o ecuatoriano brillar\u00e1 en su m\u00e1xima expresi\u00f3n. Esto no solo dar\u00e1 visibilidad a las propuestas locales, sino que tambi\u00e9n ofrecer\u00e1 al p\u00fablico una oportunidad \u00fanica para adquirir piezas exclusivas y apoyar el talento emergente.<\/p>\n<p>Quito Fashion Week promete ser el punto de encuentro donde tradici\u00f3n y modernidad convergen, ofreciendo una plataforma para que la moda ecuatoriana se proyecte en el contexto global. El evento no solo busca atraer a medios de comunicaci\u00f3n y fashionistas del pa\u00eds, sino que tambi\u00e9n aspira a captar la atenci\u00f3n de inversores y marcas internacionales, quienes ver\u00e1n en Ecuador un potencial sin explotar.<\/p>\n<p>Este evento es una invitaci\u00f3n a redescubrir la moda a trav\u00e9s de una lente que celebra lo local y lo sostenible. Con cada colecci\u00f3n, cada pasarela y cada charla, Quito se posiciona no solo como una ciudad de moda, sino como un espacio de di\u00e1logo y transformaci\u00f3n social.<\/p>\n<p>El Quito Fashion Week 2025 est\u00e1 marcado para ser un evento inolvidable que dejar\u00e1 huella tanto en la industria como en cada uno de los asistentes. La cita est\u00e1 hecha y, sin duda, se convertir\u00e1 en un referente en el calendario de eventos de moda a nivel internacional. \u00bfEst\u00e1s listo para formar parte de esta experiencia? \u00a1No te lo puedes perder!<\/p>\n<p><em> &#8221; Fuentes www.vogue.mx &#8221; <\/em><\/p>\n","protected":false},"excerpt":{"rendered":"<p>Quito Fashion Week 2025: La Revoluci\u00f3n de la Moda Andina En el vibrante coraz\u00f3n de Ecuador, la capital se prepara para recibir un evento que promete revolucionar el panorama de la moda en Am\u00e9rica Latina: el Quito Fashion Week 2025. Este ambicioso acontecimiento no solo pone de relieve la creatividad y el talento local, sino [&hellip;]<\/p>\n","protected":false},"author":14,"featured_media":1086912,"comment_status":"open","ping_status":"closed","sticky":false,"template":"","format":"standard","meta":{"om_disable_all_campaigns":false,"jnews-multi-image_gallery":[],"jnews_single_post":[],"jnews_primary_category":[],"jnews_social_meta":[],"footnotes":""},"categories":[144872],"tags":[193073,12005,662,3743,175510,7758,174446,67802,260673,23207,260672,600,142911,258127,2182,373],"class_list":["post-1086911","post","type-post","status-publish","format-standard","has-post-thumbnail","hentry","category-fashion","tag-_msn_feed","tag-creatividad","tag-cultura","tag-diseno","tag-edicion-2025","tag-estilo","tag-eventos-de-moda","tag-industria-de-la-moda","tag-moda-ecuatoriana","tag-pasarelas","tag-quito-fashion-week","tag-sostenibilidad","tag-splitscreenimageleftinset","tag-talento-local","tag-tendencias","tag-web"],"_links":{"self":[{"href":"https:\/\/dimensionturistica.com\/es\/wp-json\/wp\/v2\/posts\/1086911","targetHints":{"allow":["GET"]}}],"collection":[{"href":"https:\/\/dimensionturistica.com\/es\/wp-json\/wp\/v2\/posts"}],"about":[{"href":"https:\/\/dimensionturistica.com\/es\/wp-json\/wp\/v2\/types\/post"}],"author":[{"embeddable":true,"href":"https:\/\/dimensionturistica.com\/es\/wp-json\/wp\/v2\/users\/14"}],"replies":[{"embeddable":true,"href":"https:\/\/dimensionturistica.com\/es\/wp-json\/wp\/v2\/comments?post=1086911"}],"version-history":[{"count":1,"href":"https:\/\/dimensionturistica.com\/es\/wp-json\/wp\/v2\/posts\/1086911\/revisions"}],"predecessor-version":[{"id":1086913,"href":"https:\/\/dimensionturistica.com\/es\/wp-json\/wp\/v2\/posts\/1086911\/revisions\/1086913"}],"wp:featuredmedia":[{"embeddable":true,"href":"https:\/\/dimensionturistica.com\/es\/wp-json\/wp\/v2\/media\/1086912"}],"wp:attachment":[{"href":"https:\/\/dimensionturistica.com\/es\/wp-json\/wp\/v2\/media?parent=1086911"}],"wp:term":[{"taxonomy":"category","embeddable":true,"href":"https:\/\/dimensionturistica.com\/es\/wp-json\/wp\/v2\/categories?post=1086911"},{"taxonomy":"post_tag","embeddable":true,"href":"https:\/\/dimensionturistica.com\/es\/wp-json\/wp\/v2\/tags?post=1086911"}],"curies":[{"name":"wp","href":"https:\/\/api.w.org\/{rel}","templated":true}]}}