{"id":1086854,"date":"2025-12-16T21:26:35","date_gmt":"2025-12-16T21:26:35","guid":{"rendered":"https:\/\/dimensionturistica.com\/es\/?p=1086854"},"modified":"2025-12-16T21:26:35","modified_gmt":"2025-12-16T21:26:35","slug":"academia-gobierno-e-industria-dialogan-juntos-sobre-la-tecnologia-y-el-alojamiento-temporal-2","status":"publish","type":"post","link":"https:\/\/dimensionturistica.com\/es\/academia-gobierno-e-industria-dialogan-juntos-sobre-la-tecnologia-y-el-alojamiento-temporal-2\/","title":{"rendered":"Academia, Gobierno e Industria dialogan juntos sobre la tecnolog\u00eda y el alojamiento temporal"},"content":{"rendered":"\n<figure class=\"wp-block-gallery has-nested-images columns-default is-cropped wp-block-gallery-1 is-layout-flex wp-block-gallery-is-layout-flex\">\n<figure class=\"wp-block-image size-large\"><img decoding=\"async\" width=\"500\" height=\"593\" data-id=\"1086855\" src=\"https:\/\/dimensionturistica.com\/es\/wp-content\/uploads\/2025\/12\/6HOTEL-2.jpg\" alt=\"\" class=\"wp-image-1086855\" srcset=\"https:\/\/dimensionturistica.com\/es\/wp-content\/uploads\/2025\/12\/6HOTEL-2.jpg 500w, https:\/\/dimensionturistica.com\/es\/wp-content\/uploads\/2025\/12\/6HOTEL-2-253x300.jpg 253w\" sizes=\"(max-width: 500px) 100vw, 500px\" \/><\/figure>\n<\/figure>\n\n\n\n<p>Con el objetivo de fortalecer la colaboraci\u00f3n entre el sector p\u00fablico, la academia y la iniciativa privada, se llev\u00f3 a cabo el Foro \u201cAlojamiento temporal y turismo del futuro\u201d. Este encuentro fue organizado por la Facultad de Turismo y Gastronom\u00eda de la Universidad An\u00e1huac M\u00e9xico, en colaboraci\u00f3n con la Escuela Superior de Turismo del Instituto Polit\u00e9cnico Nacional, cuyas facultades de Turismo y Gastronom\u00eda son las m\u00e1s reconocidas en el ramo en todo Am\u00e9rica Latina. El evento reuni\u00f3 a especialistas que analizaron los principales retos y oportunidades que ofrece la transformaci\u00f3n digital en la industria tur\u00edstica.<\/p>\n\n\n\n<figure class=\"wp-block-gallery has-nested-images columns-default is-cropped wp-block-gallery-2 is-layout-flex wp-block-gallery-is-layout-flex\">\n<figure class=\"wp-block-image size-large\"><img decoding=\"async\" width=\"800\" height=\"533\" data-id=\"1086856\" src=\"https:\/\/dimensionturistica.com\/es\/wp-content\/uploads\/2025\/12\/vsptAQ.jpeg\" alt=\"\" class=\"wp-image-1086856\" srcset=\"https:\/\/dimensionturistica.com\/es\/wp-content\/uploads\/2025\/12\/vsptAQ.jpeg 800w, https:\/\/dimensionturistica.com\/es\/wp-content\/uploads\/2025\/12\/vsptAQ-300x200.jpeg 300w, https:\/\/dimensionturistica.com\/es\/wp-content\/uploads\/2025\/12\/vsptAQ-768x512.jpeg 768w, https:\/\/dimensionturistica.com\/es\/wp-content\/uploads\/2025\/12\/vsptAQ-750x500.jpeg 750w\" sizes=\"(max-width: 800px) 100vw, 800px\" \/><\/figure>\n<\/figure>\n\n\n\n<p>\u201cEs un honor poder ser anfitriones de un evento de esta magnitud. Es particularmente importante en el contexto de la transformaci\u00f3n de la industria tur\u00edstica a nivel global construir pol\u00edticas p\u00fablicas intersectoriales hacia modelos m\u00e1s responsables. La tecnolog\u00eda ha sido un factor determinante en este cambio, principalmente en industrias como el alojamiento. Estoy seguro de que escuchar la diversidad de voces aqu\u00ed presentes, todas de alto nivel, fue enriquecedor para todos los asistentes\u201d, declar\u00f3 el Mtro. Jos\u00e9 \u00c1ngel D\u00edaz, Director de la Facultad de Turismo y Gastronom\u00eda de la Universidad An\u00e1huac M\u00e9xico.<\/p>\n\n\n\n<figure class=\"wp-block-gallery has-nested-images columns-default is-cropped wp-block-gallery-3 is-layout-flex wp-block-gallery-is-layout-flex\">\n<figure class=\"wp-block-image size-large\"><img decoding=\"async\" width=\"500\" height=\"300\" data-id=\"1086857\" src=\"https:\/\/dimensionturistica.com\/es\/wp-content\/uploads\/2025\/12\/1HOTEL-3.jpg\" alt=\"\" class=\"wp-image-1086857\" srcset=\"https:\/\/dimensionturistica.com\/es\/wp-content\/uploads\/2025\/12\/1HOTEL-3.jpg 500w, https:\/\/dimensionturistica.com\/es\/wp-content\/uploads\/2025\/12\/1HOTEL-3-300x180.jpg 300w\" sizes=\"(max-width: 500px) 100vw, 500px\" \/><\/figure>\n<\/figure>\n\n\n\n<p>Durante el acto inaugural, se cont\u00f3 con la presencia en formato virtual de la Directora General de la WTTC, la Mtra. Gloria Guevara. En su mensaje, destac\u00f3 la coyuntura internacional del ecosistema tur\u00edstico, reafirmando una situaci\u00f3n de transformaci\u00f3n. En este segmento, igualmente se cont\u00f3 con la presencia de la Secretar\u00eda de Turismo Federal, representada por Miguel Agu\u00ed\u00f1iga; la Concanaco-Servytur, representada por su Tesorera Rosa Elena Garc\u00eda; as\u00ed como el Director General de Airbnb para M\u00e9xico, Latinoam\u00e9rica y el Caribe, \u00c1ngel Terral.<\/p>\n\n\n\n<figure class=\"wp-block-gallery has-nested-images columns-default is-cropped wp-block-gallery-4 is-layout-flex wp-block-gallery-is-layout-flex\">\n<figure class=\"wp-block-image size-large\"><img decoding=\"async\" width=\"500\" height=\"333\" data-id=\"1086858\" src=\"https:\/\/dimensionturistica.com\/es\/wp-content\/uploads\/2025\/12\/2HOTEL-2.jpg\" alt=\"\" class=\"wp-image-1086858\" srcset=\"https:\/\/dimensionturistica.com\/es\/wp-content\/uploads\/2025\/12\/2HOTEL-2.jpg 500w, https:\/\/dimensionturistica.com\/es\/wp-content\/uploads\/2025\/12\/2HOTEL-2-300x200.jpg 300w\" sizes=\"(max-width: 500px) 100vw, 500px\" \/><\/figure>\n<\/figure>\n\n\n\n<p>\u201cCelebro la iniciativa de realizar este foro, es de suma importancia que la comunidad de alumnos y profesores est\u00e9n presentes en conversaciones que determinar\u00e1n la industria en la que est\u00e1n inmersos. El ecosistema tur\u00edstico cambia a un ritmo acelerado, el cual necesita de una toma de decisiones \u00e1gil y un di\u00e1logo multidisciplinario, como el que se llev\u00f3 a cabo el d\u00eda de hoy\u201d, comparti\u00f3 el Mtro. Jes\u00fas Arag\u00f3n, Jefe de la Secci\u00f3n de Estudios de Posgrado e Investigaci\u00f3n de la Escuela Superior de Turismo del Instituto Polit\u00e9cnico Nacional.<\/p>\n\n\n\n<figure class=\"wp-block-gallery has-nested-images columns-default is-cropped wp-block-gallery-5 is-layout-flex wp-block-gallery-is-layout-flex\">\n<figure class=\"wp-block-image size-large\"><img decoding=\"async\" width=\"500\" height=\"333\" data-id=\"1086859\" src=\"https:\/\/dimensionturistica.com\/es\/wp-content\/uploads\/2025\/12\/4HOTEL-2.jpg\" alt=\"\" class=\"wp-image-1086859\" srcset=\"https:\/\/dimensionturistica.com\/es\/wp-content\/uploads\/2025\/12\/4HOTEL-2.jpg 500w, https:\/\/dimensionturistica.com\/es\/wp-content\/uploads\/2025\/12\/4HOTEL-2-300x200.jpg 300w\" sizes=\"(max-width: 500px) 100vw, 500px\" \/><\/figure>\n<\/figure>\n\n\n\n<p>El evento cont\u00f3 con dos paneles de alto nivel para abordar este tema desde la perspectiva nacional y de la Ciudad de M\u00e9xico. El primer conversatorio \u201cM\u00e9xico en Transformaci\u00f3n: Turismo, Tecnolog\u00eda y Fortalecimiento de MIPYMES\u201d, cont\u00f3 con la participaci\u00f3n de la Secretar\u00eda de Turismo Federal, la ALAI, la Concanaco-Servytur, Airbnb, moderado por el IPN. Los diferentes panelistas abordaron la situaci\u00f3n de la industria tur\u00edstica del pa\u00eds y coincidieron en que la digitalizaci\u00f3n representa una oportunidad \u00fanica para descentralizar los destinos y fortalecer las econom\u00edas locales. Como uno de los pa\u00edses m\u00e1s visitados del mundo, el pa\u00eds posee cualidades ventajosas para crecer el ecosistema, incluyendo a cada vez m\u00e1s actores, y con una plena integraci\u00f3n de micro, peque\u00f1as y medianas empresas a la cadena de valor del turismo.<\/p>\n\n\n\n<figure class=\"wp-block-gallery has-nested-images columns-default is-cropped wp-block-gallery-6 is-layout-flex wp-block-gallery-is-layout-flex\">\n<figure class=\"wp-block-image size-large\"><img decoding=\"async\" width=\"800\" height=\"533\" data-id=\"1086860\" src=\"https:\/\/dimensionturistica.com\/es\/wp-content\/uploads\/2025\/12\/2ZObxhwg.jpeg\" alt=\"\" class=\"wp-image-1086860\" srcset=\"https:\/\/dimensionturistica.com\/es\/wp-content\/uploads\/2025\/12\/2ZObxhwg.jpeg 800w, https:\/\/dimensionturistica.com\/es\/wp-content\/uploads\/2025\/12\/2ZObxhwg-300x200.jpeg 300w, https:\/\/dimensionturistica.com\/es\/wp-content\/uploads\/2025\/12\/2ZObxhwg-768x512.jpeg 768w, https:\/\/dimensionturistica.com\/es\/wp-content\/uploads\/2025\/12\/2ZObxhwg-750x500.jpeg 750w\" sizes=\"(max-width: 800px) 100vw, 800px\" \/><\/figure>\n<\/figure>\n\n\n\n<p>Durante el panel \u201cCDMX: Capital global de la innovaci\u00f3n tur\u00edstica y la econom\u00eda barrial\u201d, dedicado a dialogar sobre las particularidades de la capital mexicana frente a los retos y oportunidades de la tecnolog\u00eda. Dicho di\u00e1logo se llev\u00f3 a cabo entre representantes del Fondo Mixto de Promoci\u00f3n Tur\u00edstica de la CDMX, la AMITI, industria hotelera y la Comunidad de Anfitriones de Alojamiento Temporal de la CDMX. Una idea recurrente fue que la Ciudad debe marcar el ejemplo en el desarrollo de un ecosistema tur\u00edstico responsable y que sea motor de desarrollo justo para sus habitantes y visitantes.<\/p>\n\n\n\n<p>El foro dej\u00f3 claro que el futuro del turismo depende de la capacidad colectiva para integrar tecnolog\u00eda, sostenibilidad y participaci\u00f3n social en un mismo horizonte estrat\u00e9gico. La convergencia entre academia, gobierno e industria no s\u00f3lo enriquecer\u00e1 la toma de decisiones, sino que permitir\u00e1 construir destinos m\u00e1s resilientes, inteligentes y centrados en las personas.<\/p>\n\n\n\n<figure class=\"wp-block-gallery has-nested-images columns-default is-cropped wp-block-gallery-7 is-layout-flex wp-block-gallery-is-layout-flex\">\n<figure class=\"wp-block-image size-large\"><img decoding=\"async\" width=\"500\" height=\"521\" data-id=\"1086861\" src=\"https:\/\/dimensionturistica.com\/es\/wp-content\/uploads\/2025\/12\/7HOTEL-1.jpg\" alt=\"\" class=\"wp-image-1086861\" srcset=\"https:\/\/dimensionturistica.com\/es\/wp-content\/uploads\/2025\/12\/7HOTEL-1.jpg 500w, https:\/\/dimensionturistica.com\/es\/wp-content\/uploads\/2025\/12\/7HOTEL-1-288x300.jpg 288w\" sizes=\"(max-width: 500px) 100vw, 500px\" \/><\/figure>\n<\/figure>\n\n\n\n<p>Finalmente, el foro abord\u00f3 la importancia del Mundial de F\u00fatbol a celebrarse el pr\u00f3ximo a\u00f1o y donde M\u00e9xico y la CDMX ser\u00e1n foco global para el turismo. Particularmente, se destac\u00f3 la&nbsp; necesidad de que el sector de hospedaje, tanto el alojamiento temporal a trav\u00e9s de plataformas como el sector hotelero, trabajen de manera coordinada para generar un experiencia \u00fanica a los visitantes, al tiempo que tanto las autoridades federales y locales como los representantes de las c\u00e1maras resaltaron la importancia de usar la tecnolog\u00eda en el sector turismo como un habilitador de prosperidad, siendo para ello importante generar modelos regulatorios transparentes, basados en evidencia y que permitan potenciar un equilibrio entre la actividad tur\u00edstica, la derrama econ\u00f3mica local, la inclusi\u00f3n comunitaria y la preservaci\u00f3n del patrimonio cultural y natural de los destinos mexicanos.<\/p>\n","protected":false},"excerpt":{"rendered":"<p>Con el objetivo de fortalecer la colaboraci\u00f3n entre el sector p\u00fablico, la academia y la iniciativa privada, se llev\u00f3 a cabo el Foro \u201cAlojamiento temporal y turismo del futuro\u201d. Este encuentro fue organizado por la Facultad de Turismo y Gastronom\u00eda de la Universidad An\u00e1huac M\u00e9xico, en colaboraci\u00f3n con la Escuela Superior de Turismo del Instituto [&hellip;]<\/p>\n","protected":false},"author":1,"featured_media":0,"comment_status":"open","ping_status":"closed","sticky":false,"template":"","format":"standard","meta":{"om_disable_all_campaigns":false,"jnews-multi-image_gallery":[],"jnews_single_post":[],"jnews_primary_category":[],"jnews_social_meta":[],"footnotes":""},"categories":[39],"tags":[],"class_list":["post-1086854","post","type-post","status-publish","format-standard","hentry","category-viajes"],"_links":{"self":[{"href":"https:\/\/dimensionturistica.com\/es\/wp-json\/wp\/v2\/posts\/1086854","targetHints":{"allow":["GET"]}}],"collection":[{"href":"https:\/\/dimensionturistica.com\/es\/wp-json\/wp\/v2\/posts"}],"about":[{"href":"https:\/\/dimensionturistica.com\/es\/wp-json\/wp\/v2\/types\/post"}],"author":[{"embeddable":true,"href":"https:\/\/dimensionturistica.com\/es\/wp-json\/wp\/v2\/users\/1"}],"replies":[{"embeddable":true,"href":"https:\/\/dimensionturistica.com\/es\/wp-json\/wp\/v2\/comments?post=1086854"}],"version-history":[{"count":1,"href":"https:\/\/dimensionturistica.com\/es\/wp-json\/wp\/v2\/posts\/1086854\/revisions"}],"predecessor-version":[{"id":1086862,"href":"https:\/\/dimensionturistica.com\/es\/wp-json\/wp\/v2\/posts\/1086854\/revisions\/1086862"}],"wp:attachment":[{"href":"https:\/\/dimensionturistica.com\/es\/wp-json\/wp\/v2\/media?parent=1086854"}],"wp:term":[{"taxonomy":"category","embeddable":true,"href":"https:\/\/dimensionturistica.com\/es\/wp-json\/wp\/v2\/categories?post=1086854"},{"taxonomy":"post_tag","embeddable":true,"href":"https:\/\/dimensionturistica.com\/es\/wp-json\/wp\/v2\/tags?post=1086854"}],"curies":[{"name":"wp","href":"https:\/\/api.w.org\/{rel}","templated":true}]}}