{"id":1086816,"date":"2025-12-16T20:18:37","date_gmt":"2025-12-16T20:18:37","guid":{"rendered":"https:\/\/dimensionturistica.com\/es\/?p=1086816"},"modified":"2025-12-16T20:18:37","modified_gmt":"2025-12-16T20:18:37","slug":"acto-discriminatorio-de-la-marina-redujo-ya-el-30-del-ingreso-de-seis-empresas-permisionarias-de-taxis-en-el-aicm","status":"publish","type":"post","link":"https:\/\/dimensionturistica.com\/es\/acto-discriminatorio-de-la-marina-redujo-ya-el-30-del-ingreso-de-seis-empresas-permisionarias-de-taxis-en-el-aicm\/","title":{"rendered":"Acto discriminatorio de la Marina redujo ya el 30% del ingreso de seis empresas permisionarias de taxis en el AICM."},"content":{"rendered":"\n<figure class=\"wp-block-gallery has-nested-images columns-default is-cropped wp-block-gallery-1 is-layout-flex wp-block-gallery-is-layout-flex\">\n<figure class=\"wp-block-image size-large\"><img decoding=\"async\" width=\"500\" height=\"316\" data-id=\"1086817\" src=\"https:\/\/dimensionturistica.com\/es\/wp-content\/uploads\/2025\/12\/7AERO-1.jpg\" alt=\"\" class=\"wp-image-1086817\" srcset=\"https:\/\/dimensionturistica.com\/es\/wp-content\/uploads\/2025\/12\/7AERO-1.jpg 500w, https:\/\/dimensionturistica.com\/es\/wp-content\/uploads\/2025\/12\/7AERO-1-300x190.jpg 300w\" sizes=\"(max-width: 500px) 100vw, 500px\" \/><\/figure>\n<\/figure>\n\n\n\n<p>En un evidente acto discriminatorio por parte de las autoridades de la Secretar\u00eda de Marina que administran el Aeropuerto internacional de la Ciudad de M\u00e9xico, el cierre ilegal desde el lunes 24 de noviembre, de los puntos de venta de seis empresas que ofrecen el servicio de transporte autorizado de taxis, ha afectado ya con una disminuci\u00f3n del 30% de sus ingresos y con ello tambi\u00e9n la econom\u00eda de los trabajadores y de sus familias.<\/p>\n\n\n\n<figure class=\"wp-block-gallery has-nested-images columns-default is-cropped wp-block-gallery-2 is-layout-flex wp-block-gallery-is-layout-flex\">\n<figure class=\"wp-block-image size-large\"><img decoding=\"async\" width=\"500\" height=\"339\" data-id=\"1086818\" src=\"https:\/\/dimensionturistica.com\/es\/wp-content\/uploads\/2025\/12\/9AAERO.jpg\" alt=\"\" class=\"wp-image-1086818\" srcset=\"https:\/\/dimensionturistica.com\/es\/wp-content\/uploads\/2025\/12\/9AAERO.jpg 500w, https:\/\/dimensionturistica.com\/es\/wp-content\/uploads\/2025\/12\/9AAERO-300x203.jpg 300w\" sizes=\"(max-width: 500px) 100vw, 500px\" \/><\/figure>\n<\/figure>\n\n\n\n<p>Ante ello, este d\u00eda representantes de las seis empresas afectadas hicieron una serie de protestas dentro de las terminales uno y dos del AICM, con el fin de exigir la presencia y atenci\u00f3n de las autoridades de Marina, para que se acabe inmediatamente con estos hechos discriminatorios hacia las empresas que tienen menos unidades en la terminal a\u00e9rea capitalina.<\/p>\n\n\n\n<figure class=\"wp-block-gallery has-nested-images columns-default is-cropped wp-block-gallery-3 is-layout-flex wp-block-gallery-is-layout-flex\">\n<figure class=\"wp-block-image size-large\"><img decoding=\"async\" width=\"500\" height=\"281\" data-id=\"1086819\" src=\"https:\/\/dimensionturistica.com\/es\/wp-content\/uploads\/2025\/12\/3AERO.jpg\" alt=\"\" class=\"wp-image-1086819\" srcset=\"https:\/\/dimensionturistica.com\/es\/wp-content\/uploads\/2025\/12\/3AERO.jpg 500w, https:\/\/dimensionturistica.com\/es\/wp-content\/uploads\/2025\/12\/3AERO-300x169.jpg 300w\" sizes=\"(max-width: 500px) 100vw, 500px\" \/><\/figure>\n<\/figure>\n\n\n\n<p>Lupita Espinosa, permisionaria de una de las compa\u00f1\u00edas afectadas, asegur\u00f3 que este tipo de actos sin previo aviso, constituyen un hecho de abierta discriminaci\u00f3n que tiene el prop\u00f3sito de generar competencia desleal frente a empresas m\u00e1s grandes dentro del Aeropuerto de la Ciudad de M\u00e9xico.<\/p>\n\n\n\n<figure class=\"wp-block-gallery has-nested-images columns-default is-cropped wp-block-gallery-4 is-layout-flex wp-block-gallery-is-layout-flex\">\n<figure class=\"wp-block-image size-large\"><img decoding=\"async\" width=\"500\" height=\"375\" data-id=\"1086820\" src=\"https:\/\/dimensionturistica.com\/es\/wp-content\/uploads\/2025\/12\/1AERO-1.jpg\" alt=\"\" class=\"wp-image-1086820\" srcset=\"https:\/\/dimensionturistica.com\/es\/wp-content\/uploads\/2025\/12\/1AERO-1.jpg 500w, https:\/\/dimensionturistica.com\/es\/wp-content\/uploads\/2025\/12\/1AERO-1-300x225.jpg 300w\" sizes=\"(max-width: 500px) 100vw, 500px\" \/><\/figure>\n<\/figure>\n\n\n\n<p>Estos hechos definitivamente ponen en peligro la permanencia de las compa\u00f1\u00edas m\u00e1s peque\u00f1as en el aeropuerto y afectan a cientos de familias, ya que de forma inmediata se arriesga el pago de sus n\u00f3minas.<\/p>\n\n\n\n<p>Por lo anterior, a\u00f1adi\u00f3, los permisionarios afectados hacen un llamado urgente para que las autoridades de la Secretar\u00eda de Marina, y no otra autoridad de ninguna otra dependencia, sean quienes atiendan las inconformidades generadas no desde el lunes<\/p>\n\n\n\n<figure class=\"wp-block-gallery has-nested-images columns-default is-cropped wp-block-gallery-5 is-layout-flex wp-block-gallery-is-layout-flex\">\n<figure class=\"wp-block-image size-large\"><img decoding=\"async\" width=\"384\" height=\"258\" data-id=\"1086821\" src=\"https:\/\/dimensionturistica.com\/es\/wp-content\/uploads\/2025\/12\/4AERO.jpg\" alt=\"\" class=\"wp-image-1086821\" srcset=\"https:\/\/dimensionturistica.com\/es\/wp-content\/uploads\/2025\/12\/4AERO.jpg 384w, https:\/\/dimensionturistica.com\/es\/wp-content\/uploads\/2025\/12\/4AERO-300x202.jpg 300w\" sizes=\"(max-width: 384px) 100vw, 384px\" \/><\/figure>\n<\/figure>\n\n\n\n<p>sino a lo largo de los \u00faltimos meses.<\/p>\n\n\n\n<p>Es urgente, dijo, que primeramente cesen los actos discriminatorios y posteriormente se generen los medios necesarios para establecer una competencia, en condiciones de igualdad, entre las 11 compa\u00f1\u00edas que ofrecen este servicio tanto en la terminal uno com<\/p>\n\n\n\n<p>en la dos.<\/p>\n\n\n\n<figure class=\"wp-block-gallery has-nested-images columns-default is-cropped wp-block-gallery-6 is-layout-flex wp-block-gallery-is-layout-flex\">\n<figure class=\"wp-block-image size-large\"><img decoding=\"async\" width=\"500\" height=\"281\" data-id=\"1086822\" src=\"https:\/\/dimensionturistica.com\/es\/wp-content\/uploads\/2025\/12\/5AERO.jpg\" alt=\"\" class=\"wp-image-1086822\" srcset=\"https:\/\/dimensionturistica.com\/es\/wp-content\/uploads\/2025\/12\/5AERO.jpg 500w, https:\/\/dimensionturistica.com\/es\/wp-content\/uploads\/2025\/12\/5AERO-300x169.jpg 300w\" sizes=\"(max-width: 500px) 100vw, 500px\" \/><\/figure>\n<\/figure>\n\n\n\n<p>Los permisionarios afectados afirmaron finalmente que no aceptar\u00e1n la intermediaci\u00f3n de ning\u00fan funcionario que no forme parte de la Secretar\u00eda de Marina, al tiempo que exigieron mesas de trabajo y negociaci\u00f3n de dicha dependencia con cada una de las empresas da\u00f1adas.<\/p>\n","protected":false},"excerpt":{"rendered":"<p>En un evidente acto discriminatorio por parte de las autoridades de la Secretar\u00eda de Marina que administran el Aeropuerto internacional de la Ciudad de M\u00e9xico, el cierre ilegal desde el lunes 24 de noviembre, de los puntos de venta de seis empresas que ofrecen el servicio de transporte autorizado de taxis, ha afectado ya con [&hellip;]<\/p>\n","protected":false},"author":1,"featured_media":0,"comment_status":"open","ping_status":"closed","sticky":false,"template":"","format":"standard","meta":{"om_disable_all_campaigns":false,"jnews-multi-image_gallery":[],"jnews_single_post":[],"jnews_primary_category":[],"jnews_social_meta":[],"footnotes":""},"categories":[40],"tags":[],"class_list":["post-1086816","post","type-post","status-publish","format-standard","hentry","category-industria"],"_links":{"self":[{"href":"https:\/\/dimensionturistica.com\/es\/wp-json\/wp\/v2\/posts\/1086816","targetHints":{"allow":["GET"]}}],"collection":[{"href":"https:\/\/dimensionturistica.com\/es\/wp-json\/wp\/v2\/posts"}],"about":[{"href":"https:\/\/dimensionturistica.com\/es\/wp-json\/wp\/v2\/types\/post"}],"author":[{"embeddable":true,"href":"https:\/\/dimensionturistica.com\/es\/wp-json\/wp\/v2\/users\/1"}],"replies":[{"embeddable":true,"href":"https:\/\/dimensionturistica.com\/es\/wp-json\/wp\/v2\/comments?post=1086816"}],"version-history":[{"count":1,"href":"https:\/\/dimensionturistica.com\/es\/wp-json\/wp\/v2\/posts\/1086816\/revisions"}],"predecessor-version":[{"id":1086823,"href":"https:\/\/dimensionturistica.com\/es\/wp-json\/wp\/v2\/posts\/1086816\/revisions\/1086823"}],"wp:attachment":[{"href":"https:\/\/dimensionturistica.com\/es\/wp-json\/wp\/v2\/media?parent=1086816"}],"wp:term":[{"taxonomy":"category","embeddable":true,"href":"https:\/\/dimensionturistica.com\/es\/wp-json\/wp\/v2\/categories?post=1086816"},{"taxonomy":"post_tag","embeddable":true,"href":"https:\/\/dimensionturistica.com\/es\/wp-json\/wp\/v2\/tags?post=1086816"}],"curies":[{"name":"wp","href":"https:\/\/api.w.org\/{rel}","templated":true}]}}