{"id":1086764,"date":"2025-12-16T18:49:56","date_gmt":"2025-12-16T18:49:56","guid":{"rendered":"https:\/\/dimensionturistica.com\/es\/?p=1086764"},"modified":"2025-12-16T18:49:56","modified_gmt":"2025-12-16T18:49:56","slug":"destinos-navidenos-para-descubrir-con-los-mas-pequenos-de-la-familia","status":"publish","type":"post","link":"https:\/\/dimensionturistica.com\/es\/destinos-navidenos-para-descubrir-con-los-mas-pequenos-de-la-familia\/","title":{"rendered":"Destinos navide\u00f1os para descubrir con los m\u00e1s peque\u00f1os de la familia"},"content":{"rendered":"\n<figure class=\"wp-block-gallery has-nested-images columns-default is-cropped wp-block-gallery-1 is-layout-flex wp-block-gallery-is-layout-flex\">\n<figure class=\"wp-block-image size-large\"><img decoding=\"async\" width=\"500\" height=\"223\" data-id=\"1086765\" src=\"https:\/\/dimensionturistica.com\/es\/wp-content\/uploads\/2025\/12\/1PASE.jpg\" alt=\"\" class=\"wp-image-1086765\" srcset=\"https:\/\/dimensionturistica.com\/es\/wp-content\/uploads\/2025\/12\/1PASE.jpg 500w, https:\/\/dimensionturistica.com\/es\/wp-content\/uploads\/2025\/12\/1PASE-300x134.jpg 300w\" sizes=\"(max-width: 500px) 100vw, 500px\" \/><\/figure>\n<\/figure>\n\n\n\n<p>La temporada navide\u00f1a es una de las \u00e9pocas m\u00e1s esperadas del a\u00f1o. Los \u00e1rboles cubiertos con esferas de colores, los tradicionales nacimientos y las resplandecientes luces ofrecen escenarios \u00fanicos dignos de vivir en familia.<\/p>\n\n\n\n<p>Sin duda, las fiestas decembrinas son una oportunidad para reconectar con nuestros seres queridos, sobre todo con los m\u00e1s peque\u00f1os del hogar, que en esta temporada toman un merecido descanso de la escuela.<\/p>\n\n\n\n<p>De acuerdo con la Secretar\u00eda de Educaci\u00f3n P\u00fablica (SEP), el viernes 19 de diciembre ser\u00e1 el \u00faltimo d\u00eda de clases en educaci\u00f3n b\u00e1sica, con lo que se dar\u00e1 inicio a las vacaciones de invierno 2025. Mientras tanto, ser\u00e1 hasta el lunes 12 de enero de 2026 cuando los alumnos regresen a las aulas.<\/p>\n\n\n\n<p>Durante estos d\u00edas de descanso, chicos y grandes pueden descubrir la magia de la Navidad en festivales y eventos alusivos a la \u00e9poca en diferentes lugares de nuestro pa\u00eds. Expertos de movilidad de PASE recomiendan visitar estados como Puebla, Nuevo Le\u00f3n y Tlaxcala, donde se podr\u00e1 disfrutar de experiencias tem\u00e1ticas claves para el turismo local.<\/p>\n\n\n\n<p>Este a\u00f1o, el pueblo m\u00e1gico de Atlixco, ubicado en Puebla, ser\u00e1 la sede de un festival de brillantes luces navide\u00f1as, donde ni\u00f1os y ni\u00f1as podr\u00e1n gozar de m\u00fasica en vivo, pastorelas sobre el nacimiento de Jes\u00fas, juegos mec\u00e1nicos y hasta tomarse su fotograf\u00eda con los Reyes Magos. Este festival tendr\u00e1 lugar del 14 de noviembre al 3 de enero de 2026 en las inmediaciones del Aer\u00f3dromo de Atlixco.<\/p>\n\n\n\n<figure class=\"wp-block-gallery has-nested-images columns-default is-cropped wp-block-gallery-2 is-layout-flex wp-block-gallery-is-layout-flex\">\n<figure class=\"wp-block-image size-large\"><img decoding=\"async\" width=\"500\" height=\"333\" data-id=\"1086766\" src=\"https:\/\/dimensionturistica.com\/es\/wp-content\/uploads\/2025\/12\/5PASE.jpg\" alt=\"\" class=\"wp-image-1086766\" srcset=\"https:\/\/dimensionturistica.com\/es\/wp-content\/uploads\/2025\/12\/5PASE.jpg 500w, https:\/\/dimensionturistica.com\/es\/wp-content\/uploads\/2025\/12\/5PASE-300x200.jpg 300w\" sizes=\"(max-width: 500px) 100vw, 500px\" \/><\/figure>\n<\/figure>\n\n\n\n<p>Mientras tanto, el Parque Fundidora, en Monterrey, Nuevo Le\u00f3n, se encender\u00e1 con cientos de luces navide\u00f1as durante estas fiestas para dar la bienvenida a quienes quieran contagiarse del ambiente invernal. Figuras iluminadas, regalos por todos lados y los tradicionales trenes estar\u00e1n a disposici\u00f3n de los visitantes del 19 de noviembre al 6 de enero.<\/p>\n\n\n\n<p>Finalmente, Val\u2019Quirico, en Tlaxcala, es la opci\u00f3n ideal para vivir una experiencia digna de pel\u00edcula navide\u00f1a junto a los m\u00e1s peque\u00f1os de la familia. El 30 de noviembre se tiene previsto el encendido oficial del \u00e1rbol de Navidad de este pueblo m\u00e1gico, en medio de una fiesta de juegos artificiales y villancicos. Es as\u00ed como comienza, oficialmente, la Navidad en este sitio, cuya arquitectura est\u00e1 inspirada en Valle de Quirico, Italia, y que ofrece un fondo perfecto para fotograf\u00eda en cada rinc\u00f3n.<\/p>\n\n\n\n<p>Si eliges viajar a alguno de estos destinos durante estas vacaciones de invierno, vale la pena anticipar detalles como los trayectos por carretera, si necesitar\u00e1s hospedaje o si conviene reservar alguna actividad. Una buena planificaci\u00f3n suele hacer el viaje m\u00e1s c\u00f3modo y pr\u00e1ctico para todos.<\/p>\n\n\n\n<p>Para organizarte mejor en estas fiestas decembrinas, puedes utilizar herramientas que re\u00fanan informaci\u00f3n sobre rutas, servicios y opciones de viaje. Entre ellas se encuentran la aplicaci\u00f3n PASE, que te ayuda a calcular el costo de las casetas de peaje y el costo del combustible; tambi\u00e9n puedes visitar el sitio pasepormexico.com, donde comparten datos \u00fatiles sobre hoteles, descuentos en hospedaje, renta de autos, tours y m\u00e1s.<\/p>\n","protected":false},"excerpt":{"rendered":"<p>La temporada navide\u00f1a es una de las \u00e9pocas m\u00e1s esperadas del a\u00f1o. Los \u00e1rboles cubiertos con esferas de colores, los tradicionales nacimientos y las resplandecientes luces ofrecen escenarios \u00fanicos dignos de vivir en familia. Sin duda, las fiestas decembrinas son una oportunidad para reconectar con nuestros seres queridos, sobre todo con los m\u00e1s peque\u00f1os del [&hellip;]<\/p>\n","protected":false},"author":1,"featured_media":0,"comment_status":"open","ping_status":"closed","sticky":false,"template":"","format":"standard","meta":{"om_disable_all_campaigns":false,"jnews-multi-image_gallery":[],"jnews_single_post":[],"jnews_primary_category":[],"jnews_social_meta":[],"footnotes":""},"categories":[39],"tags":[],"class_list":["post-1086764","post","type-post","status-publish","format-standard","hentry","category-viajes"],"_links":{"self":[{"href":"https:\/\/dimensionturistica.com\/es\/wp-json\/wp\/v2\/posts\/1086764","targetHints":{"allow":["GET"]}}],"collection":[{"href":"https:\/\/dimensionturistica.com\/es\/wp-json\/wp\/v2\/posts"}],"about":[{"href":"https:\/\/dimensionturistica.com\/es\/wp-json\/wp\/v2\/types\/post"}],"author":[{"embeddable":true,"href":"https:\/\/dimensionturistica.com\/es\/wp-json\/wp\/v2\/users\/1"}],"replies":[{"embeddable":true,"href":"https:\/\/dimensionturistica.com\/es\/wp-json\/wp\/v2\/comments?post=1086764"}],"version-history":[{"count":1,"href":"https:\/\/dimensionturistica.com\/es\/wp-json\/wp\/v2\/posts\/1086764\/revisions"}],"predecessor-version":[{"id":1086767,"href":"https:\/\/dimensionturistica.com\/es\/wp-json\/wp\/v2\/posts\/1086764\/revisions\/1086767"}],"wp:attachment":[{"href":"https:\/\/dimensionturistica.com\/es\/wp-json\/wp\/v2\/media?parent=1086764"}],"wp:term":[{"taxonomy":"category","embeddable":true,"href":"https:\/\/dimensionturistica.com\/es\/wp-json\/wp\/v2\/categories?post=1086764"},{"taxonomy":"post_tag","embeddable":true,"href":"https:\/\/dimensionturistica.com\/es\/wp-json\/wp\/v2\/tags?post=1086764"}],"curies":[{"name":"wp","href":"https:\/\/api.w.org\/{rel}","templated":true}]}}