{"id":1086700,"date":"2025-12-16T15:52:20","date_gmt":"2025-12-16T15:52:20","guid":{"rendered":"https:\/\/dimensionturistica.com\/es\/?p=1086700"},"modified":"2025-12-16T15:52:20","modified_gmt":"2025-12-16T15:52:20","slug":"una-guia-dermatologica-sobre-el-uso-del-protector-solar-en-invierno","status":"publish","type":"post","link":"https:\/\/dimensionturistica.com\/es\/una-guia-dermatologica-sobre-el-uso-del-protector-solar-en-invierno\/","title":{"rendered":"Una Gu\u00eda Dermatol\u00f3gica sobre el Uso del Protector Solar en Invierno"},"content":{"rendered":"<p><strong>El Cuidado de la Piel: La Importancia del Protector Solar en Invierno<\/strong><\/p>\n<p>Con la llegada del invierno, muchas personas tienden a dejar de lado el protector solar, creyendo err\u00f3neamente que su uso se limita a los meses c\u00e1lidos. Sin embargo, la protecci\u00f3n solar es un pilar fundamental del cuidado de la piel, independientemente de la temporada. Durante los meses fr\u00edos, la radiaci\u00f3n UV sigue siendo un factor de riesgo que puede afectar tanto la salud como la apariencia de la piel.<\/p>\n<h3>La Ciencia Detr\u00e1s de la Radiaci\u00f3n UV<\/h3>\n<p>A menudo, la percepci\u00f3n com\u00fan es que el calor del sol es lo que causa da\u00f1o, pero en realidad, los rayos ultravioletas (UV) siguen presentes en el invierno, incluso en d\u00edas nublados. Los rayos UVB, responsables de las quemaduras solares, pueden penetrar la piel a trav\u00e9s de las nubes y el cristal. Adem\u00e1s, los rayos UVA, que contribuyen al envejecimiento prematuro y a la formaci\u00f3n de arrugas, son igualmente da\u00f1inos y est\u00e1n presentes todo el a\u00f1o, alcanzando incluso a quienes pasan tiempo en interiores.<\/p>\n<h3>Reflexiones sobre el Cuidado de la Piel<\/h3>\n<p>Los expertos resaltan que el uso diario de protector solar en invierno ayuda a prevenir el da\u00f1o acumulativo en la piel, que a largo plazo puede desembocar en problemas m\u00e1s serios como el c\u00e1ncer de piel. Por ende, elegir un producto adecuado no solo es un acto de prevenci\u00f3n, sino tambi\u00e9n una inversi\u00f3n en la salud a largo plazo.<\/p>\n<h3>La Elecci\u00f3n del Protector Solar<\/h3>\n<p>En el mercado hay una amplia variedad de protectores solares que se adaptan a diferentes tipos de piel y necesidades. Los productos con un factor de protecci\u00f3n solar (FPS) de 30 o m\u00e1s son recomendados como base. Adem\u00e1s, es crucial optar por f\u00f3rmulas que sean resistentes al agua, lo que proporcionar\u00e1 mayor durabilidad a pesar de actividades al aire libre o la exposici\u00f3n a condiciones clim\u00e1ticas extremas.<\/p>\n<h3>Integraci\u00f3n en la Rutina Diaria<\/h3>\n<p>Incorporar el protector solar en la rutina diaria es fundamental, y se puede hacer sin complicaciones. Aplicarlo como el \u00faltimo paso en la rutina de cuidado facial, antes del maquillaje, asegura una cobertura completa. Para quienes pasan largos periodos de tiempo al aire libre, la re-aplicaci\u00f3n cada dos horas se vuelve esencial.<\/p>\n<h3>Tendencias Actuales en el Cuidado Solar<\/h3>\n<p>El mundo de la belleza sigue evolucionando, y muchas marcas est\u00e1n innovando en el desarrollo de f\u00f3rmulas que no solo protegen, sino que tambi\u00e9n nutren la piel. Productos que combinan ingredientes hidratantes con protecci\u00f3n solar son cada vez m\u00e1s populares, permitiendo a los usuarios cuidar su piel mientras disfrutan de la temporada invernal.<\/p>\n<h3>Conclusi\u00f3n<\/h3>\n<p>La protecci\u00f3n solar ha demostrado ser una de las herramientas m\u00e1s efectivas en el cuidado de la piel. Ignorar su uso en invierno puede ser un error costoso, tanto est\u00e9ticamente como en t\u00e9rminos de salud. As\u00ed que, al salir en esos d\u00edas fr\u00edos y soleados, recordar aplicar protector solar no solo es un gesto de autocuidado, sino una acci\u00f3n consciente para mantener nuestra piel radiante y saludable todo el a\u00f1o.<\/p>\n<p><em> &#8221; Fuentes www.vogue.com &#8221; <\/em><\/p>\n","protected":false},"excerpt":{"rendered":"<p>El Cuidado de la Piel: La Importancia del Protector Solar en Invierno Con la llegada del invierno, muchas personas tienden a dejar de lado el protector solar, creyendo err\u00f3neamente que su uso se limita a los meses c\u00e1lidos. Sin embargo, la protecci\u00f3n solar es un pilar fundamental del cuidado de la piel, independientemente de la [&hellip;]<\/p>\n","protected":false},"author":14,"featured_media":1086701,"comment_status":"open","ping_status":"closed","sticky":false,"template":"","format":"standard","meta":{"om_disable_all_campaigns":false,"jnews-multi-image_gallery":[],"jnews_single_post":[],"jnews_primary_category":[],"jnews_social_meta":[],"footnotes":""},"categories":[144872],"tags":[198537,250506,250531,198594,198536,198535,72867,108728,124180,198499,260602,202,95669,107900,200836,201899,217122,221081,81037,198500,157139,373,48675],"class_list":["post-1086700","post","type-post","status-publish","format-standard","has-post-thumbnail","hentry","category-fashion","tag-_commerce","tag-_presets_commerce_vogue","tag-_presets_commerce_vogue_beauty","tag-_sensitivecontent","tag-_seo","tag-_syndication_noshow","tag-beauty","tag-dermatologists","tag-dermatology","tag-onecolumn","tag-seasonal-skincare","tag-shopping","tag-skin","tag-skin-care","tag-skincare-routine","tag-skincare-tips","tag-storytypecategory-guide-comparison","tag-sun-safety","tag-sunscreen","tag-textabovecenterfullbleed","tag-uv-protection","tag-web","tag-winter"],"_links":{"self":[{"href":"https:\/\/dimensionturistica.com\/es\/wp-json\/wp\/v2\/posts\/1086700","targetHints":{"allow":["GET"]}}],"collection":[{"href":"https:\/\/dimensionturistica.com\/es\/wp-json\/wp\/v2\/posts"}],"about":[{"href":"https:\/\/dimensionturistica.com\/es\/wp-json\/wp\/v2\/types\/post"}],"author":[{"embeddable":true,"href":"https:\/\/dimensionturistica.com\/es\/wp-json\/wp\/v2\/users\/14"}],"replies":[{"embeddable":true,"href":"https:\/\/dimensionturistica.com\/es\/wp-json\/wp\/v2\/comments?post=1086700"}],"version-history":[{"count":1,"href":"https:\/\/dimensionturistica.com\/es\/wp-json\/wp\/v2\/posts\/1086700\/revisions"}],"predecessor-version":[{"id":1086702,"href":"https:\/\/dimensionturistica.com\/es\/wp-json\/wp\/v2\/posts\/1086700\/revisions\/1086702"}],"wp:featuredmedia":[{"embeddable":true,"href":"https:\/\/dimensionturistica.com\/es\/wp-json\/wp\/v2\/media\/1086701"}],"wp:attachment":[{"href":"https:\/\/dimensionturistica.com\/es\/wp-json\/wp\/v2\/media?parent=1086700"}],"wp:term":[{"taxonomy":"category","embeddable":true,"href":"https:\/\/dimensionturistica.com\/es\/wp-json\/wp\/v2\/categories?post=1086700"},{"taxonomy":"post_tag","embeddable":true,"href":"https:\/\/dimensionturistica.com\/es\/wp-json\/wp\/v2\/tags?post=1086700"}],"curies":[{"name":"wp","href":"https:\/\/api.w.org\/{rel}","templated":true}]}}